{"id":2498,"date":"2016-08-16T06:00:00","date_gmt":"2016-08-16T04:00:00","guid":{"rendered":"https:\/\/www.opinionpublica.tv\/portada\/2016\/08\/16\/efemerides-16-de-agosto\/"},"modified":"2016-08-16T06:00:00","modified_gmt":"2016-08-16T04:00:00","slug":"efemerides-16-de-agosto","status":"publish","type":"post","link":"https:\/\/www.opinionpublica.tv\/portada\/efemerides-16-de-agosto\/","title":{"rendered":"Efem\u00e9rides 16 de Agosto"},"content":{"rendered":"<img fetchpriority=\"high\" decoding=\"async\" class=\" size-full wp-image-2497\" src=\"https:\/\/www.opinionpublica.tv\/portada\/wp-content\/uploads\/2016\/08\/f0bcc225d09eca8b7d1e26f319e38493.jpg\" alt=\"\" class=\"caption\" title=\"San Roque, 1295 o 1348\/50 - 1317 o 1376\/79\" width=\"200\" height=\"418\" srcset=\"https:\/\/www.opinionpublica.tv\/portada\/wp-content\/uploads\/2016\/08\/f0bcc225d09eca8b7d1e26f319e38493.jpg 200w, https:\/\/www.opinionpublica.tv\/portada\/wp-content\/uploads\/2016\/08\/f0bcc225d09eca8b7d1e26f319e38493-144x300.jpg 144w\" sizes=\"(max-width: 200px) 100vw, 200px\" \/>\n<p style=\"text-align: justify;\">Es el 228.\u00ba (ducent\u00e9simo vigesimoctavo) d\u00eda del a\u00f1o en el calendario gregoriano y el 229.\u00ba en los a\u00f1os bisiestos. Quedan 137\u00a0d\u00edas para finalizar el a\u00f1o.<\/p>\n<p><!--more--><\/p>\n<h2 style=\"text-align: justify;\"><span id=\"Acontecimientos\" class=\"mw-headline\">Acontecimientos<\/span><\/h2>\n<ul style=\"text-align: justify;\">\n<li><a title=\"1097\" href=\"https:\/\/es.wikipedia.org\/wiki\/1097\">1097<\/a>: en <a title=\"Huesca\" href=\"https:\/\/es.wikipedia.org\/wiki\/Huesca\">Huesca<\/a> (<a title=\"Reino de Arag\u00f3n\" href=\"https:\/\/es.wikipedia.org\/wiki\/Reino_de_Arag%C3%B3n\">Reino de Arag\u00f3n<\/a>) el rey <a title=\"Pedro I de Arag\u00f3n\" href=\"https:\/\/es.wikipedia.org\/wiki\/Pedro_I_de_Arag%C3%B3n\">Pedro I de Arag\u00f3n<\/a> se casa con su segunda esposa, <a title=\"Berta de Arag\u00f3n\" href=\"https:\/\/es.wikipedia.org\/wiki\/Berta_de_Arag%C3%B3n\">Berta<\/a>.<\/li>\n<li><a title=\"1519\" href=\"https:\/\/es.wikipedia.org\/wiki\/1519\">1519<\/a>: en la actual <a title=\"M\u00e9xico\" href=\"https:\/\/es.wikipedia.org\/wiki\/M%C3%A9xico\">M\u00e9xico<\/a>, tras deshacerse de sus naves, el conquistador espa\u00f1ol <a title=\"Hern\u00e1n Cort\u00e9s\" href=\"https:\/\/es.wikipedia.org\/wiki\/Hern%C3%A1n_Cort%C3%A9s\">Hern\u00e1n Cort\u00e9s<\/a> se adentra con sus hombres en territorio azteca.<\/li>\n<li><a title=\"1570\" href=\"https:\/\/es.wikipedia.org\/wiki\/1570\">1570<\/a>: en las <a class=\"mw-redirect\" title=\"Colonias espa\u00f1olas de Am\u00e9rica\" href=\"https:\/\/es.wikipedia.org\/wiki\/Colonias_espa%C3%B1olas_de_Am%C3%A9rica\">colonias espa\u00f1olas de Am\u00e9rica<\/a> se establece la <a class=\"mw-redirect\" title=\"Inquisici\u00f3n cat\u00f3lica\" href=\"https:\/\/es.wikipedia.org\/wiki\/Inquisici%C3%B3n_cat%C3%B3lica\">Inquisici\u00f3n cat\u00f3lica<\/a>.<\/li>\n<li><a title=\"1748\" href=\"https:\/\/es.wikipedia.org\/wiki\/1748\">1748<\/a>: en <a title=\"Colombia\" href=\"https:\/\/es.wikipedia.org\/wiki\/Colombia\">Colombia<\/a>, <a class=\"new\" title=\"Jos\u00e9 L\u00e1zaro de Rivera (a\u00fan no redactado)\" href=\"https:\/\/es.wikipedia.org\/w\/index.php?title=Jos%C3%A9_L%C3%A1zaro_de_Rivera&amp;action=edit&amp;redlink=1\">Jos\u00e9 L\u00e1zaro de Rivera<\/a> funda la aldea de <a title=\"Aguachica\" href=\"https:\/\/es.wikipedia.org\/wiki\/Aguachica\">Aguachica<\/a>.<\/li>\n<li><a title=\"1773\" href=\"https:\/\/es.wikipedia.org\/wiki\/1773\">1773<\/a>: en Roma, el papa <a title=\"Clemente XIV\" href=\"https:\/\/es.wikipedia.org\/wiki\/Clemente_XIV\">Clemente XIV<\/a> disuelve la <a title=\"Compa\u00f1\u00eda de Jes\u00fas\" href=\"https:\/\/es.wikipedia.org\/wiki\/Compa%C3%B1%C3%ADa_de_Jes%C3%BAs\">Compa\u00f1\u00eda de Jes\u00fas<\/a> (jesuitas) en todo el mundo.<\/li>\n<li><a title=\"1808\" href=\"https:\/\/es.wikipedia.org\/wiki\/1808\">1808<\/a>: los <a title=\"Guerra de la Independencia Espa\u00f1ola\" href=\"https:\/\/es.wikipedia.org\/wiki\/Guerra_de_la_Independencia_Espa%C3%B1ola\">defensores<\/a> de <a title=\"Gerona\" href=\"https:\/\/es.wikipedia.org\/wiki\/Gerona\">Gerona<\/a>, sitiada por los franceses, obligan a los galos a retirarse al otro lado del <a title=\"R\u00edo Ter\" href=\"https:\/\/es.wikipedia.org\/wiki\/R%C3%ADo_Ter\">r\u00edo Ter<\/a>.<\/li>\n<li><a title=\"1812\" href=\"https:\/\/es.wikipedia.org\/wiki\/1812\">1812<\/a>: en la <a title=\"Plaza Mayor de Madrid\" href=\"https:\/\/es.wikipedia.org\/wiki\/Plaza_Mayor_de_Madrid\">Plaza Mayor de Madrid<\/a> (Espa\u00f1a) se proclama la <a title=\"Constituci\u00f3n\" href=\"https:\/\/es.wikipedia.org\/wiki\/Constituci%C3%B3n\">Constituci\u00f3n<\/a> promulgada por las <a title=\"Cortes de C\u00e1diz\" href=\"https:\/\/es.wikipedia.org\/wiki\/Cortes_de_C%C3%A1diz\">Cortes de C\u00e1diz<\/a>.<\/li>\n<li><a title=\"1841\" href=\"https:\/\/es.wikipedia.org\/wiki\/1841\">1841<\/a>: en la <a class=\"mw-redirect\" title=\"Provincia de San Juan\" href=\"https:\/\/es.wikipedia.org\/wiki\/Provincia_de_San_Juan\">provincia de San Juan<\/a> (<a title=\"Argentina\" href=\"https:\/\/es.wikipedia.org\/wiki\/Argentina\">Argentina<\/a>) se libra la <a title=\"Batalla de Angaco\" href=\"https:\/\/es.wikipedia.org\/wiki\/Batalla_de_Angaco\">batalla de Angaco<\/a>, la m\u00e1s sangrienta de las <a title=\"Guerras civiles argentinas\" href=\"https:\/\/es.wikipedia.org\/wiki\/Guerras_civiles_argentinas\">guerras civiles argentinas<\/a>.<\/li>\n<li><a title=\"1863\" href=\"https:\/\/es.wikipedia.org\/wiki\/1863\">1863<\/a>: <a title=\"Rep\u00fablica Dominicana\" href=\"https:\/\/es.wikipedia.org\/wiki\/Rep%C3%BAblica_Dominicana\">Rep\u00fablica Dominicana<\/a>: Inicia la <a title=\"Guerra de la Restauraci\u00f3n\" href=\"https:\/\/es.wikipedia.org\/wiki\/Guerra_de_la_Restauraci%C3%B3n\">Guerra de Restauraci\u00f3n<\/a>, con la que se proclama el retorno de la soberan\u00eda Dominicana frente a la anexi\u00f3n a Espa\u00f1a del <a title=\"18 de marzo\" href=\"https:\/\/es.wikipedia.org\/wiki\/18_de_marzo\">18 de marzo<\/a> de <a title=\"1861\" href=\"https:\/\/es.wikipedia.org\/wiki\/1861\">1861<\/a>. Concluye en <a title=\"1865\" href=\"https:\/\/es.wikipedia.org\/wiki\/1865\">1865<\/a>.<\/li>\n<li><a title=\"1866\" href=\"https:\/\/es.wikipedia.org\/wiki\/1866\">1866<\/a>: en <a title=\"Ostende\" href=\"https:\/\/es.wikipedia.org\/wiki\/Ostende\">Ostende<\/a>, los <a title=\"Partido Progresista (Espa\u00f1a)\" href=\"https:\/\/es.wikipedia.org\/wiki\/Partido_Progresista_(Espa%C3%B1a)\">progresistas<\/a> y <a title=\"Partido Democr\u00e1tico (Espa\u00f1a)\" href=\"https:\/\/es.wikipedia.org\/wiki\/Partido_Democr%C3%A1tico_(Espa%C3%B1a)\">dem\u00f3cratas<\/a> espa\u00f1oles en el exilio firman el <a title=\"Pacto de Ostende\" href=\"https:\/\/es.wikipedia.org\/wiki\/Pacto_de_Ostende\">pacto de Ostende<\/a>.<\/li>\n<li><a title=\"1868\" href=\"https:\/\/es.wikipedia.org\/wiki\/1868\">1868<\/a>: en el <a title=\"Volc\u00e1n Cotopaxi\" href=\"https:\/\/es.wikipedia.org\/wiki\/Volc%C3%A1n_Cotopaxi\">volc\u00e1n Cotopaxi<\/a> (<span class=\"plainlinks nourlexpansion\"><img decoding=\"async\" class=\"wmamapbutton noprint\" title=\"Mostrar el lugar en un mapa interactivo\" src=\"https:\/\/upload.wikimedia.org\/wikipedia\/commons\/thumb\/9\/9a\/Erioll_world.svg\/15px-Erioll_world.svg.png\" alt=\"\" \/><a class=\"external text\" href=\"http:\/\/tools.wmflabs.org\/geohack\/geohack.php?language=es&amp;pagename=16_de_agosto&amp;params=0.31_N_-78.18_E_\"><span class=\"geo-default\"><span class=\"geo-dec\" title=\"Mapas, fotos y otros datos de 0.31 -78.18\"><span class=\"geo\"><span class=\"latitude\">0.31,<\/span> <span class=\"longitude\">-78.18<\/span><\/span><\/span><\/span><\/a><\/span>, en <a title=\"Ecuador\" href=\"https:\/\/es.wikipedia.org\/wiki\/Ecuador\">Ecuador<\/a>) un terremoto de magnitud 7,7 en la <a title=\"Escala sismol\u00f3gica de Richter\" href=\"https:\/\/es.wikipedia.org\/wiki\/Escala_sismol%C3%B3gica_de_Richter\">escala sismol\u00f3gica de Richter<\/a> destruye las localidades de <a title=\"Ibarra (Ecuador)\" href=\"https:\/\/es.wikipedia.org\/wiki\/Ibarra_(Ecuador)\">Ibarra<\/a>y <a title=\"Otavalo\" href=\"https:\/\/es.wikipedia.org\/wiki\/Otavalo\">Otavalo<\/a> y deja unas 20\u00a0000\u00a0v\u00edctimas.<\/li>\n<li><a title=\"1869\" href=\"https:\/\/es.wikipedia.org\/wiki\/1869\">1869<\/a>: en <a title=\"Eusebio Ayala (Paraguay)\" href=\"https:\/\/es.wikipedia.org\/wiki\/Eusebio_Ayala_(Paraguay)\">Eusebio Ayala<\/a> (Paraguay) \u2015en el marco de la <a title=\"Guerra de la Triple Alianza\" href=\"https:\/\/es.wikipedia.org\/wiki\/Guerra_de_la_Triple_Alianza\">Guerra de la Triple Alianza<\/a> (1864-1870)\u2015, los brasile\u00f1os deg\u00fcellan a 3500\u00a0ni\u00f1os soldados de 9 a 15\u00a0a\u00f1os en la <a class=\"mw-redirect\" title=\"Masacre de Acosta \u00d1u\" href=\"https:\/\/es.wikipedia.org\/wiki\/Masacre_de_Acosta_%C3%91u\">masacre de Acosta \u00d1u<\/a>. En este d\u00eda se celebra en ese pa\u00eds el <a title=\"D\u00eda del Ni\u00f1o\" href=\"https:\/\/es.wikipedia.org\/wiki\/D%C3%ADa_del_Ni%C3%B1o\">D\u00eda del Ni\u00f1o<\/a>.<\/li>\n<li><a title=\"1885\" href=\"https:\/\/es.wikipedia.org\/wiki\/1885\">1885<\/a>: es descubierto el asteroide <a title=\"(249) Ilse\" href=\"https:\/\/es.wikipedia.org\/wiki\/(249)_Ilse\">(249) Ilse<\/a>.<\/li>\n<li><a title=\"1896\" href=\"https:\/\/es.wikipedia.org\/wiki\/1896\">1896<\/a>: se recibe en Espa\u00f1a la primera noticia de la nueva insurrecci\u00f3n en <a title=\"Filipinas\" href=\"https:\/\/es.wikipedia.org\/wiki\/Filipinas\">Filipinas<\/a>, que termin\u00f3 con la invasi\u00f3n espa\u00f1ola en aquellas islas.<\/li>\n<li><a title=\"1898\" href=\"https:\/\/es.wikipedia.org\/wiki\/1898\">1898<\/a>: en Espa\u00f1a, <a title=\"Francisco Silvela\" href=\"https:\/\/es.wikipedia.org\/wiki\/Francisco_Silvela\">Francisco Silvela<\/a> publica su art\u00edculo \u00abSin pulso\u00bb, que inicia la llamada \u00abLiteratura del desastre\u00bb.<\/li>\n<li><a title=\"1906\" href=\"https:\/\/es.wikipedia.org\/wiki\/1906\">1906<\/a>: en <a title=\"Valpara\u00edso\" href=\"https:\/\/es.wikipedia.org\/wiki\/Valpara%C3%ADso\">Valpara\u00edso<\/a> (Chile) un fuerte terremoto asola parte de la costa chilena y destruye parcialmente la ciudad.<\/li>\n<li><a title=\"1907\" href=\"https:\/\/es.wikipedia.org\/wiki\/1907\">1907<\/a>: en <a title=\"Marruecos\" href=\"https:\/\/es.wikipedia.org\/wiki\/Marruecos\">Marruecos<\/a>, <a title=\"Abd al-Aziz de Marruecos\" href=\"https:\/\/es.wikipedia.org\/wiki\/Abd_al-Aziz_de_Marruecos\">Muley Abdelaziz<\/a> es proclamado <a title=\"Sult\u00e1n\" href=\"https:\/\/es.wikipedia.org\/wiki\/Sult%C3%A1n\">sult\u00e1n<\/a>.<\/li>\n<li><a title=\"1910\" href=\"https:\/\/es.wikipedia.org\/wiki\/1910\">1910<\/a>: fallece el presidente de la Rep\u00fablica de Chile, <a class=\"mw-redirect\" title=\"Pedro Montt Montt\" href=\"https:\/\/es.wikipedia.org\/wiki\/Pedro_Montt_Montt\">Pedro Montt Montt<\/a>.<\/li>\n<li><a title=\"1913\" href=\"https:\/\/es.wikipedia.org\/wiki\/1913\">1913<\/a>: la firma automovil\u00edstica <a title=\"Ford Motor Company\" href=\"https:\/\/es.wikipedia.org\/wiki\/Ford_Motor_Company\">Ford Motor Company<\/a> realiza los primeros ensayos para instalar una cadena de montaje que permitir\u00e1 multiplicar por cuatro la producci\u00f3n.<\/li>\n<li><a title=\"1916\" href=\"https:\/\/es.wikipedia.org\/wiki\/1916\">1916<\/a>: el ej\u00e9rcito serbio, reorganizado en <a title=\"Corf\u00fa\" href=\"https:\/\/es.wikipedia.org\/wiki\/Corf%C3%BA\">Corf\u00fa<\/a> (Grecia), entra en guerra contra Alemania.<\/li>\n<li><a title=\"1917\" href=\"https:\/\/es.wikipedia.org\/wiki\/1917\">1917<\/a>: <a title=\"Estados Unidos\" href=\"https:\/\/es.wikipedia.org\/wiki\/Estados_Unidos\">Estados Unidos<\/a>: se consigue en <a class=\"mw-redirect\" title=\"Virginia (Estados Unidos)\" href=\"https:\/\/es.wikipedia.org\/wiki\/Virginia_(Estados_Unidos)\">Virginia<\/a> la primera comunicaci\u00f3n inal\u00e1mbrica y radiof\u00f3nica entre un avi\u00f3n y la estaci\u00f3n en tierra, as\u00ed como entre dos aviones.<\/li>\n<li><a title=\"1918\" href=\"https:\/\/es.wikipedia.org\/wiki\/1918\">1918<\/a>: en <a title=\"Espa\u00f1a\" href=\"https:\/\/es.wikipedia.org\/wiki\/Espa%C3%B1a\">Espa\u00f1a<\/a> se declara <a class=\"mw-redirect\" title=\"Anexo:Espacios naturales de Espa\u00f1a\" href=\"https:\/\/es.wikipedia.org\/wiki\/Anexo:Espacios_naturales_de_Espa%C3%B1a#Parques_nacionales\">Parque Nacional<\/a> al valle de <a title=\"Parque nacional de Ordesa y Monte Perdido\" href=\"https:\/\/es.wikipedia.org\/wiki\/Parque_nacional_de_Ordesa_y_Monte_Perdido\">Ordesa<\/a>, en el <a title=\"Pirineos\" href=\"https:\/\/es.wikipedia.org\/wiki\/Pirineos\">Pirineo<\/a> <a title=\"Provincia de Huesca\" href=\"https:\/\/es.wikipedia.org\/wiki\/Provincia_de_Huesca\">oscense<\/a>.<\/li>\n<li><a title=\"1921\" href=\"https:\/\/es.wikipedia.org\/wiki\/1921\">1921<\/a>: tras la muerte del rey <a title=\"Pedro I de Serbia\" href=\"https:\/\/es.wikipedia.org\/wiki\/Pedro_I_de_Serbia\">Pedro I Karageorgevich<\/a>, asciende al trono de <a title=\"Yugoslavia\" href=\"https:\/\/es.wikipedia.org\/wiki\/Yugoslavia\">Yugoslavia<\/a> <a title=\"Alejandro I de Yugoslavia\" href=\"https:\/\/es.wikipedia.org\/wiki\/Alejandro_I_de_Yugoslavia\">Alejandro I<\/a>.<\/li>\n<li><a title=\"1925\" href=\"https:\/\/es.wikipedia.org\/wiki\/1925\">1925<\/a>: se estrena <i><a title=\"La quimera del oro\" href=\"https:\/\/es.wikipedia.org\/wiki\/La_quimera_del_oro\">La quimera del oro<\/a><\/i> en <a title=\"Nueva York\" href=\"https:\/\/es.wikipedia.org\/wiki\/Nueva_York\">Nueva York<\/a>, primer largometraje de <a title=\"Charles Chaplin\" href=\"https:\/\/es.wikipedia.org\/wiki\/Charles_Chaplin\">Charles Chaplin<\/a>.<\/li>\n<li><a title=\"1927\" href=\"https:\/\/es.wikipedia.org\/wiki\/1927\">1927<\/a>: se firma el acuerdo <a title=\"Espa\u00f1a\" href=\"https:\/\/es.wikipedia.org\/wiki\/Espa%C3%B1a\">hispano<\/a>&#8211;<a title=\"Portugal\" href=\"https:\/\/es.wikipedia.org\/wiki\/Portugal\">luso<\/a> por el que se fijan las condiciones de aprovechamiento hidroel\u00e9ctrico del r\u00edo <a title=\"Duero\" href=\"https:\/\/es.wikipedia.org\/wiki\/Duero\">Duero<\/a> que culminar\u00e1 con la construcci\u00f3n de los <a title=\"Saltos del Duero\" href=\"https:\/\/es.wikipedia.org\/wiki\/Saltos_del_Duero\">Saltos del Duero<\/a>.<\/li>\n<li><a title=\"1928\" href=\"https:\/\/es.wikipedia.org\/wiki\/1928\">1928<\/a>: la ley de Defensa Nacional sovi\u00e9tica introduce el servicio militar obligatorio.<\/li>\n<li><a title=\"1929\" href=\"https:\/\/es.wikipedia.org\/wiki\/1929\">1929<\/a>: se producen violentos combates en Manchuria entre tropas chinas y sovi\u00e9ticas.<\/li>\n<li><a title=\"1930\" href=\"https:\/\/es.wikipedia.org\/wiki\/1930\">1930<\/a>: en <a title=\"Rep\u00fablica Dominicana\" href=\"https:\/\/es.wikipedia.org\/wiki\/Rep%C3%BAblica_Dominicana\">Rep\u00fablica Dominicana<\/a> llega al poder el general <a title=\"Rafael Le\u00f3nidas Trujillo\" href=\"https:\/\/es.wikipedia.org\/wiki\/Rafael_Le%C3%B3nidas_Trujillo\">Rafael Le\u00f3nidas Trujillo<\/a>, iniciando una dictadura de 31 a\u00f1os (1930-1961).<\/li>\n<li><a title=\"1932\" href=\"https:\/\/es.wikipedia.org\/wiki\/1932\">1932<\/a>: <a title=\"Estados Unidos\" href=\"https:\/\/es.wikipedia.org\/wiki\/Estados_Unidos\">Estados Unidos<\/a>: empieza a funcionar la emisora de televisi\u00f3n <a title=\"Nueva York\" href=\"https:\/\/es.wikipedia.org\/wiki\/Nueva_York\">neoyorquina<\/a> <a title=\"CBS\" href=\"https:\/\/es.wikipedia.org\/wiki\/CBS\">CBS<\/a>, que difunde la primera serie del mundo \u00abRevista Mundial\u00bb.<\/li>\n<li><a title=\"1936\" href=\"https:\/\/es.wikipedia.org\/wiki\/1936\">1936<\/a>: las fuerzas republicanas desembarcan en <a title=\"Mallorca\" href=\"https:\/\/es.wikipedia.org\/wiki\/Mallorca\">Mallorca<\/a>.<\/li>\n<li><a title=\"1942\" href=\"https:\/\/es.wikipedia.org\/wiki\/1942\">1942<\/a>: un joven falangista lanza una bomba durante unos funerales carlistas celebrados en el santuario de la <a class=\"mw-redirect\" title=\"Virgen de Bego\u00f1a\" href=\"https:\/\/es.wikipedia.org\/wiki\/Virgen_de_Bego%C3%B1a\">Virgen de Bego\u00f1a<\/a> (<a title=\"Vizcaya\" href=\"https:\/\/es.wikipedia.org\/wiki\/Vizcaya\">Vizcaya<\/a>), a los que asiste el general Varela.<\/li>\n<li><a title=\"1943\" href=\"https:\/\/es.wikipedia.org\/wiki\/1943\">1943<\/a>: en <a title=\"Bia\u0142ystok\" href=\"https:\/\/es.wikipedia.org\/wiki\/Bia%C5%82ystok\">Bia\u0142ystok<\/a> (<a title=\"Polonia\" href=\"https:\/\/es.wikipedia.org\/wiki\/Polonia\">Polonia<\/a>): se produce una revuelta en el gueto jud\u00edo de esta ciudad.<\/li>\n<li><a title=\"1945\" href=\"https:\/\/es.wikipedia.org\/wiki\/1945\">1945<\/a>: la URSS y Polonia firman un tratado sobre la forma y reparto de las reparaciones de guerra alemanas.<\/li>\n<li>1945: en Estados Unidos, <a title=\"Dean Acheson\" href=\"https:\/\/es.wikipedia.org\/wiki\/Dean_Acheson\">Dean Acheson<\/a> es nombrado nuevo secretario de Estado para Asuntos Exteriores.<\/li>\n<li><a title=\"1946\" href=\"https:\/\/es.wikipedia.org\/wiki\/1946\">1946<\/a>: en Espa\u00f1a, el ciclista <a title=\"Juli\u00e1n Berrendero\" href=\"https:\/\/es.wikipedia.org\/wiki\/Juli%C3%A1n_Berrendero\">Juli\u00e1n Berrendero<\/a> vence en la XXVI Vuelta a Catalu\u00f1a.<\/li>\n<li><a title=\"1947\" href=\"https:\/\/es.wikipedia.org\/wiki\/1947\">1947<\/a>: <a title=\"India\" href=\"https:\/\/es.wikipedia.org\/wiki\/India\">India<\/a> y <a title=\"Pakist\u00e1n\" href=\"https:\/\/es.wikipedia.org\/wiki\/Pakist%C3%A1n\">Pakist\u00e1n<\/a> se independizan del <a title=\"Reino Unido\" href=\"https:\/\/es.wikipedia.org\/wiki\/Reino_Unido\">imperio brit\u00e1nico<\/a>, que les concede el estatuto de Estados Independientes Asociados a la <a title=\"Commonwealth\" href=\"https:\/\/es.wikipedia.org\/wiki\/Commonwealth\">Commonwealth<\/a>.<\/li>\n<li><a title=\"1949\" href=\"https:\/\/es.wikipedia.org\/wiki\/1949\">1949<\/a>: en <a title=\"Ecuador\" href=\"https:\/\/es.wikipedia.org\/wiki\/Ecuador\">Ecuador<\/a>, un terremoto deja un saldo de 3000\u00a0v\u00edctimas.<\/li>\n<li>1949: en <a title=\"Santiago de Chile\" href=\"https:\/\/es.wikipedia.org\/wiki\/Santiago_de_Chile\">Santiago de Chile<\/a>, los carabineros reprimen una manifestaci\u00f3n entre el 16 y 17 de agosto \u2015con motivo del alza del valor del transporte colectivo en 20 centavos de peso (una \u00abchaucha\u00bb)\u2015 dejando un saldo de varios muertos. (<a class=\"mw-redirect\" title=\"Revuelta de la Chaucha\" href=\"https:\/\/es.wikipedia.org\/wiki\/Revuelta_de_la_Chaucha\">Revuelta de la Chaucha<\/a>).<\/li>\n<li><a title=\"1950\" href=\"https:\/\/es.wikipedia.org\/wiki\/1950\">1950<\/a>: el mariscal Tito insiste en el no alineamiento de Yugoslavia en los bloques pol\u00edticos constituidos.<\/li>\n<li><a title=\"1953\" href=\"https:\/\/es.wikipedia.org\/wiki\/1953\">1953<\/a>: Federico Ch\u00e1vez, presidente de la Rep\u00fablica de Paraguay, presta juramento del cargo.<\/li>\n<li><a title=\"1954\" href=\"https:\/\/es.wikipedia.org\/wiki\/1954\">1954<\/a>: en las islas Canarias, <a title=\"Tenerife\" href=\"https:\/\/es.wikipedia.org\/wiki\/Tenerife\">Tenerife<\/a> es invadida por una <a class=\"mw-redirect\" title=\"Nube de langostas\" href=\"https:\/\/es.wikipedia.org\/wiki\/Nube_de_langostas\">nube de langostas<\/a>.<\/li>\n<li><a title=\"1960\" href=\"https:\/\/es.wikipedia.org\/wiki\/1960\">1960<\/a>: <a title=\"Chipre\" href=\"https:\/\/es.wikipedia.org\/wiki\/Chipre\">Chipre<\/a> se independiza del <a title=\"Imperio brit\u00e1nico\" href=\"https:\/\/es.wikipedia.org\/wiki\/Imperio_brit%C3%A1nico\">Imperio brit\u00e1nico<\/a>.<\/li>\n<li><a title=\"1962\" href=\"https:\/\/es.wikipedia.org\/wiki\/1962\">1962<\/a>: <a title=\"Argelia\" href=\"https:\/\/es.wikipedia.org\/wiki\/Argelia\">Argelia<\/a> se convierte en miembro de la Liga \u00c1rabe.<\/li>\n<li><a title=\"1963\" href=\"https:\/\/es.wikipedia.org\/wiki\/1963\">1963<\/a>: Estados Unidos extradita a <a title=\"Venezuela\" href=\"https:\/\/es.wikipedia.org\/wiki\/Venezuela\">Venezuela<\/a> al expresidente <a title=\"Marcos P\u00e9rez Jim\u00e9nez\" href=\"https:\/\/es.wikipedia.org\/wiki\/Marcos_P%C3%A9rez_Jim%C3%A9nez\">Marcos P\u00e9rez Jim\u00e9nez<\/a>.<\/li>\n<li><a title=\"1965\" href=\"https:\/\/es.wikipedia.org\/wiki\/1965\">1965<\/a>: un accidente del tren correo de <a title=\"Almer\u00eda\" href=\"https:\/\/es.wikipedia.org\/wiki\/Almer%C3%ADa\">Almer\u00eda<\/a> causa 10 muertos y 53\u00a0heridos.<\/li>\n<li><a title=\"1966\" href=\"https:\/\/es.wikipedia.org\/wiki\/1966\">1966<\/a>: en <a title=\"Houston\" href=\"https:\/\/es.wikipedia.org\/wiki\/Houston\">Houston<\/a> (Texas), el cardiocirujano estadounidense <a class=\"new\" title=\"Michael De Backey (a\u00fan no redactado)\" href=\"https:\/\/es.wikipedia.org\/w\/index.php?title=Michael_De_Backey&amp;action=edit&amp;redlink=1\">Michael De Backey<\/a> instala provisionalmente una aur\u00edcula izquierda artificial a una mujer de 37 a\u00f1os. La pr\u00f3tesis ser\u00e1 retirada dos d\u00edas despu\u00e9s.<\/li>\n<li>1966: la recuperaci\u00f3n de la <a title=\"Incidente de Palomares\" href=\"https:\/\/es.wikipedia.org\/wiki\/Incidente_de_Palomares\">bomba de hidr\u00f3geno ca\u00edda al mar en Almer\u00eda<\/a> cost\u00f3 320 millones de pesetas.<\/li>\n<li><a title=\"1968\" href=\"https:\/\/es.wikipedia.org\/wiki\/1968\">1968<\/a>: el obispado de Bilbao es ocupado por 40 sacerdotes, en protesta por la detenci\u00f3n de eclesi\u00e1sticos en el Pa\u00eds Vasco.<\/li>\n<li><a title=\"1969\" href=\"https:\/\/es.wikipedia.org\/wiki\/1969\">1969<\/a>: <a title=\"Varahagiri Venkata Giri\" href=\"https:\/\/es.wikipedia.org\/wiki\/Varahagiri_Venkata_Giri\">Varahagiri Venkata Giri<\/a> es elegido jefe de Estado de la India con el apoyo de la primera ministra <a title=\"Indira Gandhi\" href=\"https:\/\/es.wikipedia.org\/wiki\/Indira_Gandhi\">Indira Gandhi<\/a>.<\/li>\n<li><a title=\"1971\" href=\"https:\/\/es.wikipedia.org\/wiki\/1971\">1971<\/a>: quedan cerrados todos los mercados de divisas europeos al conocerse la noticia de las medidas econ\u00f3micas y monetarias adoptadas por EE. UU.<\/li>\n<li>1971: en <a title=\"Santander (Espa\u00f1a)\" href=\"https:\/\/es.wikipedia.org\/wiki\/Santander_(Espa%C3%B1a)\">Santander (Espa\u00f1a)<\/a>, un grave incendio causa p\u00e9rdidas por 170\u00a0millones de pesetas.<\/li>\n<li><a title=\"1972\" href=\"https:\/\/es.wikipedia.org\/wiki\/1972\">1972<\/a>: el rey de Marruecos Hassan II resulta ileso en un atentado perpetrado por un sector de las fuerzas a\u00e9reas de su pa\u00eds.<\/li>\n<li>1972: el grupo de hard rock <a title=\"Deep Purple\" href=\"https:\/\/es.wikipedia.org\/wiki\/Deep_Purple\">Deep Purple<\/a> da un concierto en Osaka del que saldr\u00eda la mayor parte de su reconocido disco en directo <i><a title=\"Made in Japan\" href=\"https:\/\/es.wikipedia.org\/wiki\/Made_in_Japan\">Made in Japan<\/a><\/i>.<\/li>\n<li><a title=\"1974\" href=\"https:\/\/es.wikipedia.org\/wiki\/1974\">1974<\/a>: el emperador et\u00edope <a title=\"Haile Selassie\" href=\"https:\/\/es.wikipedia.org\/wiki\/Haile_Selassie\">Haile Selassie<\/a> pierde sus \u00faltimos poderes tras la disoluci\u00f3n del Consejo de la Corona.<\/li>\n<li>1974: en Espa\u00f1a 30.000 turistas brit\u00e1nicos se ven afectados por la quiebra de la compa\u00f1\u00eda brit\u00e1nica Court Line.<\/li>\n<li><a title=\"1978\" href=\"https:\/\/es.wikipedia.org\/wiki\/1978\">1978<\/a>: en <a title=\"Rep\u00fablica Dominicana\" href=\"https:\/\/es.wikipedia.org\/wiki\/Rep%C3%BAblica_Dominicana\">Rep\u00fablica Dominicana<\/a>, <a title=\"Antonio Guzm\u00e1n\" href=\"https:\/\/es.wikipedia.org\/wiki\/Antonio_Guzm%C3%A1n\">Antonio Guzm\u00e1n<\/a> asume la presidencia tras poner fin los Doce A\u00f1os del Gobierno de <a title=\"Joaqu\u00edn Balaguer\" href=\"https:\/\/es.wikipedia.org\/wiki\/Joaqu%C3%ADn_Balaguer\">Joaqu\u00edn Balaguer<\/a>.<\/li>\n<li><a title=\"1980\" href=\"https:\/\/es.wikipedia.org\/wiki\/1980\">1980<\/a>: en <a title=\"Pontevedra\" href=\"https:\/\/es.wikipedia.org\/wiki\/Pontevedra\">Pontevedra<\/a>, una explosi\u00f3n de gas en un hotel causa 26 heridos.<\/li>\n<li><a title=\"1981\" href=\"https:\/\/es.wikipedia.org\/wiki\/1981\">1981<\/a>: Mosc\u00fa concede una moratoria a Polonia para los cr\u00e9ditos de cuatro millones de d\u00f3lares hasta el a\u00f1o 1985.<\/li>\n<li>1981: fuerzas de la oposici\u00f3n iran\u00ed apresan una lancha r\u00e1pida, suministrada por Francia a Ir\u00e1n, y la declaran \u00absede del Gobierno nacional\u00bb.<\/li>\n<li>1981: <a class=\"mw-redirect\" title=\"Peter Carington, 6.\u00ba bar\u00f3n Carrington\" href=\"https:\/\/es.wikipedia.org\/wiki\/Peter_Carington,_6.%C2%BA_bar%C3%B3n_Carrington\">Lord Carrington<\/a> llega a Espa\u00f1a para mantener conversaciones sobre <a title=\"Gibraltar\" href=\"https:\/\/es.wikipedia.org\/wiki\/Gibraltar\">Gibraltar<\/a> (invadida por Reino Unido).<\/li>\n<li><a title=\"1982\" href=\"https:\/\/es.wikipedia.org\/wiki\/1982\">1982<\/a>: <a title=\"Estatuto de Autonom\u00eda\" href=\"https:\/\/es.wikipedia.org\/wiki\/Estatuto_de_Autonom%C3%ADa\">Estatuto de Autonom\u00eda<\/a> de <a title=\"Castilla-La Mancha\" href=\"https:\/\/es.wikipedia.org\/wiki\/Castilla-La_Mancha\">Castilla-La Mancha<\/a>.<\/li>\n<li>1982: se crea el primer <a title=\"Disco compacto\" href=\"https:\/\/es.wikipedia.org\/wiki\/Disco_compacto\">CD<\/a> (disco compacto).<\/li>\n<li>1982: en <a title=\"Rep\u00fablica Dominicana\" href=\"https:\/\/es.wikipedia.org\/wiki\/Rep%C3%BAblica_Dominicana\">Rep\u00fablica Dominicana<\/a>, <a title=\"Salvador Jorge Blanco\" href=\"https:\/\/es.wikipedia.org\/wiki\/Salvador_Jorge_Blanco\">Salvador Jorge Blanco<\/a> asume la presidencia.<\/li>\n<li><a title=\"1985\" href=\"https:\/\/es.wikipedia.org\/wiki\/1985\">1985<\/a>: en <a title=\"Barcelona\" href=\"https:\/\/es.wikipedia.org\/wiki\/Barcelona\">Barcelona<\/a> (Catalu\u00f1a) la central del <a title=\"Banco Hispano Americano\" href=\"https:\/\/es.wikipedia.org\/wiki\/Banco_Hispano_Americano\">Banco Hispano Americano<\/a> es robada mediante el procedimiento del butr\u00f3n (agujero en paredes o suelos). Los ladrones se llevan un bot\u00edn de m\u00e1s de 1000 millones de <a title=\"Peseta\" href=\"https:\/\/es.wikipedia.org\/wiki\/Peseta\">pesetas<\/a>.<\/li>\n<li><a title=\"1986\" href=\"https:\/\/es.wikipedia.org\/wiki\/1986\">1986<\/a>: en Banglad\u00e9s se hunde un <a class=\"mw-redirect\" title=\"Transbordador (barco)\" href=\"https:\/\/es.wikipedia.org\/wiki\/Transbordador_(barco)\">transbordador<\/a>; desaparecen 500\u00a0personas.<\/li>\n<li>1986: en <a title=\"Rep\u00fablica Dominicana\" href=\"https:\/\/es.wikipedia.org\/wiki\/Rep%C3%BAblica_Dominicana\">Rep\u00fablica Dominicana<\/a>, <a title=\"Joaqu\u00edn Balaguer\" href=\"https:\/\/es.wikipedia.org\/wiki\/Joaqu%C3%ADn_Balaguer\">Joaqu\u00edn Balaguer<\/a> asume la presidencia por cuarta vez.<\/li>\n<li><a title=\"1987\" href=\"https:\/\/es.wikipedia.org\/wiki\/1987\">1987<\/a>: en <a title=\"Detroit\" href=\"https:\/\/es.wikipedia.org\/wiki\/Detroit\">Detroit<\/a> (Estados Unidos) mueren 153 personas al estrellarse un avi\u00f3n comercial estadounidense.<\/li>\n<li>1987: el Gobierno de <a title=\"Ir\u00e1n\" href=\"https:\/\/es.wikipedia.org\/wiki\/Ir%C3%A1n\">Ir\u00e1n<\/a> amenaza con sembrar de <a class=\"mw-redirect\" title=\"Mina explosiva\" href=\"https:\/\/es.wikipedia.org\/wiki\/Mina_explosiva\">minas<\/a> el <a title=\"Golfo P\u00e9rsico\" href=\"https:\/\/es.wikipedia.org\/wiki\/Golfo_P%C3%A9rsico\">golfo P\u00e9rsico<\/a>.<\/li>\n<li><a title=\"1989\" href=\"https:\/\/es.wikipedia.org\/wiki\/1989\">1989<\/a>: en <a title=\"Nicaragua\" href=\"https:\/\/es.wikipedia.org\/wiki\/Nicaragua\">Nicaragua<\/a>, el presidente <a title=\"Daniel Ortega\" href=\"https:\/\/es.wikipedia.org\/wiki\/Daniel_Ortega\">Daniel Ortega<\/a> inicia el proceso de excarcelaci\u00f3n de 1200 \u00ab<a class=\"mw-redirect\" title=\"Contra (Nicaragua)\" href=\"https:\/\/es.wikipedia.org\/wiki\/Contra_(Nicaragua)\">contras<\/a>\u00bb.<\/li>\n<li>1989: en Europa, miles de personas hacen vigilia para ver el <a class=\"mw-redirect\" title=\"Eclipse total de Luna\" href=\"https:\/\/es.wikipedia.org\/wiki\/Eclipse_total_de_Luna\">eclipse total de Luna<\/a>, que se prolong\u00f3 por espacio de 3\u00a0horas y 35\u00a0minutos.<\/li>\n<li><a title=\"1990\" href=\"https:\/\/es.wikipedia.org\/wiki\/1990\">1990<\/a>: en <a title=\"Rep\u00fablica Dominicana\" href=\"https:\/\/es.wikipedia.org\/wiki\/Rep%C3%BAblica_Dominicana\">Rep\u00fablica Dominicana<\/a>, Balaguer asume la presidencia por quinta vez.<\/li>\n<li><a title=\"1992\" href=\"https:\/\/es.wikipedia.org\/wiki\/1992\">1992<\/a>: el automovilista brit\u00e1nico <a title=\"Nigel Mansell\" href=\"https:\/\/es.wikipedia.org\/wiki\/Nigel_Mansell\">Nigel Mansell<\/a> se proclama nuevo campe\u00f3n del mundo de <a title=\"F\u00f3rmula 1\" href=\"https:\/\/es.wikipedia.org\/wiki\/F%C3%B3rmula_1\">F\u00f3rmula\u00a01<\/a>.<\/li>\n<li><a title=\"1993\" href=\"https:\/\/es.wikipedia.org\/wiki\/1993\">1993<\/a>: en <a title=\"Estados Unidos\" href=\"https:\/\/es.wikipedia.org\/wiki\/Estados_Unidos\">Estados Unidos<\/a>, <a title=\"Ian Murdock\" href=\"https:\/\/es.wikipedia.org\/wiki\/Ian_Murdock\">Ian Murdock<\/a> anuncia, mediante un correo electr\u00f3nico, la <a class=\"mw-redirect\" title=\"Distribci\u00f3n GNU\/Linux\" href=\"https:\/\/es.wikipedia.org\/wiki\/Distribci%C3%B3n_GNU\/Linux\">distribuci\u00f3n Linux<\/a> del proyecto <a title=\"Debian\" href=\"https:\/\/es.wikipedia.org\/wiki\/Debian\">Debian<\/a>.<\/li>\n<li><a title=\"1994\" href=\"https:\/\/es.wikipedia.org\/wiki\/1994\">1994<\/a>: en <a title=\"Sri Lanka\" href=\"https:\/\/es.wikipedia.org\/wiki\/Sri_Lanka\">Sri Lanka<\/a>, la coalici\u00f3n socialista en la oposici\u00f3n gana las elecciones legislativas.<\/li>\n<li>1994: en <a title=\"Rep\u00fablica Dominicana\" href=\"https:\/\/es.wikipedia.org\/wiki\/Rep%C3%BAblica_Dominicana\">Rep\u00fablica Dominicana<\/a>, Balaguer asume la presidencia por sexta y \u00faltima vez.<\/li>\n<li><a title=\"1995\" href=\"https:\/\/es.wikipedia.org\/wiki\/1995\">1995<\/a>: en <a title=\"Colombia\" href=\"https:\/\/es.wikipedia.org\/wiki\/Colombia\">Colombia<\/a>, el presidente <a title=\"Ernesto Samper\" href=\"https:\/\/es.wikipedia.org\/wiki\/Ernesto_Samper\">Ernesto Samper<\/a> decreta el estado de emergencia para combatir la crisis social y de emergencia existentes en el pa\u00eds.<\/li>\n<li><a title=\"1996\" href=\"https:\/\/es.wikipedia.org\/wiki\/1996\">1996<\/a>: en <a title=\"Rep\u00fablica Dominicana\" href=\"https:\/\/es.wikipedia.org\/wiki\/Rep%C3%BAblica_Dominicana\">Rep\u00fablica Dominicana<\/a>, <a title=\"Leonel Fern\u00e1ndez\" href=\"https:\/\/es.wikipedia.org\/wiki\/Leonel_Fern%C3%A1ndez\">Leonel Fern\u00e1ndez<\/a> toma posesi\u00f3n como presidente.<\/li>\n<li><a title=\"1997\" href=\"https:\/\/es.wikipedia.org\/wiki\/1997\">1997<\/a>: en Nueva York, la bolsa cae 147 puntos; es la segunda mayor ca\u00edda de su historia.<\/li>\n<li><a title=\"1998\" href=\"https:\/\/es.wikipedia.org\/wiki\/1998\">1998<\/a>: en <a title=\"Omagh\" href=\"https:\/\/es.wikipedia.org\/wiki\/Omagh\">Omagh<\/a> (<a title=\"Irlanda del Norte\" href=\"https:\/\/es.wikipedia.org\/wiki\/Irlanda_del_Norte\">Irlanda del Norte<\/a>) estalla un coche-bomba, dejando un total de 29\u00a0muertos y 200\u00a0heridos.<\/li>\n<li>1998: el ej\u00e9rcito <a title=\"Serbia\" href=\"https:\/\/es.wikipedia.org\/wiki\/Serbia\">serbio<\/a> conquista el \u00faltimo foco de resistencia <a class=\"mw-redirect\" title=\"Kosovar\" href=\"https:\/\/es.wikipedia.org\/wiki\/Kosovar\">kosovar<\/a>.<\/li>\n<li>1998: en <a class=\"mw-redirect\" title=\"Washington DC\" href=\"https:\/\/es.wikipedia.org\/wiki\/Washington_DC\">Washington DC<\/a>, el presidente Bill Clinton admite ante un jurado su relaci\u00f3n con <a class=\"mw-redirect\" title=\"M\u00f3nica Lewinsky\" href=\"https:\/\/es.wikipedia.org\/wiki\/M%C3%B3nica_Lewinsky\">M\u00f3nica Lewinsky<\/a>.<\/li>\n<li>1998: en <a title=\"Costa Rica\" href=\"https:\/\/es.wikipedia.org\/wiki\/Costa_Rica\">Costa Rica<\/a> se funda el club <a title=\"Municipal Grecia\" href=\"https:\/\/es.wikipedia.org\/wiki\/Municipal_Grecia\">Municipal Grecia<\/a>.<\/li>\n<li><a title=\"1999\" href=\"https:\/\/es.wikipedia.org\/wiki\/1999\">1999<\/a>: en el <a title=\"L\u00edbano\" href=\"https:\/\/es.wikipedia.org\/wiki\/L%C3%ADbano\">L\u00edbano<\/a> muere asesinado el jefe de <a title=\"Hezbol\u00e1\" href=\"https:\/\/es.wikipedia.org\/wiki\/Hezbol%C3%A1\">Hezbol\u00e1<\/a>.<\/li>\n<li><a title=\"2000\" href=\"https:\/\/es.wikipedia.org\/wiki\/2000\">2000<\/a>: en Estados Unidos se aprueba la clonaci\u00f3n de embriones humanos con fines m\u00e9dicos.<\/li>\n<li>2000: en <a title=\"Rep\u00fablica Dominicana\" href=\"https:\/\/es.wikipedia.org\/wiki\/Rep%C3%BAblica_Dominicana\">Rep\u00fablica Dominicana<\/a> asume la presidencia <a title=\"Hip\u00f3lito Mej\u00eda\" href=\"https:\/\/es.wikipedia.org\/wiki\/Hip%C3%B3lito_Mej%C3%ADa\">Hip\u00f3lito Mej\u00eda<\/a>.<\/li>\n<li><a title=\"2001\" href=\"https:\/\/es.wikipedia.org\/wiki\/2001\">2001<\/a>: <a title=\"Emilio Bot\u00edn\" href=\"https:\/\/es.wikipedia.org\/wiki\/Emilio_Bot%C3%ADn\">Emilio Bot\u00edn<\/a> se convierte en presidente \u00fanico del Banco Santander.<\/li>\n<li>2001: en Madrid (Espa\u00f1a) es detenido el narcotraficante gallego Sito Mi\u00f1anco.<\/li>\n<li><a title=\"2004\" href=\"https:\/\/es.wikipedia.org\/wiki\/2004\">2004<\/a>: en el mercado de Londres, el precio del petr\u00f3leo brent marca un nuevo m\u00e1ximo hist\u00f3rico: 44,11 d\u00f3lares por barril.<\/li>\n<li>2004: en los <a title=\"Juegos Ol\u00edmpicos de Atenas 2004\" href=\"https:\/\/es.wikipedia.org\/wiki\/Juegos_Ol%C3%ADmpicos_de_Atenas_2004\">Juegos Ol\u00edmpicos de Atenas 2004<\/a>, <a title=\"Mar\u00eda Quintanal\" href=\"https:\/\/es.wikipedia.org\/wiki\/Mar%C3%ADa_Quintanal\">Mar\u00eda Quintanal<\/a> consigue, en <a class=\"mw-redirect\" title=\"Tiro al plato\" href=\"https:\/\/es.wikipedia.org\/wiki\/Tiro_al_plato\">tiro al plato<\/a>, la primera medalla (de plata) para Espa\u00f1a.<\/li>\n<li>2004: en Estados Unidos se publica un estudio donde se demuestra que los f\u00e1rmacos <a class=\"mw-redirect\" title=\"Estatinas\" href=\"https:\/\/es.wikipedia.org\/wiki\/Estatinas\">estatinas<\/a>, utilizados para combatir el exceso de <a title=\"Colesterol\" href=\"https:\/\/es.wikipedia.org\/wiki\/Colesterol\">colesterol<\/a>, son eficaces para inhibir la replicaci\u00f3n del virus <a class=\"mw-redirect\" title=\"VIH\" href=\"https:\/\/es.wikipedia.org\/wiki\/VIH\">VIH<\/a> (causante del <a class=\"mw-redirect\" title=\"Sida\" href=\"https:\/\/es.wikipedia.org\/wiki\/Sida\">sida<\/a>) en las c\u00e9lulas humanas.<\/li>\n<li>2004: en <a title=\"Rep\u00fablica Dominicana\" href=\"https:\/\/es.wikipedia.org\/wiki\/Rep%C3%BAblica_Dominicana\">Rep\u00fablica Dominicana<\/a>, Leonel Fern\u00e1ndez asume la presidencia por segunda vez.<\/li>\n<li><a title=\"2005\" href=\"https:\/\/es.wikipedia.org\/wiki\/2005\">2005<\/a>: en <a title=\"Gaza\" href=\"https:\/\/es.wikipedia.org\/wiki\/Gaza\">Gaza<\/a> (<a class=\"mw-redirect\" title=\"Estado Palestino\" href=\"https:\/\/es.wikipedia.org\/wiki\/Estado_Palestino\">Palestina<\/a>) el <a class=\"mw-redirect\" title=\"Ej\u00e9rcito israel\u00ed\" href=\"https:\/\/es.wikipedia.org\/wiki\/Ej%C3%A9rcito_israel%C3%AD\">Ej\u00e9rcito israel\u00ed<\/a> comienza a desalojar por la fuerza a los colonos israel\u00edes que se resisten a abandonar voluntariamente los asentamientos ilegales.<\/li>\n<li>2005: el Parlamento chileno elimina de la <i>Constituci\u00f3n<\/i> la firma del dictador <a title=\"Augusto Pinochet\" href=\"https:\/\/es.wikipedia.org\/wiki\/Augusto_Pinochet\">Augusto Pinochet<\/a>.<\/li>\n<li>2005: el astronauta ruso <a title=\"Sergu\u00e9i Krikaliov\" href=\"https:\/\/es.wikipedia.org\/wiki\/Sergu%C3%A9i_Krikaliov\">Sergu\u00e9i Krikaliov<\/a>, tripulante de la <a class=\"mw-redirect\" title=\"ISS\" href=\"https:\/\/es.wikipedia.org\/wiki\/ISS\">ISS<\/a>, bate el r\u00e9cord mundial de estancia en el espacio al acumular 747\u00a0d\u00edas y 14\u00a0horas (en varios periodos).<\/li>\n<li>2005: el noreste de <a title=\"Jap\u00f3n\" href=\"https:\/\/es.wikipedia.org\/wiki\/Jap%C3%B3n\">Jap\u00f3n<\/a> es sacudido por un violento terremoto de magnitud 7,2 en la <a class=\"mw-redirect\" title=\"Escala de Richter\" href=\"https:\/\/es.wikipedia.org\/wiki\/Escala_de_Richter\">escala de Richter<\/a>.<\/li>\n<li>2005: en las proximidades de <a title=\"Maracaibo\" href=\"https:\/\/es.wikipedia.org\/wiki\/Maracaibo\">Maracaibo<\/a> (<a title=\"Venezuela\" href=\"https:\/\/es.wikipedia.org\/wiki\/Venezuela\">Venezuela<\/a>), se desploma un avi\u00f3n, ocasionando 160\u00a0v\u00edctimas. (<a class=\"mw-redirect\" title=\"Accidente del vuelo 708 de West Caribbean\" href=\"https:\/\/es.wikipedia.org\/wiki\/Accidente_del_vuelo_708_de_West_Caribbean\">Accidente del vuelo 708 de West Caribbean<\/a>).<\/li>\n<li>2005: en <a title=\"Afganist\u00e1n\" href=\"https:\/\/es.wikipedia.org\/wiki\/Afganist%C3%A1n\">Afganist\u00e1n<\/a> <a title=\"Accidente del helic\u00f3ptero espa\u00f1ol en Afganist\u00e1n de 2005\" href=\"https:\/\/es.wikipedia.org\/wiki\/Accidente_del_helic%C3%B3ptero_espa%C3%B1ol_en_Afganist%C3%A1n_de_2005\">cae un helic\u00f3ptero espa\u00f1ol<\/a>; falleciendo 17\u00a0militares espa\u00f1oles.<\/li>\n<li><a title=\"2006\" href=\"https:\/\/es.wikipedia.org\/wiki\/2006\">2006<\/a>: en la <a title=\"Rep\u00fablica Checa\" href=\"https:\/\/es.wikipedia.org\/wiki\/Rep%C3%BAblica_Checa\">Rep\u00fablica Checa<\/a>, <a title=\"Mirek Topol\u00e1nek\" href=\"https:\/\/es.wikipedia.org\/wiki\/Mirek_Topol%C3%A1nek\">Mirek Topol\u00e1nek<\/a> es elegido primer ministro.<\/li>\n<li><a title=\"2008\" href=\"https:\/\/es.wikipedia.org\/wiki\/2008\">2008<\/a>: en <a title=\"Rep\u00fablica Popular China\" href=\"https:\/\/es.wikipedia.org\/wiki\/Rep%C3%BAblica_Popular_China\">China<\/a>, <a title=\"Usain Bolt\" href=\"https:\/\/es.wikipedia.org\/wiki\/Usain_Bolt\">Usain Bolt<\/a> bate el r\u00e9cord mundial de los <a class=\"mw-redirect\" title=\"100 metros (atletismo)\" href=\"https:\/\/es.wikipedia.org\/wiki\/100_metros_(atletismo)\">100 metros<\/a> en la final masculina de los <a title=\"Juegos Ol\u00edmpicos de Pek\u00edn 2008\" href=\"https:\/\/es.wikipedia.org\/wiki\/Juegos_Ol%C3%ADmpicos_de_Pek%C3%ADn_2008\">Juegos Ol\u00edmpicos de Pek\u00edn<\/a> con una marca de 9,69\u00a0segundos, mejorando en 3\u00a0cent\u00e9simas el r\u00e9cord anterior que \u00e9l mismo ostentaba.<\/li>\n<li>2008: en <a title=\"Rep\u00fablica Dominicana\" href=\"https:\/\/es.wikipedia.org\/wiki\/Rep%C3%BAblica_Dominicana\">Rep\u00fablica Dominicana<\/a>, Leonel Fern\u00e1ndez asume la presidencia por tercera vez.<\/li>\n<li><a title=\"2009\" href=\"https:\/\/es.wikipedia.org\/wiki\/2009\">2009<\/a>: en Alemania, <a title=\"Usain Bolt\" href=\"https:\/\/es.wikipedia.org\/wiki\/Usain_Bolt\">Usain Bolt<\/a> bate el r\u00e9cord mundial de los <a class=\"mw-redirect\" title=\"100 metros (atletismo)\" href=\"https:\/\/es.wikipedia.org\/wiki\/100_metros_(atletismo)\">100 metros<\/a> en la final masculina del <a title=\"Campeonato Mundial de Atletismo de 2009\" href=\"https:\/\/es.wikipedia.org\/wiki\/Campeonato_Mundial_de_Atletismo_de_2009\">Campeonato Mundial de Atletismo de 2009 en Berl\u00edn<\/a> con una marca de 9,58\u00a0segundos, superando su propio r\u00e9cord de 9,69\u00a0s.<\/li>\n<li><a title=\"2010\" href=\"https:\/\/es.wikipedia.org\/wiki\/2010\">2010<\/a>: en el <a title=\"Aeropuerto Internacional Gustavo Rojas Pinilla\" href=\"https:\/\/es.wikipedia.org\/wiki\/Aeropuerto_Internacional_Gustavo_Rojas_Pinilla\">Aeropuerto Internacional Gustavo Rojas Pinilla<\/a>, en la <a title=\"Isla de San Andr\u00e9s (Colombia)\" href=\"https:\/\/es.wikipedia.org\/wiki\/Isla_de_San_Andr%C3%A9s_(Colombia)\">isla de San Andr\u00e9s (Colombia)<\/a>, frente a las costas nicarag\u00fcenses, se accidenta el <a title=\"Vuelo 8250 de Aires\" href=\"https:\/\/es.wikipedia.org\/wiki\/Vuelo_8250_de_Aires\">Vuelo 8250 de Aires<\/a>. Una persona muere.<\/li>\n<li><a title=\"2011\" href=\"https:\/\/es.wikipedia.org\/wiki\/2011\">2011<\/a>: en <a title=\"Madrid\" href=\"https:\/\/es.wikipedia.org\/wiki\/Madrid\">Madrid<\/a> (Espa\u00f1a) empieza la <a class=\"mw-redirect\" title=\"JMJ 2011\" href=\"https:\/\/es.wikipedia.org\/wiki\/JMJ_2011\">Jornada Mundial de la Juventud<\/a>, que organiza el Vaticano cada a\u00f1o para promover la figura del papa.<\/li>\n<li><a title=\"2012\" href=\"https:\/\/es.wikipedia.org\/wiki\/2012\">2012<\/a>: en <a title=\"Rep\u00fablica Dominicana\" href=\"https:\/\/es.wikipedia.org\/wiki\/Rep%C3%BAblica_Dominicana\">Rep\u00fablica Dominicana<\/a> asume la presidencia <a title=\"Danilo Medina\" href=\"https:\/\/es.wikipedia.org\/wiki\/Danilo_Medina\">Danilo Medina<\/a>.<\/li>\n<li><a title=\"2012\" href=\"https:\/\/es.wikipedia.org\/wiki\/2012\">2012<\/a>: el gobierno de <a title=\"Ecuador\" href=\"https:\/\/es.wikipedia.org\/wiki\/Ecuador\">Ecuador<\/a> concede <a title=\"Asilo pol\u00edtico\" href=\"https:\/\/es.wikipedia.org\/wiki\/Asilo_pol%C3%ADtico\">asilo pol\u00edtico<\/a> a <a title=\"Julian Assange\" href=\"https:\/\/es.wikipedia.org\/wiki\/Julian_Assange\">Julian Assange<\/a>, fundador de <a class=\"mw-redirect\" title=\"Wikileaks\" href=\"https:\/\/es.wikipedia.org\/wiki\/Wikileaks\">Wikileaks<\/a><\/li>\n<li><a title=\"2014\" href=\"https:\/\/es.wikipedia.org\/wiki\/2014\">2014<\/a>: en <a title=\"Se\u00fal\" href=\"https:\/\/es.wikipedia.org\/wiki\/Se%C3%BAl\">Se\u00fal<\/a>, el papa <a title=\"Francisco (papa)\" href=\"https:\/\/es.wikipedia.org\/wiki\/Francisco_(papa)\">Francisco<\/a> beatifica 124 <a title=\"M\u00e1rtires coreanos\" href=\"https:\/\/es.wikipedia.org\/wiki\/M%C3%A1rtires_coreanos\">m\u00e1rtires coreanos<\/a>, en su visita pastoral a Corea del Sur.<\/li>\n<\/ul>\n<h2 style=\"text-align: justify;\"><span id=\"Nacimientos\" class=\"mw-headline\">Nacimientos<\/span><\/h2>\n<ul style=\"text-align: justify;\">\n<li><a title=\"1573\" href=\"https:\/\/es.wikipedia.org\/wiki\/1573\">1573<\/a>: <a title=\"Ana de Habsburgo, reina de Polonia y Suecia\" href=\"https:\/\/es.wikipedia.org\/wiki\/Ana_de_Habsburgo,_reina_de_Polonia_y_Suecia\">Ana de Habsburgo<\/a>, arist\u00f3crata sueca, reina consorte entre 1592 y 1598.<\/li>\n<li><a title=\"1638\" href=\"https:\/\/es.wikipedia.org\/wiki\/1638\">1638<\/a>: <a title=\"Nicolas Malebranche\" href=\"https:\/\/es.wikipedia.org\/wiki\/Nicolas_Malebranche\">Nicolas Malebranche<\/a>, sabio franc\u00e9s.<\/li>\n<li><a title=\"1779\" href=\"https:\/\/es.wikipedia.org\/wiki\/1779\">1779<\/a>: <a class=\"mw-redirect\" title=\"Jacinto Ruiz Mendoza\" href=\"https:\/\/es.wikipedia.org\/wiki\/Jacinto_Ruiz_Mendoza\">Jacinto Ruiz Mendoza<\/a>, militar espa\u00f1ol.<\/li>\n<li><a title=\"1793\" href=\"https:\/\/es.wikipedia.org\/wiki\/1793\">1793<\/a>: <a title=\"Roque Alvarado\" href=\"https:\/\/es.wikipedia.org\/wiki\/Roque_Alvarado\">Roque Alvarado<\/a>, militar y pol\u00edtico argentino (f. 1860).<\/li>\n<li><a title=\"1805\" href=\"https:\/\/es.wikipedia.org\/wiki\/1805\">1805<\/a>: <a title=\"Amancio Alcorta (m\u00fasico)\" href=\"https:\/\/es.wikipedia.org\/wiki\/Amancio_Alcorta_(m%C3%BAsico)\">Amancio Alcorta<\/a>, pol\u00edtico, m\u00fasico y compositor argentino.<\/li>\n<li><a title=\"1815\" href=\"https:\/\/es.wikipedia.org\/wiki\/1815\">1815<\/a>: <a title=\"Juan Bosco\" href=\"https:\/\/es.wikipedia.org\/wiki\/Juan_Bosco\">Juan Bosco<\/a>, sacerdote y santo italiano, fundador de los salesianos (f. 1888).<\/li>\n<li><a title=\"1821\" href=\"https:\/\/es.wikipedia.org\/wiki\/1821\">1821<\/a>: <a title=\"Arthur Cayley\" href=\"https:\/\/es.wikipedia.org\/wiki\/Arthur_Cayley\">Arthur Cayley<\/a>, matem\u00e1tico brit\u00e1nico.<\/li>\n<li><a title=\"1830\" href=\"https:\/\/es.wikipedia.org\/wiki\/1830\">1830<\/a>: <a title=\"Diego Barros Arana\" href=\"https:\/\/es.wikipedia.org\/wiki\/Diego_Barros_Arana\">Diego Barros Arana<\/a>, pedagogo, diplom\u00e1tico e historiador chileno.<\/li>\n<li><a title=\"1845\" href=\"https:\/\/es.wikipedia.org\/wiki\/1845\">1845<\/a>: <a title=\"Gabriel Lippmann\" href=\"https:\/\/es.wikipedia.org\/wiki\/Gabriel_Lippmann\">Gabriel Lippmann<\/a>, f\u00edsico franc\u00e9s, premio Nobel de F\u00edsica en 1908.<\/li>\n<li><a title=\"1849\" href=\"https:\/\/es.wikipedia.org\/wiki\/1849\">1849<\/a>: <a title=\"Johan Kjeldahl\" href=\"https:\/\/es.wikipedia.org\/wiki\/Johan_Kjeldahl\">Johan Kjeldahl<\/a>, qu\u00edmico dan\u00e9s.<\/li>\n<li><a title=\"1856\" href=\"https:\/\/es.wikipedia.org\/wiki\/1856\">1856<\/a>: <a title=\"Aparicio Saravia\" href=\"https:\/\/es.wikipedia.org\/wiki\/Aparicio_Saravia\">Aparicio Saravia<\/a>, caudillo uruguayo<\/li>\n<li><a title=\"1860\" href=\"https:\/\/es.wikipedia.org\/wiki\/1860\">1860<\/a>: <a title=\"Jules Laforgue\" href=\"https:\/\/es.wikipedia.org\/wiki\/Jules_Laforgue\">Jules Laforgue<\/a>, cr\u00edtico y poeta simbolista franc\u00e9s.<\/li>\n<li><a title=\"1865\" href=\"https:\/\/es.wikipedia.org\/wiki\/1865\">1865<\/a>: <a title=\"Ettore Tolomei\" href=\"https:\/\/es.wikipedia.org\/wiki\/Ettore_Tolomei\">Ettore Tolomei<\/a>, nacionalista italiano.<\/li>\n<li><a title=\"1876\" href=\"https:\/\/es.wikipedia.org\/wiki\/1876\">1876<\/a>: <a title=\"Vane Hungerford Pennell\" href=\"https:\/\/es.wikipedia.org\/wiki\/Vane_Hungerford_Pennell\">Vane Hungerford Pennell<\/a>, tenista brit\u00e1nico (f. 1935).<\/li>\n<li><a title=\"1883\" href=\"https:\/\/es.wikipedia.org\/wiki\/1883\">1883<\/a>: <a title=\"Roque Estrada Reynoso\" href=\"https:\/\/es.wikipedia.org\/wiki\/Roque_Estrada_Reynoso\">Roque Estrada Reynoso<\/a>, jurista y escritor mexicano (f. 1966).<\/li>\n<li><a title=\"1884\" href=\"https:\/\/es.wikipedia.org\/wiki\/1884\">1884<\/a>: <a title=\"Hugo Gernsback\" href=\"https:\/\/es.wikipedia.org\/wiki\/Hugo_Gernsback\">Hugo Gernsback<\/a>, escritor estadounidense de origen luxemburgu\u00e9s.<\/li>\n<li><a title=\"1888\" href=\"https:\/\/es.wikipedia.org\/wiki\/1888\">1888<\/a>: <a title=\"Thomas Edward Lawrence\" href=\"https:\/\/es.wikipedia.org\/wiki\/Thomas_Edward_Lawrence\">Thomas Edward Lawrence<\/a> <i>(Lawrence de Arabia)<\/i>, militar, arque\u00f3logo y escritor brit\u00e1nico.<\/li>\n<li><a title=\"1892\" href=\"https:\/\/es.wikipedia.org\/wiki\/1892\">1892<\/a>: <a title=\"Harold Foster\" href=\"https:\/\/es.wikipedia.org\/wiki\/Harold_Foster\">Harold Foster<\/a>, autor de historietas estadounidense.<\/li>\n<li>1892: <a title=\"Otto Messmer\" href=\"https:\/\/es.wikipedia.org\/wiki\/Otto_Messmer\">Otto Messmer<\/a>, animador estadounidense.<\/li>\n<li><a title=\"1895\" href=\"https:\/\/es.wikipedia.org\/wiki\/1895\">1895<\/a>: <a title=\"Albert Cohen\" href=\"https:\/\/es.wikipedia.org\/wiki\/Albert_Cohen\">Albert Cohen<\/a>, escritor suizo.<\/li>\n<li>1895: <a title=\"Jacinto Guerrero\" href=\"https:\/\/es.wikipedia.org\/wiki\/Jacinto_Guerrero\">Jacinto Guerrero<\/a>, compositor espa\u00f1ol de zarzuela.<\/li>\n<li><a title=\"1897\" href=\"https:\/\/es.wikipedia.org\/wiki\/1897\">1897<\/a>: <a title=\"Vicente Ascone\" href=\"https:\/\/es.wikipedia.org\/wiki\/Vicente_Ascone\">Vicente Ascone<\/a>, compositor, trompetista y profesor de m\u00fasica uruguayo (f. 1979).<\/li>\n<li>1897: <a title=\"Joaqu\u00edn Bau\" href=\"https:\/\/es.wikipedia.org\/wiki\/Joaqu%C3%ADn_Bau\">Joaqu\u00edn Bau<\/a>, comerciante y pol\u00edtico espa\u00f1ol (f. 1973).<\/li>\n<li><a title=\"1901\" href=\"https:\/\/es.wikipedia.org\/wiki\/1901\">1901<\/a>: <a title=\"Riccardo Lombardi\" href=\"https:\/\/es.wikipedia.org\/wiki\/Riccardo_Lombardi\">Riccardo Lombardi<\/a>, ingeniero y pol\u00edtico italiano (f. 1984).<\/li>\n<li><a title=\"1904\" href=\"https:\/\/es.wikipedia.org\/wiki\/1904\">1904<\/a>: <a title=\"Wendell Meredith Stanley\" href=\"https:\/\/es.wikipedia.org\/wiki\/Wendell_Meredith_Stanley\">Wendell Meredith Stanley<\/a>, qu\u00edmico estadounidense, premio Nobel de Qu\u00edmica en 1946.<\/li>\n<li><a title=\"1909\" href=\"https:\/\/es.wikipedia.org\/wiki\/1909\">1909<\/a>: <a title=\"Bernardo Leighton\" href=\"https:\/\/es.wikipedia.org\/wiki\/Bernardo_Leighton\">Bernardo Leighton<\/a>, pol\u00edtico chileno.<\/li>\n<li><a title=\"1911\" href=\"https:\/\/es.wikipedia.org\/wiki\/1911\">1911<\/a>: <a class=\"mw-redirect\" title=\"E. F. Schumacher\" href=\"https:\/\/es.wikipedia.org\/wiki\/E._F._Schumacher\">E. F. Schumacher<\/a>, economista alem\u00e1n.<\/li>\n<li><a title=\"1912\" href=\"https:\/\/es.wikipedia.org\/wiki\/1912\">1912<\/a>: <a title=\"Ted Drake\" href=\"https:\/\/es.wikipedia.org\/wiki\/Ted_Drake\">Ted Drake<\/a>, futbolista brit\u00e1nico.<\/li>\n<li><a title=\"1913\" href=\"https:\/\/es.wikipedia.org\/wiki\/1913\">1913<\/a>: <a class=\"mw-redirect\" title=\"Menachem Begin\" href=\"https:\/\/es.wikipedia.org\/wiki\/Menachem_Begin\">Menachem Begin<\/a>, pol\u00edtico israel\u00ed, primer ministro entre 1977 y 1983.<\/li>\n<li><a title=\"1916\" href=\"https:\/\/es.wikipedia.org\/wiki\/1916\">1916<\/a>: <a title=\"Francisco Bernis Madrazo\" href=\"https:\/\/es.wikipedia.org\/wiki\/Francisco_Bernis_Madrazo\">Francisco Bernis Madrazo<\/a>, ornit\u00f3logo y bi\u00f3logo espa\u00f1ol (f. 2003).<\/li>\n<li>1916: <a class=\"new\" title=\"Jacinto Rodr\u00edguez (II) (a\u00fan no redactado)\" href=\"https:\/\/es.wikipedia.org\/w\/index.php?title=Jacinto_Rodr%C3%ADguez_(II)&amp;action=edit&amp;redlink=1\">Jacinto Rodr\u00edguez<\/a>, l\u00edder revolucionario guatemalteco, de la Revoluci\u00f3n de 1944.<\/li>\n<li><a title=\"1920\" href=\"https:\/\/es.wikipedia.org\/wiki\/1920\">1920<\/a>: <a title=\"Charles Bukowski\" href=\"https:\/\/es.wikipedia.org\/wiki\/Charles_Bukowski\">Charles Bukowski<\/a>, escritor y poeta estadounidense.<\/li>\n<li>1920: <a class=\"mw-redirect\" title=\"Jos\u00e9 Tamayo (director teatral)\" href=\"https:\/\/es.wikipedia.org\/wiki\/Jos%C3%A9_Tamayo_(director_teatral)\">Jos\u00e9 Tamayo<\/a>, director teatral espa\u00f1ol.<\/li>\n<li><a title=\"1921\" href=\"https:\/\/es.wikipedia.org\/wiki\/1921\">1921<\/a>: <a class=\"new\" title=\"Salvado Mox\u00f3 Ortiz de Villajos (a\u00fan no redactado)\" href=\"https:\/\/es.wikipedia.org\/w\/index.php?title=Salvado_Mox%C3%B3_Ortiz_de_Villajos&amp;action=edit&amp;redlink=1\">Salvado Mox\u00f3 Ortiz de Villajos<\/a>, historiador espa\u00f1ol.<\/li>\n<li><a title=\"1923\" href=\"https:\/\/es.wikipedia.org\/wiki\/1923\">1923<\/a>: <a title=\"Joaqu\u00edn Cordero\" href=\"https:\/\/es.wikipedia.org\/wiki\/Joaqu%C3%ADn_Cordero\">Joaqu\u00edn Cordero<\/a>, actor mexicano (f. 2013).<\/li>\n<li><a title=\"1924\" href=\"https:\/\/es.wikipedia.org\/wiki\/1924\">1924<\/a>: <a class=\"new\" title=\"Grover Boydston (a\u00fan no redactado)\" href=\"https:\/\/es.wikipedia.org\/w\/index.php?title=Grover_Boydston&amp;action=edit&amp;redlink=1\">Grover Boydston<\/a>, fundador de <a title=\"Neur\u00f3ticos An\u00f3nimos\" href=\"https:\/\/es.wikipedia.org\/wiki\/Neur%C3%B3ticos_An%C3%B3nimos\">Neur\u00f3ticos An\u00f3nimos<\/a> (f. 1996).<\/li>\n<li>1924: <a title=\"Carlos S\u00e1nchez del R\u00edo\" href=\"https:\/\/es.wikipedia.org\/wiki\/Carlos_S%C3%A1nchez_del_R%C3%ADo\">Carlos S\u00e1nchez del R\u00edo<\/a>, f\u00edsico, investigador y acad\u00e9mico espa\u00f1ol.<\/li>\n<li><a title=\"1925\" href=\"https:\/\/es.wikipedia.org\/wiki\/1925\">1925<\/a>: <a title=\"Jos\u00e9 Mar\u00eda Obald\u00eda\" href=\"https:\/\/es.wikipedia.org\/wiki\/Jos%C3%A9_Mar%C3%ADa_Obald%C3%ADa\">Jos\u00e9 Mar\u00eda Obald\u00eda<\/a>, escritor, lexic\u00f3grafo, narrador oral y maestro uruguayo.<\/li>\n<li><a title=\"1928\" href=\"https:\/\/es.wikipedia.org\/wiki\/1928\">1928<\/a>: <a title=\"Ann Blyth\" href=\"https:\/\/es.wikipedia.org\/wiki\/Ann_Blyth\">Ann Blyth<\/a>, actriz y cantante estadounidense.<\/li>\n<li>1928: <a title=\"Eduardo Cote Lamus\" href=\"https:\/\/es.wikipedia.org\/wiki\/Eduardo_Cote_Lamus\">Eduardo Cote Lamus<\/a>, poeta y pol\u00edtico colombiano.<\/li>\n<li>1928: <a title=\"Eydie Gorm\u00e9\" href=\"https:\/\/es.wikipedia.org\/wiki\/Eydie_Gorm%C3%A9\">Eydie Gorm\u00e9<\/a>, cantante estadounidense (f. 2013).<\/li>\n<li><a title=\"1929\" href=\"https:\/\/es.wikipedia.org\/wiki\/1929\">1929<\/a>: <a title=\"Carmen Bernardos\" href=\"https:\/\/es.wikipedia.org\/wiki\/Carmen_Bernardos\">Carmen Bernardos<\/a>, actriz espa\u00f1ola.<\/li>\n<li>1929: <a title=\"Bill Evans (pianista)\" href=\"https:\/\/es.wikipedia.org\/wiki\/Bill_Evans_(pianista)\">Bill Evans<\/a>, pianista estadounidense de jazz.<\/li>\n<li>1929: <a title=\"Helmut Rahn\" href=\"https:\/\/es.wikipedia.org\/wiki\/Helmut_Rahn\">Helmut Rahn<\/a>, futbolista alem\u00e1n.<\/li>\n<li><a title=\"1930\" href=\"https:\/\/es.wikipedia.org\/wiki\/1930\">1930<\/a>: <a title=\"Simha Arom\" href=\"https:\/\/es.wikipedia.org\/wiki\/Simha_Arom\">Simha Arom<\/a>, etnomusic\u00f3logo francoisrael\u00ed.<\/li>\n<li>1930: <a title=\"Robert Culp\" href=\"https:\/\/es.wikipedia.org\/wiki\/Robert_Culp\">Robert Culp<\/a>, actor estadounidense (f. 2010).<\/li>\n<li>1930: <a class=\"mw-redirect\" title=\"Leslie Francois Manigat\" href=\"https:\/\/es.wikipedia.org\/wiki\/Leslie_Francois_Manigat\">Leslie Francois Manigat<\/a>, pol\u00edtico y profesor haitiano.<\/li>\n<li>1930: <a title=\"Tony Trabert\" href=\"https:\/\/es.wikipedia.org\/wiki\/Tony_Trabert\">Tony Trabert<\/a>, tenista estadounidense.<\/li>\n<li><a title=\"1933\" href=\"https:\/\/es.wikipedia.org\/wiki\/1933\">1933<\/a>: <a title=\"Ricardo Blume\" href=\"https:\/\/es.wikipedia.org\/wiki\/Ricardo_Blume\">Ricardo Blume<\/a>, actor peruano.<\/li>\n<li>1933: <a title=\"Julie Newmar\" href=\"https:\/\/es.wikipedia.org\/wiki\/Julie_Newmar\">Julie Newmar<\/a>, actriz estadounidense (Gat\u00fabela en <i>Batman<\/i>).<\/li>\n<li>1933: <a title=\"Stuart Allen Roosa\" href=\"https:\/\/es.wikipedia.org\/wiki\/Stuart_Allen_Roosa\">Stuart Allen Roosa<\/a>, astronauta estadounidense.<\/li>\n<li><a title=\"1935\" href=\"https:\/\/es.wikipedia.org\/wiki\/1935\">1935<\/a>: <a class=\"mw-redirect\" title=\"Leopoldo Azancot Franco\" href=\"https:\/\/es.wikipedia.org\/wiki\/Leopoldo_Azancot_Franco\">Leopoldo Azancot<\/a>, novelista, cr\u00edtico literario y periodista espa\u00f1ol.<\/li>\n<li><a title=\"1939\" href=\"https:\/\/es.wikipedia.org\/wiki\/1939\">1939<\/a>: <a class=\"mw-redirect\" title=\"Walter David Santalla Barrientos\" href=\"https:\/\/es.wikipedia.org\/wiki\/Walter_David_Santalla_Barrientos\">David Santalla<\/a>, actor y c\u00f3mico boliviano.<\/li>\n<li><a title=\"1943\" href=\"https:\/\/es.wikipedia.org\/wiki\/1943\">1943<\/a>: <a title=\"Luis Rold\u00e1n\" href=\"https:\/\/es.wikipedia.org\/wiki\/Luis_Rold%C3%A1n\">Luis Rold\u00e1n<\/a>, polic\u00eda espa\u00f1ol, exdirector de la Guardia Civil.<\/li>\n<li><a title=\"1944\" href=\"https:\/\/es.wikipedia.org\/wiki\/1944\">1944<\/a>: <a title=\"Soledad Becerril\" href=\"https:\/\/es.wikipedia.org\/wiki\/Soledad_Becerril\">Soledad Becerril<\/a>, pol\u00edtica espa\u00f1ola.<\/li>\n<li><a title=\"1945\" href=\"https:\/\/es.wikipedia.org\/wiki\/1945\">1945<\/a>: <a title=\"Moria Cas\u00e1n\" href=\"https:\/\/es.wikipedia.org\/wiki\/Moria_Cas%C3%A1n\">Moria Cas\u00e1n<\/a>, actriz y vedette argentina.<\/li>\n<li><a title=\"1946\" href=\"https:\/\/es.wikipedia.org\/wiki\/1946\">1946<\/a>: <a title=\"Ram\u00f3n N\u00fa\u00f1ez Centella\" href=\"https:\/\/es.wikipedia.org\/wiki\/Ram%C3%B3n_N%C3%BA%C3%B1ez_Centella\">Ram\u00f3n N\u00fa\u00f1ez Centella<\/a>, divulgador cient\u00edfico espa\u00f1ol.<\/li>\n<li>1946: <a class=\"mw-redirect\" title=\"Leslie Ann Warren\" href=\"https:\/\/es.wikipedia.org\/wiki\/Leslie_Ann_Warren\">Leslie Ann Warren<\/a>, actriz estadounidense.<\/li>\n<li><a title=\"1950\" href=\"https:\/\/es.wikipedia.org\/wiki\/1950\">1950<\/a>: <a title=\"Hasely Crawford\" href=\"https:\/\/es.wikipedia.org\/wiki\/Hasely_Crawford\">Hasely Crawford<\/a>, atleta trinitario.<\/li>\n<li>1950: <a title=\"Walter Nelson\" href=\"https:\/\/es.wikipedia.org\/wiki\/Walter_Nelson\">Walter Nelson<\/a>, periodista deportivo argentino de origen uruguayo.<\/li>\n<li>1950: <a class=\"mw-redirect\" title=\"Ana de Windsor\" href=\"https:\/\/es.wikipedia.org\/wiki\/Ana_de_Windsor\">Ana de Windsor<\/a>, princesa brit\u00e1nica.<\/li>\n<li><a title=\"1952\" href=\"https:\/\/es.wikipedia.org\/wiki\/1952\">1952<\/a>: <a title=\"Sonia Silvestre\" href=\"https:\/\/es.wikipedia.org\/wiki\/Sonia_Silvestre\">Sonia Silvestre<\/a>, cantante y locutora dominicana.<\/li>\n<li><a title=\"1953\" href=\"https:\/\/es.wikipedia.org\/wiki\/1953\">1953<\/a>: <a title=\"Mario Markic\" href=\"https:\/\/es.wikipedia.org\/wiki\/Mario_Markic\">Mario Markic<\/a>, periodista argentino.<\/li>\n<li><a title=\"1954\" href=\"https:\/\/es.wikipedia.org\/wiki\/1954\">1954<\/a>: <a title=\"James Cameron\" href=\"https:\/\/es.wikipedia.org\/wiki\/James_Cameron\">James Cameron<\/a>, cineasta canadiense.<\/li>\n<li><a title=\"1955\" href=\"https:\/\/es.wikipedia.org\/wiki\/1955\">1955<\/a>: <a title=\"Jacobo Winograd\" href=\"https:\/\/es.wikipedia.org\/wiki\/Jacobo_Winograd\">Jacobo Winograd<\/a>, personaje medi\u00e1tico chileno-argentino.<\/li>\n<li><a title=\"1957\" href=\"https:\/\/es.wikipedia.org\/wiki\/1957\">1957<\/a>: <a title=\"INXS\" href=\"https:\/\/es.wikipedia.org\/wiki\/INXS\">Tim Farriss<\/a>, m\u00fasico australiano, de la banda INXS.<\/li>\n<li><a title=\"1958\" href=\"https:\/\/es.wikipedia.org\/wiki\/1958\">1958<\/a>: <a title=\"Angela Bassett\" href=\"https:\/\/es.wikipedia.org\/wiki\/Angela_Bassett\">Angela Bassett<\/a>, actriz estadounidense.<\/li>\n<li>1958: <a title=\"Madonna\" href=\"https:\/\/es.wikipedia.org\/wiki\/Madonna\">Madonna<\/a>, cantante y actriz estadounidense.<\/li>\n<li><a title=\"1959\" href=\"https:\/\/es.wikipedia.org\/wiki\/1959\">1959<\/a>: <a title=\"Jos\u00e9 Luis Clerc\" href=\"https:\/\/es.wikipedia.org\/wiki\/Jos%C3%A9_Luis_Clerc\">Jos\u00e9 Luis Clerc<\/a>, tenista argentino.<\/li>\n<li>1959: <a title=\"Marc Sergeant\" href=\"https:\/\/es.wikipedia.org\/wiki\/Marc_Sergeant\">Marc Sergeant<\/a>, ciclista belga.<\/li>\n<li><a title=\"1960\" href=\"https:\/\/es.wikipedia.org\/wiki\/1960\">1960<\/a>: <a class=\"mw-redirect\" title=\"Eric Caritoux\" href=\"https:\/\/es.wikipedia.org\/wiki\/Eric_Caritoux\">Eric Caritoux<\/a>, ciclista franc\u00e9s.<\/li>\n<li>1960: <a title=\"Timothy Hutton\" href=\"https:\/\/es.wikipedia.org\/wiki\/Timothy_Hutton\">Timothy Hutton<\/a>, actor estadounidense.<\/li>\n<li><a title=\"1962\" href=\"https:\/\/es.wikipedia.org\/wiki\/1962\">1962<\/a>: <a title=\"Steve Carell\" href=\"https:\/\/es.wikipedia.org\/wiki\/Steve_Carell\">Steve Carell<\/a>, actor estadounidense.<\/li>\n<li><a title=\"1963\" href=\"https:\/\/es.wikipedia.org\/wiki\/1963\">1963<\/a>: <a title=\"Alexis Vald\u00e9s\" href=\"https:\/\/es.wikipedia.org\/wiki\/Alexis_Vald%C3%A9s\">Alexis Vald\u00e9s<\/a>, actor cubano.<\/li>\n<li><a title=\"1966\" href=\"https:\/\/es.wikipedia.org\/wiki\/1966\">1966<\/a>: <a title=\"Jeff Waters\" href=\"https:\/\/es.wikipedia.org\/wiki\/Jeff_Waters\">Jeff Waters<\/a>, guitarrista estadounidense, de la banda Thrash Metal Annihilator.<\/li>\n<li>1966: <a title=\"On\u00e9simo D\u00edaz\" href=\"https:\/\/es.wikipedia.org\/wiki\/On%C3%A9simo_D%C3%ADaz\">On\u00e9simo D\u00edaz<\/a>, historiador espa\u00f1ol.<\/li>\n<li><a title=\"1968\" href=\"https:\/\/es.wikipedia.org\/wiki\/1968\">1968<\/a>: <a title=\"Mateja Svet\" href=\"https:\/\/es.wikipedia.org\/wiki\/Mateja_Svet\">Mateja Svet<\/a>, esquiadora eslovena.<\/li>\n<li><a title=\"1969\" href=\"https:\/\/es.wikipedia.org\/wiki\/1969\">1969<\/a>: <a title=\"Yvan Muller\" href=\"https:\/\/es.wikipedia.org\/wiki\/Yvan_Muller\">Yvan Muller<\/a>, piloto franc\u00e9s de automovilismo.<\/li>\n<li><a title=\"1970\" href=\"https:\/\/es.wikipedia.org\/wiki\/1970\">1970<\/a>: <a title=\"Fabio Casartelli\" href=\"https:\/\/es.wikipedia.org\/wiki\/Fabio_Casartelli\">Fabio Casartelli<\/a>, ciclista italiano.<\/li>\n<li><a title=\"1971\" href=\"https:\/\/es.wikipedia.org\/wiki\/1971\">1971<\/a>: <a title=\"Stefan Klos\" href=\"https:\/\/es.wikipedia.org\/wiki\/Stefan_Klos\">Stefan Klos<\/a>, futbolista alem\u00e1n.<\/li>\n<li>1971: <a title=\"Te\u00f3filo Rodr\u00edguez\" href=\"https:\/\/es.wikipedia.org\/wiki\/Te%C3%B3filo_Rodr%C3%ADguez\">Te\u00f3filo Rodr\u00edguez<\/a>, criminal venezolano.<\/li>\n<li><a title=\"1972\" href=\"https:\/\/es.wikipedia.org\/wiki\/1972\">1972<\/a>: <a title=\"Coraje \u00c1balos\" href=\"https:\/\/es.wikipedia.org\/wiki\/Coraje_%C3%81balos\">Coraje \u00c1balos<\/a>, actor argentino.<\/li>\n<li>1972: <a title=\"Dixie Chicks\" href=\"https:\/\/es.wikipedia.org\/wiki\/Dixie_Chicks\">Emily Erwin<\/a>, m\u00fasica y cantante estadounidense de m\u00fasica country, de la banda Dixie Chicks.<\/li>\n<li>1972: <a title=\"Stan Lazaridis\" href=\"https:\/\/es.wikipedia.org\/wiki\/Stan_Lazaridis\">Stan Lazaridis<\/a>, futbolista australiano.<\/li>\n<li><a title=\"1973\" href=\"https:\/\/es.wikipedia.org\/wiki\/1973\">1973<\/a>: <a class=\"mw-redirect\" title=\"Iker Sarriegui\" href=\"https:\/\/es.wikipedia.org\/wiki\/Iker_Sarriegui\">Iker Sarriegui<\/a>, futbolista espa\u00f1ol.<\/li>\n<li><a title=\"1973\" href=\"https:\/\/es.wikipedia.org\/wiki\/1973\">1973<\/a>: <a title=\"Mauricio Islas\" href=\"https:\/\/es.wikipedia.org\/wiki\/Mauricio_Islas\">Mauricio Islas<\/a>, actor mexicano.<\/li>\n<li><a title=\"1974\" href=\"https:\/\/es.wikipedia.org\/wiki\/1974\">1974<\/a>: <a title=\"Krisztina Egerszegi\" href=\"https:\/\/es.wikipedia.org\/wiki\/Krisztina_Egerszegi\">Krisztina Egerszegi<\/a>, nadadora h\u00fangara.<\/li>\n<li>1974: <a title=\"Iv\u00e1n Hurtado\" href=\"https:\/\/es.wikipedia.org\/wiki\/Iv%C3%A1n_Hurtado\">Iv\u00e1n Hurtado<\/a>, futbolista ecuatoriano.<\/li>\n<li>1974: <a title=\"Joaqu\u00edn Reyes\" href=\"https:\/\/es.wikipedia.org\/wiki\/Joaqu%C3%ADn_Reyes\">Joaqu\u00edn Reyes<\/a>, humorista espa\u00f1ol.<\/li>\n<li><a title=\"1976\" href=\"https:\/\/es.wikipedia.org\/wiki\/1976\">1976<\/a>: <a title=\"Susana Rodr\u00edguez\" href=\"https:\/\/es.wikipedia.org\/wiki\/Susana_Rodr%C3%ADguez\">Susana Rodr\u00edguez<\/a>, voleibolista espa\u00f1ola.<\/li>\n<li><a title=\"1978\" href=\"https:\/\/es.wikipedia.org\/wiki\/1978\">1978<\/a>: <a title=\"Eddie Gill\" href=\"https:\/\/es.wikipedia.org\/wiki\/Eddie_Gill\">Eddie Gill<\/a>, baloncestista estadounidense.<\/li>\n<li><a title=\"1980\" href=\"https:\/\/es.wikipedia.org\/wiki\/1980\">1980<\/a>: <a title=\"Vanessa Carlton\" href=\"https:\/\/es.wikipedia.org\/wiki\/Vanessa_Carlton\">Vanessa Carlton<\/a>, cantautora y pianista estadounidense.<\/li>\n<li>1980: <a title=\"Bob Hardy\" href=\"https:\/\/es.wikipedia.org\/wiki\/Bob_Hardy\">Robert Hardy<\/a>, m\u00fasico brit\u00e1nico, de la banda Franz Ferdinand.<\/li>\n<li><a title=\"1981\" href=\"https:\/\/es.wikipedia.org\/wiki\/1981\">1981<\/a>: <a title=\"Roque Santa Cruz\" href=\"https:\/\/es.wikipedia.org\/wiki\/Roque_Santa_Cruz\">Roque Santa Cruz<\/a>, futbolista paraguayo.<\/li>\n<li><a title=\"1982\" href=\"https:\/\/es.wikipedia.org\/wiki\/1982\">1982<\/a>: <a class=\"new\" title=\"Ruben de Ronde (a\u00fan no redactado)\" href=\"https:\/\/es.wikipedia.org\/w\/index.php?title=Ruben_de_Ronde&amp;action=edit&amp;redlink=1\">Ruben de Ronde<\/a>, DJ y productor de origen neerland\u00e9s.<\/li>\n<li><a title=\"1982\" href=\"https:\/\/es.wikipedia.org\/wiki\/1982\">1982<\/a>: <a title=\"Joleon Lescott\" href=\"https:\/\/es.wikipedia.org\/wiki\/Joleon_Lescott\">Joleon Lescott<\/a>, futbolista brit\u00e1nico.<\/li>\n<li>1982: <a title=\"Cam Gigandet\" href=\"https:\/\/es.wikipedia.org\/wiki\/Cam_Gigandet\">Cam Gigandet<\/a>, actor estadounidense.<\/li>\n<li><a title=\"1984\" href=\"https:\/\/es.wikipedia.org\/wiki\/1984\">1984<\/a>: <a title=\"Sof\u00eda Nieto\" href=\"https:\/\/es.wikipedia.org\/wiki\/Sof%C3%ADa_Nieto\">Sof\u00eda Nieto<\/a>, actriz espa\u00f1ola<\/li>\n<li><a title=\"1985\" href=\"https:\/\/es.wikipedia.org\/wiki\/1985\">1985<\/a>: <a title=\"Cristin Milioti\" href=\"https:\/\/es.wikipedia.org\/wiki\/Cristin_Milioti\">Cristin Milioti<\/a>, actriz estadounidense.<\/li>\n<li><a title=\"1986\" href=\"https:\/\/es.wikipedia.org\/wiki\/1986\">1986<\/a>: <a title=\"Shawn Pyfrom\" href=\"https:\/\/es.wikipedia.org\/wiki\/Shawn_Pyfrom\">Shawn Pyfrom<\/a>, actor estadounidense.<\/li>\n<li><a title=\"1988\" href=\"https:\/\/es.wikipedia.org\/wiki\/1988\">1988<\/a>: <a title=\"Claudio Ria\u00f1o\" href=\"https:\/\/es.wikipedia.org\/wiki\/Claudio_Ria%C3%B1o\">Claudio Ria\u00f1o<\/a>, futbolista argentino.<\/li>\n<li>1988: <a title=\"Kevin Schmidt\" href=\"https:\/\/es.wikipedia.org\/wiki\/Kevin_Schmidt\">Kevin Schmidt<\/a>, actor, productor y director estadounidense.<\/li>\n<li><a title=\"1991\" href=\"https:\/\/es.wikipedia.org\/wiki\/1991\">1991<\/a>: <a title=\"Evanna Lynch\" href=\"https:\/\/es.wikipedia.org\/wiki\/Evanna_Lynch\">Evanna Lynch<\/a>, actriz irlandesa.<\/li>\n<li>1991: <a class=\"mw-redirect\" title=\"Kwon Ri-Se\" href=\"https:\/\/es.wikipedia.org\/wiki\/Kwon_Ri-Se\">Kwon Ri-Se<\/a>, cantante, compositora, bailarina y modelo japonesa (f. 2014).<\/li>\n<li><a title=\"1992\" href=\"https:\/\/es.wikipedia.org\/wiki\/1992\">1992<\/a>: <a title=\"Diego Schwartzman\" href=\"https:\/\/es.wikipedia.org\/wiki\/Diego_Schwartzman\">Diego Schwartzman<\/a>, tenista argentino.<\/li>\n<li><a title=\"1997\" href=\"https:\/\/es.wikipedia.org\/wiki\/1997\">1997<\/a>: <a title=\"Greyson Chance\" href=\"https:\/\/es.wikipedia.org\/wiki\/Greyson_Chance\">Greyson Chance<\/a>, cantautor y pianista estadounidense.<\/li>\n<\/ul>\n<h2 style=\"text-align: justify;\"><span id=\"Fallecimientos\" class=\"mw-headline\">Fallecimientos<\/span><\/h2>\n<ul style=\"text-align: justify;\">\n<li><a title=\"1153\" href=\"https:\/\/es.wikipedia.org\/wiki\/1153\">1153<\/a>: <a title=\"Bernard de Tremelay\" href=\"https:\/\/es.wikipedia.org\/wiki\/Bernard_de_Tremelay\">Bernard de Tremelay<\/a>, gran maestre de la Orden del Temple.<\/li>\n<li><a title=\"1327\" href=\"https:\/\/es.wikipedia.org\/wiki\/1327\">1327<\/a> (fecha tradicional): <a class=\"mw-redirect\" title=\"San Roque de Montpellier\" href=\"https:\/\/es.wikipedia.org\/wiki\/San_Roque_de_Montpellier\">Roque de Montpellier<\/a>, religioso y santo franc\u00e9s.<\/li>\n<li><a title=\"1419\" href=\"https:\/\/es.wikipedia.org\/wiki\/1419\">1419<\/a>: <a title=\"Wenceslao de Luxemburgo\" href=\"https:\/\/es.wikipedia.org\/wiki\/Wenceslao_de_Luxemburgo\">Wenceslao de Luxemburgo<\/a>, rey bohemio.<\/li>\n<li><a title=\"1443\" href=\"https:\/\/es.wikipedia.org\/wiki\/1443\">1443<\/a>: <a title=\"Ashikaga Yoshikatsu\" href=\"https:\/\/es.wikipedia.org\/wiki\/Ashikaga_Yoshikatsu\">Ashikaga Yoshikatsu<\/a>, guerrero shogun japon\u00e9s.<\/li>\n<li><a title=\"1705\" href=\"https:\/\/es.wikipedia.org\/wiki\/1705\">1705<\/a>: <a title=\"Jakob Bernoulli\" href=\"https:\/\/es.wikipedia.org\/wiki\/Jakob_Bernoulli\">Jakob Bernoulli<\/a>, c\u00e9lebre matem\u00e1tico suizo.<\/li>\n<li><a title=\"1788\" href=\"https:\/\/es.wikipedia.org\/wiki\/1788\">1788<\/a>: <a title=\"Francisco Javier Alegre\" href=\"https:\/\/es.wikipedia.org\/wiki\/Francisco_Javier_Alegre\">Francisco Javier Alegre<\/a>, historiador y jesuita mexicano.<\/li>\n<li><a title=\"1801\" href=\"https:\/\/es.wikipedia.org\/wiki\/1801\">1801<\/a>: <a title=\"Ralph Earl\" href=\"https:\/\/es.wikipedia.org\/wiki\/Ralph_Earl\">Ralph Earl<\/a>, pintor estadounidense.<\/li>\n<li><a title=\"1861\" href=\"https:\/\/es.wikipedia.org\/wiki\/1861\">1861<\/a>: <a title=\"Juan Gregorio Pujol\" href=\"https:\/\/es.wikipedia.org\/wiki\/Juan_Gregorio_Pujol\">Juan Pujol<\/a>, pol\u00edtico argentino (n. 1817).<\/li>\n<li><a title=\"1873\" href=\"https:\/\/es.wikipedia.org\/wiki\/1873\">1873<\/a>: <a title=\"Georg Hellmesberger (padre)\" href=\"https:\/\/es.wikipedia.org\/wiki\/Georg_Hellmesberger_(padre)\">Georg Hellmesberger<\/a>, compositor y violinista austr\u00edaco (n. 1800).<\/li>\n<li><a title=\"1886\" href=\"https:\/\/es.wikipedia.org\/wiki\/1886\">1886<\/a>: <a title=\"Ramakrishna\" href=\"https:\/\/es.wikipedia.org\/wiki\/Ramakrishna\">Ramakrishna<\/a>, m\u00edstico bengal\u00ed.<\/li>\n<li><a title=\"1888\" href=\"https:\/\/es.wikipedia.org\/wiki\/1888\">1888<\/a>: <a title=\"John Stith Pemberton\" href=\"https:\/\/es.wikipedia.org\/wiki\/John_Stith_Pemberton\">John Stith Pemberton<\/a>, qu\u00edmico estadounidense, creador de la Coca-Cola.<\/li>\n<li><a title=\"1893\" href=\"https:\/\/es.wikipedia.org\/wiki\/1893\">1893<\/a>: <a class=\"mw-redirect\" title=\"Jean Martin Charcot\" href=\"https:\/\/es.wikipedia.org\/wiki\/Jean_Martin_Charcot\">Jean Martin Charcot<\/a>, neur\u00f3logo franc\u00e9s.<\/li>\n<li><a title=\"1899\" href=\"https:\/\/es.wikipedia.org\/wiki\/1899\">1899<\/a>: <a title=\"Robert Bunsen\" href=\"https:\/\/es.wikipedia.org\/wiki\/Robert_Bunsen\">Robert Bunsen<\/a>, qu\u00edmico alem\u00e1n.<\/li>\n<li><a title=\"1900\" href=\"https:\/\/es.wikipedia.org\/wiki\/1900\">1900<\/a>: <a class=\"mw-redirect\" title=\"Jos\u00e9 Mar\u00eda E\u00e7a de Queir\u00f3s\" href=\"https:\/\/es.wikipedia.org\/wiki\/Jos%C3%A9_Mar%C3%ADa_E%C3%A7a_de_Queir%C3%B3s\">Jos\u00e9 Mar\u00eda E\u00e7a de Queir\u00f3s<\/a>, novelista portugu\u00e9s.<\/li>\n<li><a title=\"1906\" href=\"https:\/\/es.wikipedia.org\/wiki\/1906\">1906<\/a>: <a title=\"Isidoro de Mar\u00eda\" href=\"https:\/\/es.wikipedia.org\/wiki\/Isidoro_de_Mar%C3%ADa\">Isidoro de Mar\u00eda<\/a>, historiador y periodista uruguayo.<\/li>\n<li><a title=\"1910\" href=\"https:\/\/es.wikipedia.org\/wiki\/1910\">1910<\/a>: <a class=\"mw-redirect\" title=\"Pedro Montt Montt\" href=\"https:\/\/es.wikipedia.org\/wiki\/Pedro_Montt_Montt\">Pedro Montt Montt<\/a>, presidente chileno entre 1906 y 1910.<\/li>\n<li><a title=\"1933\" href=\"https:\/\/es.wikipedia.org\/wiki\/1933\">1933<\/a>: <a title=\"Francisco V\u00e1zquez G\u00f3mez\" href=\"https:\/\/es.wikipedia.org\/wiki\/Francisco_V%C3%A1zquez_G%C3%B3mez\">Francisco V\u00e1zquez G\u00f3mez<\/a>, m\u00e9dico y pol\u00edtico mexicano (n. 1860).<\/li>\n<li><a title=\"1936\" href=\"https:\/\/es.wikipedia.org\/wiki\/1936\">1936<\/a>: <a title=\"V\u00edctor Chumillas\" href=\"https:\/\/es.wikipedia.org\/wiki\/V%C3%ADctor_Chumillas\">V\u00edctor Chumillas<\/a>, religioso y beato espa\u00f1ol (n. 1902).<\/li>\n<li>1936: <a title=\"Grazia Deledda\" href=\"https:\/\/es.wikipedia.org\/wiki\/Grazia_Deledda\">Grazia Deledda<\/a>, poetisa italiana.<\/li>\n<li><a title=\"1938\" href=\"https:\/\/es.wikipedia.org\/wiki\/1938\">1938<\/a>: <a title=\"Robert Johnson\" href=\"https:\/\/es.wikipedia.org\/wiki\/Robert_Johnson\">Robert Johnson<\/a>, m\u00fasico estadounidense.<\/li>\n<li><a title=\"1940\" href=\"https:\/\/es.wikipedia.org\/wiki\/1940\">1940<\/a>: <a title=\"Henri Desgrange\" href=\"https:\/\/es.wikipedia.org\/wiki\/Henri_Desgrange\">Henri Desgrange<\/a>, ciclista franc\u00e9s, fundador del Tour de Francia.<\/li>\n<li><a title=\"1948\" href=\"https:\/\/es.wikipedia.org\/wiki\/1948\">1948<\/a>: <a title=\"Babe Ruth\" href=\"https:\/\/es.wikipedia.org\/wiki\/Babe_Ruth\">Babe Ruth<\/a>, beisbolista estadounidense.<\/li>\n<li><a title=\"1949\" href=\"https:\/\/es.wikipedia.org\/wiki\/1949\">1949<\/a>: <a title=\"Margaret Mitchell\" href=\"https:\/\/es.wikipedia.org\/wiki\/Margaret_Mitchell\">Margaret Mitchell<\/a>, escritora estadounidense.<\/li>\n<li><a title=\"1950\" href=\"https:\/\/es.wikipedia.org\/wiki\/1950\">1950<\/a>: <a title=\"Juan Marcilla Arrazola\" href=\"https:\/\/es.wikipedia.org\/wiki\/Juan_Marcilla_Arrazola\">Juan Marcilla Arrazola<\/a>, ingeniero espa\u00f1ol (n. 1886).<\/li>\n<li><a title=\"1956\" href=\"https:\/\/es.wikipedia.org\/wiki\/1956\">1956<\/a>: <a title=\"B\u00e9la Lugosi\" href=\"https:\/\/es.wikipedia.org\/wiki\/B%C3%A9la_Lugosi\">B\u00e9la Lugosi<\/a>, actor h\u00fangaro.<\/li>\n<li><a title=\"1957\" href=\"https:\/\/es.wikipedia.org\/wiki\/1957\">1957<\/a>: <a title=\"Irving Langmuir\" href=\"https:\/\/es.wikipedia.org\/wiki\/Irving_Langmuir\">Irving Langmuir<\/a>, qu\u00edmico estadounidense, premio nobel de qu\u00edmica en 1932.<\/li>\n<li><a title=\"1967\" href=\"https:\/\/es.wikipedia.org\/wiki\/1967\">1967<\/a>: <a title=\"John Courtney Murray\" href=\"https:\/\/es.wikipedia.org\/wiki\/John_Courtney_Murray\">John Courtney Murray<\/a>, te\u00f3logo y jesuita estadounidense.<\/li>\n<li><a title=\"1973\" href=\"https:\/\/es.wikipedia.org\/wiki\/1973\">1973<\/a>: <a title=\"Fulgencio Batista\" href=\"https:\/\/es.wikipedia.org\/wiki\/Fulgencio_Batista\">Fulgencio Batista<\/a>, dictador cubano.<\/li>\n<li><a title=\"1975\" href=\"https:\/\/es.wikipedia.org\/wiki\/1975\">1975<\/a>: <a title=\"Vlad\u00edmir Kuts\" href=\"https:\/\/es.wikipedia.org\/wiki\/Vlad%C3%ADmir_Kuts\">Vlad\u00edmir Kuts<\/a>, atleta sovi\u00e9tico.<\/li>\n<li><a title=\"1977\" href=\"https:\/\/es.wikipedia.org\/wiki\/1977\">1977<\/a>: <a title=\"Elvis Presley\" href=\"https:\/\/es.wikipedia.org\/wiki\/Elvis_Presley\">Elvis Presley<\/a>, m\u00fasico estadounidense.<\/li>\n<li><a title=\"1979\" href=\"https:\/\/es.wikipedia.org\/wiki\/1979\">1979<\/a>: <a title=\"John George Diefenbaker\" href=\"https:\/\/es.wikipedia.org\/wiki\/John_George_Diefenbaker\">John George Diefenbaker<\/a>, primer ministro canadiense (n. 1895).<\/li>\n<li><a title=\"1988\" href=\"https:\/\/es.wikipedia.org\/wiki\/1988\">1988<\/a>: <a title=\"Eduardo Haro Ibars\" href=\"https:\/\/es.wikipedia.org\/wiki\/Eduardo_Haro_Ibars\">Eduardo Haro Ibars<\/a>, poeta espa\u00f1ol (n. 1948).<\/li>\n<li><a title=\"1990\" href=\"https:\/\/es.wikipedia.org\/wiki\/1990\">1990<\/a>: <a title=\"Paulino Vicente (padre)\" href=\"https:\/\/es.wikipedia.org\/wiki\/Paulino_Vicente_(padre)\">Paulino Vicente<\/a>, pintor espa\u00f1ol.<\/li>\n<li><a title=\"1990\" href=\"https:\/\/es.wikipedia.org\/wiki\/1990\">1990<\/a>: <a title=\"Ricardo Saprissa\" href=\"https:\/\/es.wikipedia.org\/wiki\/Ricardo_Saprissa\">Ricardo Saprissa<\/a>, futbolista y empresario salvadore\u00f1o-costarricense (n. 1901).<\/li>\n<li><a title=\"1991\" href=\"https:\/\/es.wikipedia.org\/wiki\/1991\">1991<\/a>: <a class=\"mw-redirect\" title=\"Federico Mar\u00e9s Deulovol\" href=\"https:\/\/es.wikipedia.org\/wiki\/Federico_Mar%C3%A9s_Deulovol\">Federico Mar\u00e9s Deulovol<\/a>, escultor y acad\u00e9mico espa\u00f1ol (n. 1893).<\/li>\n<li><a title=\"1992\" href=\"https:\/\/es.wikipedia.org\/wiki\/1992\">1992<\/a>: <a class=\"mw-redirect\" title=\"C\u00e1ndido L\u00f3pez Sanz\" href=\"https:\/\/es.wikipedia.org\/wiki\/C%C3%A1ndido_L%C3%B3pez_Sanz\">C\u00e1ndido L\u00f3pez Sanz<\/a>, cocinero espa\u00f1ol.<\/li>\n<li><a title=\"1993\" href=\"https:\/\/es.wikipedia.org\/wiki\/1993\">1993<\/a>: <a title=\"Stewart Granger\" href=\"https:\/\/es.wikipedia.org\/wiki\/Stewart_Granger\">Stewart Granger<\/a>, actor brit\u00e1nico.<\/li>\n<li><a title=\"1997\" href=\"https:\/\/es.wikipedia.org\/wiki\/1997\">1997<\/a>: <a title=\"Nusrat Fateh Ali Khan\" href=\"https:\/\/es.wikipedia.org\/wiki\/Nusrat_Fateh_Ali_Khan\">Nusrat Fateh Ali Khan<\/a>, cantante pakistan\u00ed.<\/li>\n<li>1997: <a class=\"mw-redirect\" title=\"Alberto Moran\" href=\"https:\/\/es.wikipedia.org\/wiki\/Alberto_Moran\">Alberto Mor\u00e1n<\/a>, cantante argentino de tangos, de origen piamont\u00e9s (n. 1922).<\/li>\n<li><a title=\"2002\" href=\"https:\/\/es.wikipedia.org\/wiki\/2002\">2002<\/a>: <a title=\"Jorge Bellizzi\" href=\"https:\/\/es.wikipedia.org\/wiki\/Jorge_Bellizzi\">Jorge Bellizzi<\/a>, escritor argentino (n. 1927).<\/li>\n<li><a title=\"2003\" href=\"https:\/\/es.wikipedia.org\/wiki\/2003\">2003<\/a>: <a title=\"Idi Amin\" href=\"https:\/\/es.wikipedia.org\/wiki\/Idi_Amin\">Idi Amin<\/a>, dictador ugand\u00e9s.<\/li>\n<li>2003: <a title=\"Haroldo de Campos\" href=\"https:\/\/es.wikipedia.org\/wiki\/Haroldo_de_Campos\">Haroldo de Campos<\/a>, poeta brasile\u00f1o.<\/li>\n<li>2003: <a title=\"Jos\u00e9 Mar\u00eda Covarrubias\" href=\"https:\/\/es.wikipedia.org\/wiki\/Jos%C3%A9_Mar%C3%ADa_Covarrubias\">Jos\u00e9 Mar\u00eda Covarrubias<\/a>, activista mexicano (n. 1948).<\/li>\n<li><a title=\"2005\" href=\"https:\/\/es.wikipedia.org\/wiki\/2005\">2005<\/a>: <a title=\"Joe Ranft\" href=\"https:\/\/es.wikipedia.org\/wiki\/Joe_Ranft\">Joe Ranft<\/a>, animador estadounidense.<\/li>\n<li>2005: <a class=\"mw-redirect\" title=\"Hermano Roger\" href=\"https:\/\/es.wikipedia.org\/wiki\/Hermano_Roger\">Hermano Roger<\/a>, religioso suizo, fundador de la <a title=\"Comunidad de Taiz\u00e9\" href=\"https:\/\/es.wikipedia.org\/wiki\/Comunidad_de_Taiz%C3%A9\">Comunidad de Taiz\u00e9<\/a>.<\/li>\n<li><a title=\"2006\" href=\"https:\/\/es.wikipedia.org\/wiki\/2006\">2006<\/a>: <a title=\"Hilario Camacho\" href=\"https:\/\/es.wikipedia.org\/wiki\/Hilario_Camacho\">Hilario Camacho<\/a>, m\u00fasico espa\u00f1ol (n. 1948).<\/li>\n<li>2006: <a title=\"Jon N\u00f6dtveidt\" href=\"https:\/\/es.wikipedia.org\/wiki\/Jon_N%C3%B6dtveidt\">Jon N\u00f6dtveidt<\/a>, cantante, compositor y guitarrista de <a title=\"Dissection\" href=\"https:\/\/es.wikipedia.org\/wiki\/Dissection\">Dissection<\/a> (n. 1975).<\/li>\n<li>2006: <a title=\"Alfredo Stroessner\" href=\"https:\/\/es.wikipedia.org\/wiki\/Alfredo_Stroessner\">Alfredo Stroessner<\/a>, dictador paraguayo.<\/li>\n<li><a title=\"2007\" href=\"https:\/\/es.wikipedia.org\/wiki\/2007\">2007<\/a>: <a title=\"Max Roach\" href=\"https:\/\/es.wikipedia.org\/wiki\/Max_Roach\">Max Roach<\/a>, m\u00fasico estadounidense, precursor del jazz moderno.<\/li>\n<li><a title=\"2008\" href=\"https:\/\/es.wikipedia.org\/wiki\/2008\">2008<\/a>: <a title=\"Dorival Caymmi\" href=\"https:\/\/es.wikipedia.org\/wiki\/Dorival_Caymmi\">Dorival Caymmi<\/a>, m\u00fasico brasile\u00f1o.<\/li>\n<li>2008: <a title=\"Fanny Mikey\" href=\"https:\/\/es.wikipedia.org\/wiki\/Fanny_Mikey\">Fanny Mikey<\/a>, actriz, directora y empresaria de teatro colombo-argentina.<\/li>\n<li>2008: <a title=\"Ronnie Drew\" href=\"https:\/\/es.wikipedia.org\/wiki\/Ronnie_Drew\">Ronnie Drew<\/a>, cantante y compositor irland\u00e9s (n. 1934).<\/li>\n<li><a title=\"2010\" href=\"https:\/\/es.wikipedia.org\/wiki\/2010\">2010<\/a>: <a title=\"Nicola Cabibbo\" href=\"https:\/\/es.wikipedia.org\/wiki\/Nicola_Cabibbo\">Nicola Cabibbo<\/a>, f\u00edsico italiano (n. 1935).<sup id=\"cite_ref-1\" class=\"reference\"><a href=\"https:\/\/es.wikipedia.org\/wiki\/16_de_agosto#cite_note-1\">1<\/a><\/sup><\/li>\n<li>2010: <a title=\"Christopher Freeman\" href=\"https:\/\/es.wikipedia.org\/wiki\/Christopher_Freeman\">Christopher Freeman<\/a>, economista brit\u00e1nico (n. 1921).<\/li>\n<li><a title=\"2011\" href=\"https:\/\/es.wikipedia.org\/wiki\/2011\">2011<\/a>: <a class=\"mw-redirect\" title=\"Andr\u00e9s Bajuk\" href=\"https:\/\/es.wikipedia.org\/wiki\/Andr%C3%A9s_Bajuk\">Andr\u00e9s Bajuk<\/a>, economista argentino de origen esloveno, primer ministro de Eslovenia en 2000 (n. 1943).<sup id=\"cite_ref-2\" class=\"reference\"><a href=\"https:\/\/es.wikipedia.org\/wiki\/16_de_agosto#cite_note-2\">2<\/a><\/sup><\/li>\n<li><a title=\"2012\" href=\"https:\/\/es.wikipedia.org\/wiki\/2012\">2012<\/a>: <a title=\"Manuel Calvo Hernando\" href=\"https:\/\/es.wikipedia.org\/wiki\/Manuel_Calvo_Hernando\">Manuel Calvo Hernando<\/a>, periodista, escritor y divulgador cient\u00edfico espa\u00f1ol (n. 1923).<\/li>\n<li><a title=\"2016\" href=\"https:\/\/es.wikipedia.org\/wiki\/2016\">2016<\/a>: <a class=\"mw-redirect\" title=\"Leopoldo Ort\u00edn\" href=\"https:\/\/es.wikipedia.org\/wiki\/Leopoldo_Ort%C3%ADn\">Leopoldo \u00abPolo\u00bb Ort\u00edn<\/a>, actor y comediante mexicano (n.1928).<\/li>\n<\/ul>\n<h2 style=\"text-align: justify;\"><span id=\"Celebraciones\" class=\"mw-headline\">Celebraciones<\/span><\/h2>\n<ul style=\"text-align: justify;\">\n<li><a title=\"Betanzos\" href=\"https:\/\/es.wikipedia.org\/wiki\/Betanzos\">Betanzos<\/a>, <a title=\"Provincia de La Coru\u00f1a\" href=\"https:\/\/es.wikipedia.org\/wiki\/Provincia_de_La_Coru%C3%B1a\">provincia de La Coru\u00f1a<\/a>. Fiesta patronal en honor a <a class=\"mw-redirect\" title=\"Roque (santo)\" href=\"https:\/\/es.wikipedia.org\/wiki\/Roque_(santo)\">San Roque<\/a>. Destacable el lanzamiento del <a title=\"Globo de Betanzos\" href=\"https:\/\/es.wikipedia.org\/wiki\/Globo_de_Betanzos\">globo de papel<\/a> la noche del 16 de agosto, Fiesta de Inter\u00e9s Tur\u00edstico Nacional<\/li>\n<li><a title=\"Bronchales\" href=\"https:\/\/es.wikipedia.org\/wiki\/Bronchales\">Bronchales<\/a> (situado cerca de <a title=\"Albarrac\u00edn\" href=\"https:\/\/es.wikipedia.org\/wiki\/Albarrac%C3%ADn\">Albarrac\u00edn<\/a>, <a title=\"Provincia de Teruel\" href=\"https:\/\/es.wikipedia.org\/wiki\/Provincia_de_Teruel\">provincia de Teruel<\/a>): D\u00eda de la Sopeta.<\/li>\n<li><a title=\"Cimballa\" href=\"https:\/\/es.wikipedia.org\/wiki\/Cimballa\">Cimballa<\/a>, en la comarca de Calatayud, provincia de Zaragoza, las segundas fiestas, tradicional por el reparto, en la antig\u00fcedad, de ca\u00f1amones por el Hermano al cual le tocaba la fiesta.<\/li>\n<li><a title=\"La Colilla\" href=\"https:\/\/es.wikipedia.org\/wiki\/La_Colilla\">La Colilla<\/a>, <a title=\"Provincia de \u00c1vila\" href=\"https:\/\/es.wikipedia.org\/wiki\/Provincia_de_%C3%81vila\">provincia de \u00c1vila<\/a>. Fiesta patronal en honor a <a class=\"mw-redirect\" title=\"Roque (santo)\" href=\"https:\/\/es.wikipedia.org\/wiki\/Roque_(santo)\">San Roque<\/a><\/li>\n<li><a title=\"Vallejera de Riofr\u00edo\" href=\"https:\/\/es.wikipedia.org\/wiki\/Vallejera_de_Riofr%C3%ADo\">Vallejera de Riofr\u00edo<\/a>, <a title=\"Provincia de Salamanca\" href=\"https:\/\/es.wikipedia.org\/wiki\/Provincia_de_Salamanca\">Salamanca<\/a>, fiestas patronales en honor a San Roque.<\/li>\n<li>En Essen y Hildesheim: aniversario del santo obispo <a title=\"Altfrid\" href=\"https:\/\/es.wikipedia.org\/wiki\/Altfrid\">Altfrid<\/a><\/li>\n<li><a title=\"Kioto\" href=\"https:\/\/es.wikipedia.org\/wiki\/Kioto\">Kyoto<\/a>, <a title=\"Jap\u00f3n\" href=\"https:\/\/es.wikipedia.org\/wiki\/Jap%C3%B3n\">Jap\u00f3n<\/a>: <a title=\"Gozan no Okuribi\" href=\"https:\/\/es.wikipedia.org\/wiki\/Gozan_no_Okuribi\">Gozan no Okuribi<\/a>.<\/li>\n<li><a title=\"Macotera\" href=\"https:\/\/es.wikipedia.org\/wiki\/Macotera\">Macotera<\/a> (<a title=\"Provincia de Salamanca\" href=\"https:\/\/es.wikipedia.org\/wiki\/Provincia_de_Salamanca\">provincia de Salamanca<\/a>). En honor a <a class=\"mw-redirect\" title=\"Roque (santo)\" href=\"https:\/\/es.wikipedia.org\/wiki\/Roque_(santo)\">San Roque<\/a>. Del 14 al 18 destacar que en los d\u00edas 16, 17, 18 hay encierros y el 18 o 19 hay un encierro a caballo y la larga procesi\u00f3n del santo que suele durar unas 6 horas.<\/li>\n<li>En <a class=\"mw-redirect\" title=\"Moral de Calatrava (Ciudad Real)\" href=\"https:\/\/es.wikipedia.org\/wiki\/Moral_de_Calatrava_(Ciudad_Real)\">Moral de Calatrava (Ciudad Real)<\/a> Ferias y Fiestas en honor a San Roque copatr\u00f3n y protector de la ciudad junto con la Patrona Ntra, Sra, Virgen de la Sierra.<\/li>\n<li><a title=\"Palazuelos\" href=\"https:\/\/es.wikipedia.org\/wiki\/Palazuelos\">Palazuelos<\/a>, <a title=\"Provincia de Guadalajara\" href=\"https:\/\/es.wikipedia.org\/wiki\/Provincia_de_Guadalajara\">provincia de Guadalajara<\/a>. \u00abQuema del boto\u00bb, en recuerdo del voto o promesa hecho a San Roque. Campeonato de <a class=\"mw-redirect\" title=\"Tanguilla\" href=\"https:\/\/es.wikipedia.org\/wiki\/Tanguilla\">tanguilla<\/a>.<\/li>\n<li>En Paraguay: D\u00eda del Ni\u00f1o.<\/li>\n<li><a title=\"Pinos del Valle\" href=\"https:\/\/es.wikipedia.org\/wiki\/Pinos_del_Valle\">Pinos del Valle<\/a>, <a class=\"mw-redirect\" title=\"Granada (Espa\u00f1a)\" href=\"https:\/\/es.wikipedia.org\/wiki\/Granada_(Espa%C3%B1a)\">Granada<\/a>. D\u00eda grande de las fiestas patronales, ya que es el d\u00eda del patr\u00f3n. Este d\u00eda es el revoloteo de la bandera, en honor a <a class=\"mw-redirect\" title=\"Roque (santo)\" href=\"https:\/\/es.wikipedia.org\/wiki\/Roque_(santo)\">San Roque<\/a>.<\/li>\n<li>Fiesta Nacional en <a title=\"Rep\u00fablica Dominicana\" href=\"https:\/\/es.wikipedia.org\/wiki\/Rep%C3%BAblica_Dominicana\">Rep\u00fablica Dominicana<\/a>: d\u00eda de la <a title=\"Guerra de la Restauraci\u00f3n\" href=\"https:\/\/es.wikipedia.org\/wiki\/Guerra_de_la_Restauraci%C3%B3n\">Restauraci\u00f3n de la Rep\u00fablica<\/a>.<\/li>\n<\/ul>\n<ul style=\"text-align: justify;\">\n<li><a title=\"Villagarc\u00eda de Arosa\" href=\"https:\/\/es.wikipedia.org\/wiki\/Villagarc%C3%ADa_de_Arosa\">Villagarc\u00eda de Arosa<\/a>, <a title=\"Provincia de Pontevedra\" href=\"https:\/\/es.wikipedia.org\/wiki\/Provincia_de_Pontevedra\">Pontevedra<\/a>. Festa da Auga en el d\u00eda de San Roque. Este d\u00eda los habitantes de la ciudad gallega lanzan agua y se mojan unos a otros junto con la colaboraci\u00f3n de los Bomberos seg\u00fan la tradici\u00f3n para aliviar las altas temperaturas de la zona en verano en honor a <a class=\"mw-redirect\" title=\"Roque (santo)\" href=\"https:\/\/es.wikipedia.org\/wiki\/Roque_(santo)\">San Roque<\/a>.<\/li>\n<\/ul>\n<ul style=\"text-align: justify;\">\n<li><a title=\"Olavarr\u00eda\" href=\"https:\/\/es.wikipedia.org\/wiki\/Olavarr%C3%ADa\">Olavarria<\/a>, <a title=\"Argentina\" href=\"https:\/\/es.wikipedia.org\/wiki\/Argentina\">Argentina<\/a>: D\u00eda nacional y conmemorativo de los ca\u00eddos en motocicleta.<\/li>\n<li><a title=\"Pe\u00f1alver\" href=\"https:\/\/es.wikipedia.org\/wiki\/Pe%C3%B1alver\">Pe\u00f1alver<\/a>, <a title=\"Provincia de Guadalajara\" href=\"https:\/\/es.wikipedia.org\/wiki\/Provincia_de_Guadalajara\">Guadalajara<\/a>: romer\u00eda de San Roque a su ermita, misa y se reparte caridad (bollos y dulces) bendecidos<\/li>\n<\/ul>\n<h3 style=\"text-align: justify;\"><span id=\"Santoral_cat.C3.B3lico\" class=\"mw-headline\"><a title=\"Santoral cat\u00f3lico\" href=\"https:\/\/es.wikipedia.org\/wiki\/Santoral_cat%C3%B3lico\">Santoral cat\u00f3lico<\/a><\/span><\/h3>\n<ul>\n<li style=\"text-align: justify;\"><a title=\"Roque\" href=\"https:\/\/es.wikipedia.org\/wiki\/Roque\">San Roque<\/a>.<\/li>\n<li style=\"text-align: justify;\"><a title=\"Esteban I de Hungr\u00eda\" href=\"https:\/\/es.wikipedia.org\/wiki\/Esteban_I_de_Hungr%C3%ADa\">San Esteban rey<\/a>.<\/li>\n<li style=\"text-align: justify;\"><a title=\"Eleuterio\" href=\"https:\/\/es.wikipedia.org\/wiki\/Eleuterio\">San Eleuterio<\/a>.<\/li>\n<li style=\"text-align: justify;\">Santa Basilia.<\/li>\n<li style=\"text-align: justify;\">San Cosme.<\/li>\n<li style=\"text-align: justify;\">San Teodoro.<\/li>\n<li style=\"text-align: justify;\">San Arsacio.<\/li>\n<\/ul>\n","protected":false},"excerpt":{"rendered":"<p>Es el 228.\u00ba (ducent\u00e9simo vigesimoctavo) d\u00eda del a\u00f1o en el calendario gregoriano y el 229.\u00ba en los a\u00f1os bisiestos. Quedan 137\u00a0d\u00edas para finalizar el a\u00f1o.<\/p>\n","protected":false},"author":6,"featured_media":2497,"comment_status":"open","ping_status":"open","sticky":false,"template":"","format":"standard","meta":{"_acf_changed":false,"_monsterinsights_skip_tracking":false,"slim_seo":{"title":"Efem\u00e9rides 16 de Agosto - Opini\u00f3n P\u00fablica","description":"Es el 228.\u00ba (ducent\u00e9simo vigesimoctavo) d\u00eda del a\u00f1o en el calendario gregoriano y el 229.\u00ba en los a\u00f1os bisiestos. Quedan 137\u00a0d\u00edas para finalizar el a\u00f1o. Acontec"},"footnotes":""},"categories":[27],"tags":[],"class_list":["post-2498","post","type-post","status-publish","format-standard","has-post-thumbnail","hentry","category-un-dia-como-hoy"],"acf":[],"_links":{"self":[{"href":"https:\/\/www.opinionpublica.tv\/portada\/wp-json\/wp\/v2\/posts\/2498","targetHints":{"allow":["GET"]}}],"collection":[{"href":"https:\/\/www.opinionpublica.tv\/portada\/wp-json\/wp\/v2\/posts"}],"about":[{"href":"https:\/\/www.opinionpublica.tv\/portada\/wp-json\/wp\/v2\/types\/post"}],"author":[{"embeddable":true,"href":"https:\/\/www.opinionpublica.tv\/portada\/wp-json\/wp\/v2\/users\/6"}],"replies":[{"embeddable":true,"href":"https:\/\/www.opinionpublica.tv\/portada\/wp-json\/wp\/v2\/comments?post=2498"}],"version-history":[{"count":0,"href":"https:\/\/www.opinionpublica.tv\/portada\/wp-json\/wp\/v2\/posts\/2498\/revisions"}],"wp:featuredmedia":[{"embeddable":true,"href":"https:\/\/www.opinionpublica.tv\/portada\/wp-json\/wp\/v2\/media\/2497"}],"wp:attachment":[{"href":"https:\/\/www.opinionpublica.tv\/portada\/wp-json\/wp\/v2\/media?parent=2498"}],"wp:term":[{"taxonomy":"category","embeddable":true,"href":"https:\/\/www.opinionpublica.tv\/portada\/wp-json\/wp\/v2\/categories?post=2498"},{"taxonomy":"post_tag","embeddable":true,"href":"https:\/\/www.opinionpublica.tv\/portada\/wp-json\/wp\/v2\/tags?post=2498"}],"curies":[{"name":"wp","href":"https:\/\/api.w.org\/{rel}","templated":true}]}}