{"id":2496,"date":"2016-08-16T06:00:00","date_gmt":"2016-08-16T04:00:00","guid":{"rendered":"https:\/\/www.opinionpublica.tv\/portada\/2016\/08\/16\/estatuillas-olimpicas-generan-polemica-en-redes-sociales\/"},"modified":"2016-08-16T06:00:00","modified_gmt":"2016-08-16T04:00:00","slug":"estatuillas-olimpicas-generan-polemica-en-redes-sociales","status":"publish","type":"post","link":"https:\/\/www.opinionpublica.tv\/portada\/estatuillas-olimpicas-generan-polemica-en-redes-sociales\/","title":{"rendered":"Estatuillas ol\u00edmpicas generan pol\u00e9mica en redes sociales"},"content":{"rendered":"<p><img fetchpriority=\"high\" decoding=\"async\" class=\" size-full wp-image-2495\" src=\"https:\/\/www.opinionpublica.tv\/portada\/wp-content\/uploads\/2016\/08\/ddc8a0dc5f8a941393fccd12b09a2db0.jpg\" alt=\"\" width=\"790\" height=\"640\" srcset=\"https:\/\/www.opinionpublica.tv\/portada\/wp-content\/uploads\/2016\/08\/ddc8a0dc5f8a941393fccd12b09a2db0.jpg 790w, https:\/\/www.opinionpublica.tv\/portada\/wp-content\/uploads\/2016\/08\/ddc8a0dc5f8a941393fccd12b09a2db0-300x243.jpg 300w, https:\/\/www.opinionpublica.tv\/portada\/wp-content\/uploads\/2016\/08\/ddc8a0dc5f8a941393fccd12b09a2db0-768x622.jpg 768w\" sizes=\"(max-width: 790px) 100vw, 790px\" \/><\/p>\n<p style=\"text-align: justify;\">\u00bfPara qu\u00e9 son las estatuillas ol\u00edmpicas que sostienen los atletas al recibir medallas? \u00c9sta es la pregunta que muchos usuarios se han hecho en redes sociales desde que empez\u00f3 R\u00edo 2016.<\/p>\n<p><!--more--><\/p>\n<p style=\"text-align: justify;\">Por ejemplo, un usuario pregunt\u00f3 si \u00e9stas sirven para poner las servilletas.<\/p>\n<p style=\"text-align: justify;\">\u201c\u00bfQu\u00e9 son esos esos servilleteros que les dan junto a las medallas ol\u00edmpicas? No creo que muchos de ellos lo lleven a casa\u201d, dijo el usuario JamesPatrick.<\/p>\n<p style=\"text-align: justify;\">Las estatuillas de colores son de hecho bases para las medallas, dise\u00f1adas para sostener y mostrar las preseas ol\u00edmpicas. Pero muchos estaban desconcertados por su prop\u00f3sito durante las ceremonias de premiaci\u00f3n.<\/p>\n<p style=\"text-align: justify;\">El medallero est\u00e1 inspirado en una escultura 3D del aclamado dise\u00f1ador gr\u00e1fico Fred Gelli y refleja la \u201cenerg\u00eda contagiosa, la diversidad arm\u00f3nica y la naturaleza exuberante\u201d, seg\u00fan el sitio web de Tatil.<\/p>\n<p style=\"text-align: justify;\">La explicaci\u00f3n no detuvo a los usuarios de las redes sociales quienes intentaron adivinar para qu\u00e9 era esta pieza de metal.<\/p>\n<p style=\"text-align: justify;\">\u201cSoy s\u00f3lo yo o en la figura\/trofeo\/souvenir se puede leer \u2018R\u00edo\u2019?\u201d, se pregunt\u00f3 una usuaria.<\/p>\n<p style=\"text-align: justify;\">\u00bfO tal vez un pisapapeles? No, definitivamente no es un pisapapeles.<\/p>\n<p style=\"text-align: justify;\">En el pasado, los ganadores de medallas eran presentados tradicionalmente con un ramo de flores junto a sus medallas, pero ahora es \u201cinsostenible\u201d, seg\u00fan Christy Nicolay, productora ejecutiva de las ceremonias de premiaci\u00f3n.<\/p>\n","protected":false},"excerpt":{"rendered":"<p>\u00bfPara qu\u00e9 son las estatuillas ol\u00edmpicas que sostienen los atletas al recibir medallas? \u00c9sta es la pregunta que muchos usuarios se han hecho en redes sociales desde que empez\u00f3 R\u00edo 2016.<\/p>\n","protected":false},"author":5,"featured_media":2495,"comment_status":"open","ping_status":"open","sticky":false,"template":"","format":"standard","meta":{"_acf_changed":false,"_monsterinsights_skip_tracking":false,"slim_seo":{"title":"Estatuillas ol\u00edmpicas generan pol\u00e9mica en redes sociales - Opini\u00f3n P\u00fablica","description":"\u00bfPara qu\u00e9 son las estatuillas ol\u00edmpicas que sostienen los atletas al recibir medallas? \u00c9sta es la pregunta que muchos usuarios se han hecho en redes sociales de"},"footnotes":""},"categories":[6],"tags":[],"class_list":["post-2496","post","type-post","status-publish","format-standard","has-post-thumbnail","hentry","category-rio-2016"],"acf":[],"_links":{"self":[{"href":"https:\/\/www.opinionpublica.tv\/portada\/wp-json\/wp\/v2\/posts\/2496","targetHints":{"allow":["GET"]}}],"collection":[{"href":"https:\/\/www.opinionpublica.tv\/portada\/wp-json\/wp\/v2\/posts"}],"about":[{"href":"https:\/\/www.opinionpublica.tv\/portada\/wp-json\/wp\/v2\/types\/post"}],"author":[{"embeddable":true,"href":"https:\/\/www.opinionpublica.tv\/portada\/wp-json\/wp\/v2\/users\/5"}],"replies":[{"embeddable":true,"href":"https:\/\/www.opinionpublica.tv\/portada\/wp-json\/wp\/v2\/comments?post=2496"}],"version-history":[{"count":0,"href":"https:\/\/www.opinionpublica.tv\/portada\/wp-json\/wp\/v2\/posts\/2496\/revisions"}],"wp:featuredmedia":[{"embeddable":true,"href":"https:\/\/www.opinionpublica.tv\/portada\/wp-json\/wp\/v2\/media\/2495"}],"wp:attachment":[{"href":"https:\/\/www.opinionpublica.tv\/portada\/wp-json\/wp\/v2\/media?parent=2496"}],"wp:term":[{"taxonomy":"category","embeddable":true,"href":"https:\/\/www.opinionpublica.tv\/portada\/wp-json\/wp\/v2\/categories?post=2496"},{"taxonomy":"post_tag","embeddable":true,"href":"https:\/\/www.opinionpublica.tv\/portada\/wp-json\/wp\/v2\/tags?post=2496"}],"curies":[{"name":"wp","href":"https:\/\/api.w.org\/{rel}","templated":true}]}}