{"id":2494,"date":"2016-08-16T06:00:00","date_gmt":"2016-08-16T04:00:00","guid":{"rendered":"https:\/\/www.opinionpublica.tv\/portada\/2016\/08\/16\/fbi-enviara-reporte-sobre-hillary-clinton-al-congreso\/"},"modified":"2016-08-16T06:00:00","modified_gmt":"2016-08-16T04:00:00","slug":"fbi-enviara-reporte-sobre-hillary-clinton-al-congreso","status":"publish","type":"post","link":"https:\/\/www.opinionpublica.tv\/portada\/fbi-enviara-reporte-sobre-hillary-clinton-al-congreso\/","title":{"rendered":"FBI enviar\u00e1 reporte sobre Hillary Clinton al Congreso"},"content":{"rendered":"<p><img fetchpriority=\"high\" decoding=\"async\" class=\" size-full wp-image-2493\" src=\"https:\/\/www.opinionpublica.tv\/portada\/wp-content\/uploads\/2016\/08\/c3a2b2e5f9b2aeffe7e8640d9d6f6fec.jpg\" alt=\"\" width=\"780\" height=\"438\" srcset=\"https:\/\/www.opinionpublica.tv\/portada\/wp-content\/uploads\/2016\/08\/c3a2b2e5f9b2aeffe7e8640d9d6f6fec.jpg 780w, https:\/\/www.opinionpublica.tv\/portada\/wp-content\/uploads\/2016\/08\/c3a2b2e5f9b2aeffe7e8640d9d6f6fec-300x168.jpg 300w, https:\/\/www.opinionpublica.tv\/portada\/wp-content\/uploads\/2016\/08\/c3a2b2e5f9b2aeffe7e8640d9d6f6fec-768x431.jpg 768w\" sizes=\"(max-width: 780px) 100vw, 780px\" \/><\/p>\n<p style=\"text-align: justify;\">El Bur\u00f3 Federal de Investigaciones (FBI) enviar\u00e1 al Congreso estadounidense en las pr\u00f3ximas horas un reporte del Departamento de Justicia de julio, donde se explica por qu\u00e9 recomienda que no se presenten cargos contra Hillary Clinton en la investigaci\u00f3n de su servidor de correo electr\u00f3nico.<\/p>\n<p><!--more--><\/p>\n<p style=\"text-align: justify;\">La decisi\u00f3n de entregar el material investigativo en este caso en el que no se presentan cargos es extremadamente raro.<\/p>\n<p style=\"text-align: justify;\">El reporte incluye notas de entrevistas de Hillary Clinton y otros testigos en la investigaci\u00f3n. Estos mensajes, llamados 302, representan las notas al pie de las entrevistas de los agentes del FBI.<\/p>\n<p style=\"text-align: justify;\">El material est\u00e1 clasificado, as\u00ed que tendr\u00e1 que ser revisado por los funcionarios del Congreso en una Facilidad de Informaci\u00f3n Sensible.<\/p>\n<p style=\"text-align: justify;\">De acuerdo con su estatus, legalmente no se puede compartir con el p\u00fablico. Las entrevistas de Clinton en este caso fueron voluntarias y es com\u00fan que el FBI no las grabe ni transcriba, pero las \u00abmemorice\u00bb a trav\u00e9s de notas de los agentes del FBI.<\/p>\n<p style=\"text-align: justify;\">El director del FBI James Comey dijo en julio que no recomendar\u00eda presentar cargos contra Hillary Clinton por su uso de un servidor de correo electr\u00f3nico privado mientras que ella era secretaria de Estado.<\/p>\n<p style=\"text-align: justify;\">Mencion\u00f3 tambi\u00e9n que Clinton y sus ayudantes hab\u00edan sido \u00abextremadamente descuidados\u00bb en el manejo de la informaci\u00f3n clasificada.<\/p>\n","protected":false},"excerpt":{"rendered":"<p>El Bur\u00f3 Federal de Investigaciones (FBI) enviar\u00e1 al Congreso estadounidense en las pr\u00f3ximas horas un reporte del Departamento de Justicia de julio, donde se explica por qu\u00e9 recomienda que no se presenten cargos contra Hillary Clinton en la investigaci\u00f3n de su servidor de correo electr\u00f3nico.<\/p>\n","protected":false},"author":5,"featured_media":2493,"comment_status":"open","ping_status":"open","sticky":false,"template":"","format":"standard","meta":{"_acf_changed":false,"_monsterinsights_skip_tracking":false,"slim_seo":{"title":"FBI enviar\u00e1 reporte sobre Hillary Clinton al Congreso - Opini\u00f3n P\u00fablica","description":"El Bur\u00f3 Federal de Investigaciones (FBI) enviar\u00e1 al Congreso estadounidense en las pr\u00f3ximas horas un reporte del Departamento de Justicia de julio, donde se exp"},"footnotes":""},"categories":[24],"tags":[],"class_list":["post-2494","post","type-post","status-publish","format-standard","has-post-thumbnail","hentry","category-estados-unidos"],"acf":[],"_links":{"self":[{"href":"https:\/\/www.opinionpublica.tv\/portada\/wp-json\/wp\/v2\/posts\/2494","targetHints":{"allow":["GET"]}}],"collection":[{"href":"https:\/\/www.opinionpublica.tv\/portada\/wp-json\/wp\/v2\/posts"}],"about":[{"href":"https:\/\/www.opinionpublica.tv\/portada\/wp-json\/wp\/v2\/types\/post"}],"author":[{"embeddable":true,"href":"https:\/\/www.opinionpublica.tv\/portada\/wp-json\/wp\/v2\/users\/5"}],"replies":[{"embeddable":true,"href":"https:\/\/www.opinionpublica.tv\/portada\/wp-json\/wp\/v2\/comments?post=2494"}],"version-history":[{"count":0,"href":"https:\/\/www.opinionpublica.tv\/portada\/wp-json\/wp\/v2\/posts\/2494\/revisions"}],"wp:featuredmedia":[{"embeddable":true,"href":"https:\/\/www.opinionpublica.tv\/portada\/wp-json\/wp\/v2\/media\/2493"}],"wp:attachment":[{"href":"https:\/\/www.opinionpublica.tv\/portada\/wp-json\/wp\/v2\/media?parent=2494"}],"wp:term":[{"taxonomy":"category","embeddable":true,"href":"https:\/\/www.opinionpublica.tv\/portada\/wp-json\/wp\/v2\/categories?post=2494"},{"taxonomy":"post_tag","embeddable":true,"href":"https:\/\/www.opinionpublica.tv\/portada\/wp-json\/wp\/v2\/tags?post=2494"}],"curies":[{"name":"wp","href":"https:\/\/api.w.org\/{rel}","templated":true}]}}