{"id":24900,"date":"2020-10-28T07:00:00","date_gmt":"2020-10-28T06:00:00","guid":{"rendered":"https:\/\/www.opinionpublica.tv\/portada\/2020\/10\/28\/la-marihuana-de-lopez-obrador-y-de-biden\/"},"modified":"2020-10-28T07:00:00","modified_gmt":"2020-10-28T06:00:00","slug":"la-marihuana-de-lopez-obrador-y-de-biden","status":"publish","type":"post","link":"https:\/\/www.opinionpublica.tv\/portada\/la-marihuana-de-lopez-obrador-y-de-biden\/","title":{"rendered":"La marihuana de L\u00f3pez Obrador y de Biden"},"content":{"rendered":"<img fetchpriority=\"high\" decoding=\"async\" class=\" size-full wp-image-24899\" src=\"https:\/\/www.opinionpublica.tv\/portada\/wp-content\/uploads\/2020\/10\/aabb50c1d642d5ac87a857d7c2727780.jpg\" alt=\"\" class=\"caption\" title=\"Jorge G. Casta\u00f1eda.\" width=\"225\" height=\"225\" srcset=\"https:\/\/www.opinionpublica.tv\/portada\/wp-content\/uploads\/2020\/10\/aabb50c1d642d5ac87a857d7c2727780.jpg 225w, https:\/\/www.opinionpublica.tv\/portada\/wp-content\/uploads\/2020\/10\/aabb50c1d642d5ac87a857d7c2727780-150x150.jpg 150w\" sizes=\"(max-width: 225px) 100vw, 225px\" \/>\n<p style=\"text-align: justify;\">Un sector de ninguna manera despreciable de la intelectualidad y del activismo c\u00edvico mexicano vot\u00f3 por L\u00f3pez Obrador debido a su creencia de que el tabasque\u00f1o legalizar\u00eda la marihuana. En realidad, no hab\u00eda razones para pensarlo, ya que en el mejor de los casos el sempiterno candidato siempre afirm\u00f3 que el tema carec\u00eda de importancia, y en algunas ocasiones manifest\u00f3 su franca oposici\u00f3n.<\/p>\n<p><!--more--><\/p>\n<p style=\"text-align: justify;\">Pero debido a un simple silogismo \u2014legalizar la marihuana es una medida de izquierda; AMLO es de izquierda;\u00a0<em>ergo<\/em>, legalizar\u00e1 la marihuana\u2014 pensaron que as\u00ed ser\u00eda.<\/p>\n<p style=\"text-align: justify;\">Huelga decir que no s\u00f3lo no ha sucedido, sino que toda la evidencia sugiere, a pesar de ciertas esperanzas renovadas de algunos coment\u00f3cratas, que no tendr\u00e1 lugar ni este a\u00f1o, ni el siguiente, ni nunca. A menos de que alg\u00fan factor desconocido, nuevo y externo al debate actual, venga a incidir en \u00e9l.<\/p>\n<p style=\"text-align: justify;\">Quienes siempre hemos sido partidarios de la legalizaci\u00f3n del uso recreativo de la marihuana, y que hemos luchado por ello en los tribunales, en la plaza p\u00fablica y ante los legisladores, sabemos bien que hay por lo menos cuatro razones por las cuales L\u00f3pez Obrador, dejado a s\u00ed mismo, jam\u00e1s dar\u00eda ese paso. La primera, igual que con el aborto, es porque la Iglesia (o las iglesias, pero hay niveles) se opone. Es un pleito que no vale la pena para el presidente.<\/p>\n<p style=\"text-align: justify;\">En segundo lugar, porque el Ej\u00e9rcito se opone, con o sin raz\u00f3n, y ese pleito tampoco tiene sentido. En tercer lugar, por sus propias convicciones: AMLO es mojigato y de una izquierda tradicional, para la cual estos temas no s\u00f3lo carecen de importancia, sino que desv\u00edan la atenci\u00f3n de otros m\u00e1s importantes, y adem\u00e1s da\u00f1an a la juventud y a los consumidores en general. Mejor combatir las adicciones.<\/p>\n<p style=\"text-align: justify;\">La cuarta raz\u00f3n podr\u00eda parecer la m\u00e1s importante, a la luz de lo ocurrido a lo largo de los primeros dos a\u00f1os (ya casi) del sexenio. Se trata del desacuerdo de Trump con dicha legalizaci\u00f3n. Se han producido varias filtraciones seg\u00fan las cuales en distintas ocasiones el gobierno de Estados Unidos le habr\u00eda expresado a L\u00f3pez Obrador que ver\u00eda con muy malos ojos cualquier medida en ese sentido. Pero a\u00fan sin dichas filtraciones, es evidente que la administraci\u00f3n saliente en Washington est\u00e1 ferozmente en contra de la legalizaci\u00f3n.<\/p>\n<p style=\"text-align: justify;\">El primer Fiscal General, Jeff Sessions, fue particularmente virulento en su combate a las legalizaciones estatales, y a los efectos que de ellas se derivaban. Asimismo, la base electoral de Trump, en especial los evang\u00e9licos y la derecha conservadora, tambi\u00e9n rechazan la legalizaci\u00f3n. Trump quer\u00eda evitar ese pleito, sobre todo si lo generar\u00e1 L\u00f3pez Obrador (a diferencia de Trudeau, por ejemplo).<\/p>\n<p style=\"text-align: justify;\">Pero, \u00bfqu\u00e9 pasa si de repente Trump ya no existe, y el nuevo presidente de Estados Unidos no s\u00f3lo no se opone a la legalizaci\u00f3n recreativa federal de la marihuana, sino que la impulsa y la lleva a cabo? Como es sabido, tanto Joe Biden como Kamala Harris se han pronunciado a favor de la legalizaci\u00f3n en los debates, en sus discursos y en la plataforma o programa del Partido Dem\u00f3crata. Tambi\u00e9n es un hecho que casi 70% de la opini\u00f3n p\u00fablica, de acuerdo con la serie de encuestas de Gallup, que mide el tema desde los a\u00f1os 70, apoya la medida.<\/p>\n<p style=\"text-align: justify;\">Es posible que Biden decida postergar cualquier iniciativa al respecto, y seguir dejando que los estados de la Uni\u00f3n den pasos adicionales, uno por uno. Incluso el estado de Oregon votar\u00e1 el martes a favor o en contra de la legalizaci\u00f3n de la hero\u00edna, la coca\u00edna y el fentanilo. Biden puede pensar que frente a la magnitud de los dem\u00e1s retos, no quiere gastar capital pol\u00edtico en esto.<\/p>\n<p style=\"text-align: justify;\">O al rev\u00e9s, puede concluir que se tratar\u00eda de cumplir con una promesa de campa\u00f1a altamente simb\u00f3lica, de gran aprobaci\u00f3n en la sociedad, y que le costar\u00eda muy poco. Veremos. Como veremos tambi\u00e9n qu\u00e9 hace L\u00f3pez Obrador si su nuevo socio le voltea la tortilla.<\/p>\n<p style=\"text-align: justify;\">\u00a0<\/p>\n","protected":false},"excerpt":{"rendered":"<p>Un sector de ninguna manera despreciable de la intelectualidad y del activismo c\u00edvico mexicano vot\u00f3 por L\u00f3pez Obrador debido a su creencia de que el tabasque\u00f1o legalizar\u00eda la marihuana. En realidad, no hab\u00eda razones para pensarlo, ya que en el mejor de los casos el sempiterno candidato siempre afirm\u00f3 que el tema carec\u00eda de importancia, [&hellip;]<\/p>\n","protected":false},"author":6,"featured_media":24899,"comment_status":"open","ping_status":"open","sticky":false,"template":"","format":"standard","meta":{"_acf_changed":false,"_monsterinsights_skip_tracking":false,"slim_seo":{"title":"La marihuana de L\u00f3pez Obrador y de Biden - Opini\u00f3n P\u00fablica","description":"Un sector de ninguna manera despreciable de la intelectualidad y del activismo c\u00edvico mexicano vot\u00f3 por L\u00f3pez Obrador debido a su creencia de que el tabasque\u00f1o"},"footnotes":""},"categories":[18],"tags":[],"class_list":["post-24900","post","type-post","status-publish","format-standard","has-post-thumbnail","hentry","category-castaneda-opina"],"acf":[],"_links":{"self":[{"href":"https:\/\/www.opinionpublica.tv\/portada\/wp-json\/wp\/v2\/posts\/24900","targetHints":{"allow":["GET"]}}],"collection":[{"href":"https:\/\/www.opinionpublica.tv\/portada\/wp-json\/wp\/v2\/posts"}],"about":[{"href":"https:\/\/www.opinionpublica.tv\/portada\/wp-json\/wp\/v2\/types\/post"}],"author":[{"embeddable":true,"href":"https:\/\/www.opinionpublica.tv\/portada\/wp-json\/wp\/v2\/users\/6"}],"replies":[{"embeddable":true,"href":"https:\/\/www.opinionpublica.tv\/portada\/wp-json\/wp\/v2\/comments?post=24900"}],"version-history":[{"count":0,"href":"https:\/\/www.opinionpublica.tv\/portada\/wp-json\/wp\/v2\/posts\/24900\/revisions"}],"wp:featuredmedia":[{"embeddable":true,"href":"https:\/\/www.opinionpublica.tv\/portada\/wp-json\/wp\/v2\/media\/24899"}],"wp:attachment":[{"href":"https:\/\/www.opinionpublica.tv\/portada\/wp-json\/wp\/v2\/media?parent=24900"}],"wp:term":[{"taxonomy":"category","embeddable":true,"href":"https:\/\/www.opinionpublica.tv\/portada\/wp-json\/wp\/v2\/categories?post=24900"},{"taxonomy":"post_tag","embeddable":true,"href":"https:\/\/www.opinionpublica.tv\/portada\/wp-json\/wp\/v2\/tags?post=24900"}],"curies":[{"name":"wp","href":"https:\/\/api.w.org\/{rel}","templated":true}]}}