{"id":2489,"date":"2016-08-16T06:00:00","date_gmt":"2016-08-16T04:00:00","guid":{"rendered":"https:\/\/www.opinionpublica.tv\/portada\/2016\/08\/16\/gana-perla-de-la-rosa-medalla-victor-hugo-rascon-banda\/"},"modified":"2016-08-16T06:00:00","modified_gmt":"2016-08-16T04:00:00","slug":"gana-perla-de-la-rosa-medalla-victor-hugo-rascon-banda","status":"publish","type":"post","link":"https:\/\/www.opinionpublica.tv\/portada\/gana-perla-de-la-rosa-medalla-victor-hugo-rascon-banda\/","title":{"rendered":"Gana Perla De La Rosa Medalla V\u00edctor Hugo Rasc\u00f3n Banda"},"content":{"rendered":"<p><img fetchpriority=\"high\" decoding=\"async\" class=\" size-full wp-image-2488\" src=\"https:\/\/www.opinionpublica.tv\/portada\/wp-content\/uploads\/2016\/08\/db37724a1e79e40f446eb56812b3313c.jpg\" alt=\"\" width=\"400\" height=\"267\" srcset=\"https:\/\/www.opinionpublica.tv\/portada\/wp-content\/uploads\/2016\/08\/db37724a1e79e40f446eb56812b3313c.jpg 400w, https:\/\/www.opinionpublica.tv\/portada\/wp-content\/uploads\/2016\/08\/db37724a1e79e40f446eb56812b3313c-300x200.jpg 300w\" sizes=\"(max-width: 400px) 100vw, 400px\" \/><\/p>\n<p style=\"text-align: justify;\">En reconocimiento a su amplia trayectoria en la cultura y el teatro, la dramaturga juarense Perla De La Rosa fue la ganadora de la Medalla al M\u00e9rito Cultural, Victor Hugo Rasc\u00f3n Banda 2016, que otorga cada a\u00f1o el Congreso del Estado de Chihuahua a lo m\u00e1s destacado de la cultura en la entidad.<\/p>\n<p><!--more--><\/p>\n<p style=\"text-align: justify;\">El diputado Gustavo Mart\u00ednez Aguirre, en su calidad de presidente de la Comisi\u00f3n de Educaci\u00f3n y Cultura, dio a conocer que Perla De La Rosa se ha desempe\u00f1ado como directora de escena, actriz y dramaturga.<\/p>\n<p style=\"text-align: justify;\">Mencion\u00f3 que adem\u00e1s es miembro del Sistema Nacional de Creadores de Arte FONCA, directora art\u00edstica de la Compa\u00f1\u00eda Teatral Tel\u00f3n de Arena, lo cual suma 35 a\u00f1os de actriz en teatro televisi\u00f3n, cine y radio, as\u00ed como 24 a\u00f1os de directora.<\/p>\n<p style=\"text-align: justify;\">Luego del lanzamiento de la convocatoria de este concurso realizada el pasado mes de junio, fueron inscritas 12 participaciones conforme a lo establecido en las bases, las cuales se analizaron por un jurado calificador.<\/p>\n<p style=\"text-align: justify;\">Se inform\u00f3 que la presea ser\u00e1 entregada en Sesi\u00f3n Solemne del Congreso del Estado, que se llevar\u00e1 a cabo durante el presente mes de agosto.<\/p>\n","protected":false},"excerpt":{"rendered":"<p>En reconocimiento a su amplia trayectoria en la cultura y el teatro, la dramaturga juarense Perla De La Rosa fue la ganadora de la Medalla al M\u00e9rito Cultural, Victor Hugo Rasc\u00f3n Banda 2016, que otorga cada a\u00f1o el Congreso del Estado de Chihuahua a lo m\u00e1s destacado de la cultura en la entidad.<\/p>\n","protected":false},"author":5,"featured_media":2488,"comment_status":"open","ping_status":"open","sticky":false,"template":"","format":"standard","meta":{"_acf_changed":false,"_monsterinsights_skip_tracking":false,"slim_seo":{"title":"Gana Perla De La Rosa Medalla V\u00edctor Hugo Rasc\u00f3n Banda - Opini\u00f3n P\u00fablica","description":"En reconocimiento a su amplia trayectoria en la cultura y el teatro, la dramaturga juarense Perla De La Rosa fue la ganadora de la Medalla al M\u00e9rito Cultural, V"},"footnotes":""},"categories":[5],"tags":[],"class_list":["post-2489","post","type-post","status-publish","format-standard","has-post-thumbnail","hentry","category-frontera"],"acf":[],"_links":{"self":[{"href":"https:\/\/www.opinionpublica.tv\/portada\/wp-json\/wp\/v2\/posts\/2489","targetHints":{"allow":["GET"]}}],"collection":[{"href":"https:\/\/www.opinionpublica.tv\/portada\/wp-json\/wp\/v2\/posts"}],"about":[{"href":"https:\/\/www.opinionpublica.tv\/portada\/wp-json\/wp\/v2\/types\/post"}],"author":[{"embeddable":true,"href":"https:\/\/www.opinionpublica.tv\/portada\/wp-json\/wp\/v2\/users\/5"}],"replies":[{"embeddable":true,"href":"https:\/\/www.opinionpublica.tv\/portada\/wp-json\/wp\/v2\/comments?post=2489"}],"version-history":[{"count":0,"href":"https:\/\/www.opinionpublica.tv\/portada\/wp-json\/wp\/v2\/posts\/2489\/revisions"}],"wp:featuredmedia":[{"embeddable":true,"href":"https:\/\/www.opinionpublica.tv\/portada\/wp-json\/wp\/v2\/media\/2488"}],"wp:attachment":[{"href":"https:\/\/www.opinionpublica.tv\/portada\/wp-json\/wp\/v2\/media?parent=2489"}],"wp:term":[{"taxonomy":"category","embeddable":true,"href":"https:\/\/www.opinionpublica.tv\/portada\/wp-json\/wp\/v2\/categories?post=2489"},{"taxonomy":"post_tag","embeddable":true,"href":"https:\/\/www.opinionpublica.tv\/portada\/wp-json\/wp\/v2\/tags?post=2489"}],"curies":[{"name":"wp","href":"https:\/\/api.w.org\/{rel}","templated":true}]}}