{"id":24874,"date":"2020-10-26T07:00:00","date_gmt":"2020-10-26T06:00:00","guid":{"rendered":"https:\/\/www.opinionpublica.tv\/portada\/2020\/10\/26\/registra-empleo-en-el-sector-maquilador-recuperacion-en-v\/"},"modified":"2020-10-26T07:00:00","modified_gmt":"2020-10-26T06:00:00","slug":"registra-empleo-en-el-sector-maquilador-recuperacion-en-v","status":"publish","type":"post","link":"https:\/\/www.opinionpublica.tv\/portada\/registra-empleo-en-el-sector-maquilador-recuperacion-en-v\/","title":{"rendered":"Registra empleo en el sector maquilador recuperaci\u00f3n en \u201cV\u201d"},"content":{"rendered":"<p><img fetchpriority=\"high\" decoding=\"async\" class=\" size-full wp-image-24873\" src=\"https:\/\/www.opinionpublica.tv\/portada\/wp-content\/uploads\/2020\/10\/654bf81b085cb7bc6e1026969c9b31b9.jpg\" alt=\"\" class=\"caption\" title=\"El sector maquilador registra una notable recuperaci\u00f3n de empleos a nivel nacional.\" width=\"800\" height=\"560\" srcset=\"https:\/\/www.opinionpublica.tv\/portada\/wp-content\/uploads\/2020\/10\/654bf81b085cb7bc6e1026969c9b31b9.jpg 800w, https:\/\/www.opinionpublica.tv\/portada\/wp-content\/uploads\/2020\/10\/654bf81b085cb7bc6e1026969c9b31b9-300x210.jpg 300w, https:\/\/www.opinionpublica.tv\/portada\/wp-content\/uploads\/2020\/10\/654bf81b085cb7bc6e1026969c9b31b9-768x538.jpg 768w\" sizes=\"(max-width: 800px) 100vw, 800px\" \/><br \/>\n<!--more--><\/p>\n<p style=\"text-align: justify;\"><em>Ciudad de M\u00e9xico<\/em>.- Los empleos perdidos por Covid-19 en las empresas con programas de la Industria Manufacturera, Maquiladora y de Servicios de Exportaci\u00f3n (IMMEX) se terminar\u00e1n de recuperar en diciembre pr\u00f3ximo, de acuerdo con las previsiones del principal organismo representante del sector.<\/p>\n<p style=\"text-align: justify;\">Seg\u00fan los \u00faltimos datos disponibles del Inegi, un total de 2 millones 932,874 personas trabajaban en estas empresas a finales de julio, lo que equivale a 85,854 menos respecto a la plantilla nacional que se ten\u00eda en diciembre de 2019.<\/p>\n<p style=\"text-align: justify;\">Luis Aguirre, presidente del Consejo Nacional de la Industria Maquiladora y Manufacturera de Exportaci\u00f3n (Index), inform\u00f3 que compa\u00f1\u00edas del gremio tienen proyectos de nuevas inversiones por 3,700 millones de d\u00f3lares para todo 2020, muchos de ellos a efectuarse en los meses restantes del a\u00f1o actual.<\/p>\n<p style=\"text-align: justify;\">\u201cUnos 3,700 millones de d\u00f3lares de inversiones nuevas se van a consolidar en lo que resta del a\u00f1o y generar\u00edan 100,000 nuevos empleos\u201d, dijo en una rueda de prensa virtual.<\/p>\n<p style=\"text-align: justify;\">Aguirre agreg\u00f3 que no se han cerrado plantas en t\u00e9rminos netos en lo que va del a\u00f1o y que se proyectan expansiones de establecimientos o la apertura nuevos programas IMMEX en el cuarto trimestre de 2020.<\/p>\n<p style=\"text-align: justify;\">A julio del a\u00f1o en curso, en M\u00e9xico operaban 5,189 establecimientos IMMEX manufactureros, lo que representa 45 m\u00e1s frente a la cifra de diciembre de 2019. Al mismo tiempo, operaban otros 1,248 establecimientos no manufactureros, 53 m\u00e1s que al cierre del a\u00f1o pasado.<\/p>\n<p style=\"text-align: justify;\">Aguirre destac\u00f3 que las empresas IMMEX son uno de los principales motores de la econom\u00eda mexicana, la cual presentar\u00eda una ca\u00edda que bordea 9% en 2020, de acuerdo con analistas.<\/p>\n<p style=\"text-align: justify;\">Para impulsar la recuperaci\u00f3n parcial hasta ahora, las compa\u00f1\u00edas del sector han realizado inversiones con el fin de cumplir con los protocolos exigidos por el gobierno en M\u00e9xico y por los corporativos internacionales de los que dependen o con los que hacen negocios.<\/p>\n<p style=\"text-align: justify;\">Aguirre alert\u00f3 que su gremio est\u00e1 preocupado por los rebrotes de Covid-19 en Europa y en algunas ciudades de Estados Unidos, por lo que exhort\u00f3 a las empresas mexicanas y sus trabajadores a mantener las medidas recomendadas de salud al respecto, sobre todo por los mayores riesgos que implica el fr\u00edo de invierno.<\/p>\n<p style=\"text-align: justify;\">En la misma rueda de prensa, Luis Manuel Hern\u00e1ndez Gonz\u00e1lez, quien result\u00f3 electo como presidente del Index, para el periodo 2021-2022, dijo que los rebrotes van a estar ocurriendo en distinto grado en los siguientes meses hasta que se tengan disponibles las nuevas vacunas y medicamentos.<\/p>\n<p style=\"text-align: justify;\">Las proyecciones del Index est\u00e1n acotadas a que no haya un grave rebrote de Covid-19 en M\u00e9xico o en sus principales mercados de exportaci\u00f3n.<\/p>\n<p style=\"text-align: justify;\">Tambi\u00e9n Aguirre estim\u00f3 que las exportaciones de empresas IMMEX ser\u00e1n similares en 2020 a las de 2019.<\/p>\n<p style=\"text-align: justify;\">En julio pasado, las ventas externas del sector sumaron 20,059 millones de d\u00f3lares, un descenso de 9% interanual.<\/p>\n<p style=\"text-align: justify;\">Seg\u00fan cifras preliminares, el PIB de M\u00e9xico disminuy\u00f3 18.7% en t\u00e9rminos reales durante el primer semestre de 2020, en comparaci\u00f3n con el mismo per\u00edodo de 2019.<\/p>\n<p style=\"text-align: justify;\">Esto refleja el impacto de las medidas internas para combatir el brote de Covid-19, as\u00ed como deterioro de las condiciones del mercado exterior y una econom\u00eda mundial m\u00e1s d\u00e9bil y vol\u00e1til.<\/p>\n<p style=\"text-align: justify;\">En concreto, en marzo y abril se produjeron ca\u00eddas dr\u00e1sticas en las exportaciones y precios del petr\u00f3leo, junto con descensos en las exportaciones relacionadas con la automoci\u00f3n dada la suspensi\u00f3n de las actividades de las plantas de montaje ante la emergencia sanitaria.<\/p>\n<p style=\"text-align: justify;\">Adem\u00e1s, en abril de 2020, las exportaciones de manufacturas no automotrices alcanzaron los niveles m\u00e1s bajos observados desde 2011. (El Economista)<\/p>\n<p style=\"text-align: justify;\">\u00a0<\/p>\n<p style=\"text-align: justify;\">\u00a0<\/p>\n","protected":false},"excerpt":{"rendered":"","protected":false},"author":6,"featured_media":24873,"comment_status":"open","ping_status":"open","sticky":false,"template":"","format":"standard","meta":{"_acf_changed":false,"_monsterinsights_skip_tracking":false,"slim_seo":{"title":"Registra empleo en el sector maquilador recuperaci\u00f3n en \u201cV\u201d - Opini\u00f3n P\u00fablica","description":"Ciudad de M\u00e9xico .- Los empleos perdidos por Covid-19 en las empresas con programas de la Industria Manufacturera, Maquiladora y de Servicios de Exportaci\u00f3n (IM"},"footnotes":""},"categories":[9],"tags":[],"class_list":["post-24874","post","type-post","status-publish","format-standard","has-post-thumbnail","hentry","category-nacional"],"acf":[],"_links":{"self":[{"href":"https:\/\/www.opinionpublica.tv\/portada\/wp-json\/wp\/v2\/posts\/24874","targetHints":{"allow":["GET"]}}],"collection":[{"href":"https:\/\/www.opinionpublica.tv\/portada\/wp-json\/wp\/v2\/posts"}],"about":[{"href":"https:\/\/www.opinionpublica.tv\/portada\/wp-json\/wp\/v2\/types\/post"}],"author":[{"embeddable":true,"href":"https:\/\/www.opinionpublica.tv\/portada\/wp-json\/wp\/v2\/users\/6"}],"replies":[{"embeddable":true,"href":"https:\/\/www.opinionpublica.tv\/portada\/wp-json\/wp\/v2\/comments?post=24874"}],"version-history":[{"count":0,"href":"https:\/\/www.opinionpublica.tv\/portada\/wp-json\/wp\/v2\/posts\/24874\/revisions"}],"wp:featuredmedia":[{"embeddable":true,"href":"https:\/\/www.opinionpublica.tv\/portada\/wp-json\/wp\/v2\/media\/24873"}],"wp:attachment":[{"href":"https:\/\/www.opinionpublica.tv\/portada\/wp-json\/wp\/v2\/media?parent=24874"}],"wp:term":[{"taxonomy":"category","embeddable":true,"href":"https:\/\/www.opinionpublica.tv\/portada\/wp-json\/wp\/v2\/categories?post=24874"},{"taxonomy":"post_tag","embeddable":true,"href":"https:\/\/www.opinionpublica.tv\/portada\/wp-json\/wp\/v2\/tags?post=24874"}],"curies":[{"name":"wp","href":"https:\/\/api.w.org\/{rel}","templated":true}]}}