{"id":24870,"date":"2020-10-26T07:00:00","date_gmt":"2020-10-26T06:00:00","guid":{"rendered":"https:\/\/www.opinionpublica.tv\/portada\/2020\/10\/26\/tendra-imss-el-mayor-presupuesto-de-su-historia-en-2021\/"},"modified":"2020-10-26T07:00:00","modified_gmt":"2020-10-26T06:00:00","slug":"tendra-imss-el-mayor-presupuesto-de-su-historia-en-2021","status":"publish","type":"post","link":"https:\/\/www.opinionpublica.tv\/portada\/tendra-imss-el-mayor-presupuesto-de-su-historia-en-2021\/","title":{"rendered":"Tendr\u00e1 el IMSS presupuesto de 6 mil 135 millones de pesos 2021"},"content":{"rendered":"<p><img fetchpriority=\"high\" decoding=\"async\" class=\" size-full wp-image-24869\" src=\"https:\/\/www.opinionpublica.tv\/portada\/wp-content\/uploads\/2020\/10\/367120e6d554df03581f21d0ed82cf0f.jpg\" alt=\"\" class=\"caption\" title=\"El presupuesto del IMSS en 2021 ser\u00e1 de 6 mil 135 millones de pesos.\" width=\"1140\" height=\"712\" srcset=\"https:\/\/www.opinionpublica.tv\/portada\/wp-content\/uploads\/2020\/10\/367120e6d554df03581f21d0ed82cf0f.jpg 1140w, https:\/\/www.opinionpublica.tv\/portada\/wp-content\/uploads\/2020\/10\/367120e6d554df03581f21d0ed82cf0f-300x187.jpg 300w, https:\/\/www.opinionpublica.tv\/portada\/wp-content\/uploads\/2020\/10\/367120e6d554df03581f21d0ed82cf0f-1024x640.jpg 1024w, https:\/\/www.opinionpublica.tv\/portada\/wp-content\/uploads\/2020\/10\/367120e6d554df03581f21d0ed82cf0f-768x480.jpg 768w\" sizes=\"(max-width: 1140px) 100vw, 1140px\" \/><br \/>\n<!--more--><\/p>\n<p style=\"text-align: justify;\"><em>Ciudad de M\u00e9xico<\/em>.- Para 2021 el\u00a0Instituto Mexicano del Seguro Social (IMSS)\u00a0tiene proyectado la contrataci\u00f3n de 6,462 plazas permanentes de personal m\u00e9dico y destinar el presupuesto m\u00e1s grande en su historia: 6,135 millones de pesos para mantenimiento y conservaci\u00f3n de unidades hospitalarias, inform\u00f3 el director general,\u00a0Zo\u00e9 Robledo.<\/p>\n<p style=\"text-align: justify;\">Durante su comparecencia ante el pleno de la\u00a0C\u00e1mara de Diputados\u00a0como parte de la glosa del segundo informe de gobierno, el titular del IMSS se\u00f1al\u00f3 este monto permitir\u00e1 mejorar en\u00a0las unidades m\u00e9dicas\u00a0aspectos como iluminaci\u00f3n, calefacci\u00f3n, aire acondicionado, calderas, sistemas de seguridad, elevadores, tomas murales de ox\u00edgeno y gases medicinales, comedores, vestidores y residencias, entre otros.<\/p>\n<p style=\"text-align: justify;\">\u201cEsto significa espacios seguros, dignos y funcionales para quienes han arriesgado la vida para salvar la vida de los dem\u00e1s\u201d, afirm\u00f3.<\/p>\n<p style=\"text-align: justify;\">Zo\u00e9 Robledo mencion\u00f3 que al asumir la direcci\u00f3n general del IMSS en mayo de 2019, tuvo el encargo de mejorar la calidad de la atenci\u00f3n, hacer m\u00e1s cortos los tiempos de espera para\u00a0una consulta de especialidad\u00a0o una\u00a0cirug\u00eda, enfocar los esfuerzos del Instituto en la prevenci\u00f3n y disminuir la saturaci\u00f3n en el\u00a0\u00e1rea de urgencias.\u00a0<\/p>\n<p style=\"text-align: justify;\">\u201cHab\u00eda que cambiar el rumbo, contratar m\u00e1s personal, formar m\u00e1s especialistas e invertir en infraestructura m\u00e9dica\u201d, subray\u00f3.<\/p>\n<p style=\"text-align: justify;\">Por otra parte, Zo\u00e9 Robledo se\u00f1al\u00f3 que al conocerse la noticia mundial de la existencia del Covid-19, el IMSS inici\u00f3 varias estrategias para enfrentar esta enfermedad, entre ellas, la reconversi\u00f3n de las unidades hospitalarias, capacitaci\u00f3n y protecci\u00f3n del personal m\u00e9dico, receta resurtible y permiso Covid; adem\u00e1s, se han otorgado Notas de M\u00e9rito y el Bono Covid que ha beneficiado a 225 mil trabajadores con un monto de 2,590 millones de pesos.<\/p>\n<p style=\"text-align: justify;\">Para ello, el Seguro Social dise\u00f1\u00f3 e implement\u00f3 el Plan Estrat\u00e9gico para la atenci\u00f3n de la contingencia. \u201cEl IMSS cuenta, en total, con 32,947 camas censables en sus hospitales, y necesit\u00e1bamos reconvertir 16,118, casi la mitad, para atender a pacientes con Covid-19\u201d. (El Economista)<\/p>\n","protected":false},"excerpt":{"rendered":"","protected":false},"author":6,"featured_media":24869,"comment_status":"open","ping_status":"open","sticky":false,"template":"","format":"standard","meta":{"_acf_changed":false,"_monsterinsights_skip_tracking":false,"slim_seo":{"title":"Tendr\u00e1 el IMSS presupuesto de 6 mil 135 millones de pesos 2021 - Opini\u00f3n P\u00fablica","description":"Ciudad de M\u00e9xico .- Para 2021 el\u00a0Instituto Mexicano del Seguro Social (IMSS)\u00a0tiene proyectado la contrataci\u00f3n de 6,462 plazas permanentes de personal m\u00e9dico y d"},"footnotes":""},"categories":[9],"tags":[],"class_list":["post-24870","post","type-post","status-publish","format-standard","has-post-thumbnail","hentry","category-nacional"],"acf":[],"_links":{"self":[{"href":"https:\/\/www.opinionpublica.tv\/portada\/wp-json\/wp\/v2\/posts\/24870","targetHints":{"allow":["GET"]}}],"collection":[{"href":"https:\/\/www.opinionpublica.tv\/portada\/wp-json\/wp\/v2\/posts"}],"about":[{"href":"https:\/\/www.opinionpublica.tv\/portada\/wp-json\/wp\/v2\/types\/post"}],"author":[{"embeddable":true,"href":"https:\/\/www.opinionpublica.tv\/portada\/wp-json\/wp\/v2\/users\/6"}],"replies":[{"embeddable":true,"href":"https:\/\/www.opinionpublica.tv\/portada\/wp-json\/wp\/v2\/comments?post=24870"}],"version-history":[{"count":0,"href":"https:\/\/www.opinionpublica.tv\/portada\/wp-json\/wp\/v2\/posts\/24870\/revisions"}],"wp:featuredmedia":[{"embeddable":true,"href":"https:\/\/www.opinionpublica.tv\/portada\/wp-json\/wp\/v2\/media\/24869"}],"wp:attachment":[{"href":"https:\/\/www.opinionpublica.tv\/portada\/wp-json\/wp\/v2\/media?parent=24870"}],"wp:term":[{"taxonomy":"category","embeddable":true,"href":"https:\/\/www.opinionpublica.tv\/portada\/wp-json\/wp\/v2\/categories?post=24870"},{"taxonomy":"post_tag","embeddable":true,"href":"https:\/\/www.opinionpublica.tv\/portada\/wp-json\/wp\/v2\/tags?post=24870"}],"curies":[{"name":"wp","href":"https:\/\/api.w.org\/{rel}","templated":true}]}}