{"id":2481,"date":"2016-08-16T06:00:00","date_gmt":"2016-08-16T04:00:00","guid":{"rendered":"https:\/\/www.opinionpublica.tv\/portada\/2016\/08\/16\/nueve-aspirantes-buscan-rectoria-de-la-uach\/"},"modified":"2016-08-16T06:00:00","modified_gmt":"2016-08-16T04:00:00","slug":"nueve-aspirantes-buscan-rectoria-de-la-uach","status":"publish","type":"post","link":"https:\/\/www.opinionpublica.tv\/portada\/nueve-aspirantes-buscan-rectoria-de-la-uach\/","title":{"rendered":"Once aspirantes buscan Rector\u00eda de la UACH"},"content":{"rendered":"<p><img fetchpriority=\"high\" decoding=\"async\" class=\" size-full wp-image-2469\" src=\"https:\/\/www.opinionpublica.tv\/portada\/wp-content\/uploads\/2016\/08\/40b73d623fe9fca98a847f2a59bba32f.jpg\" alt=\"\" width=\"800\" height=\"532\" srcset=\"https:\/\/www.opinionpublica.tv\/portada\/wp-content\/uploads\/2016\/08\/40b73d623fe9fca98a847f2a59bba32f.jpg 800w, https:\/\/www.opinionpublica.tv\/portada\/wp-content\/uploads\/2016\/08\/40b73d623fe9fca98a847f2a59bba32f-300x200.jpg 300w, https:\/\/www.opinionpublica.tv\/portada\/wp-content\/uploads\/2016\/08\/40b73d623fe9fca98a847f2a59bba32f-768x511.jpg 768w\" sizes=\"(max-width: 800px) 100vw, 800px\" \/><\/p>\n<p style=\"text-align: justify;\">Tras darse a conocer la convocatoria para elegir al nuevo rector de la Universidad Aut\u00f3noma de Chihuahua, el ex secretario de Educaci\u00f3n Cultura y Deporte del Estado, Marcelo Gonz\u00e1lez Tachiqu\u00edn, se sum\u00f3 a la lista total de once\u00a0aspirantes que buscan suceder en el cargo al actual titular de la m\u00e1xima casa de estudios de la entidad, Enrique Se\u00e1\u00f1ez S\u00e1enz.<br \/>Seg\u00fan los t\u00e9rminos de la convocatoria, todos los aspirantes a dirigir la UACH tienen como fecha l\u00edmite el pr\u00f3ximo s\u00e1bado 20 para inscribirse, de manera que el nuevo rector deber\u00e1 ser electo a finales del presente mes de agosto.<\/p>\n<p style=\"text-align: justify;\"><img decoding=\"async\" class=\" size-full wp-image-2470\" src=\"https:\/\/www.opinionpublica.tv\/portada\/wp-content\/uploads\/2016\/08\/marcelo_gonzalez_destape.jpg\" width=\"700\" height=\"418\" srcset=\"https:\/\/www.opinionpublica.tv\/portada\/wp-content\/uploads\/2016\/08\/marcelo_gonzalez_destape.jpg 700w, https:\/\/www.opinionpublica.tv\/portada\/wp-content\/uploads\/2016\/08\/marcelo_gonzalez_destape-300x179.jpg 300w\" sizes=\"(max-width: 700px) 100vw, 700px\" \/><br \/>El m\u00e1s conocido de los aspirantes es Marcelo Gonz\u00e1lez Tachiqu\u00edn. Es licenciado en Derecho por la Universidad Aut\u00f3noma de Chihuahua, es maestro fundador de la Maestr\u00eda en Administraci\u00f3n P\u00fablica de la Facultad de Contadur\u00eda y Administraci\u00f3n.<\/p>\n<p style=\"text-align: justify;\"><img decoding=\"async\" class=\" size-full wp-image-2471\" src=\"https:\/\/www.opinionpublica.tv\/portada\/wp-content\/uploads\/2016\/08\/20160816mtznevarez.jpg\" width=\"700\" height=\"380\" srcset=\"https:\/\/www.opinionpublica.tv\/portada\/wp-content\/uploads\/2016\/08\/20160816mtznevarez.jpg 700w, https:\/\/www.opinionpublica.tv\/portada\/wp-content\/uploads\/2016\/08\/20160816mtznevarez-300x163.jpg 300w\" sizes=\"(max-width: 700px) 100vw, 700px\" \/><br \/>Javier Mart\u00ednez Nev\u00e1rez, es Maestro en Ciencias y en la actualidad es titular de la Direcci\u00f3n Acad\u00e9mica de la Universidad Aut\u00f3noma de Chihuahua. Anteriormente se desempe\u00f1\u00f3 como director de Investigaci\u00f3n y Posgrado.<\/p>\n<p style=\"text-align: justify;\"><img loading=\"lazy\" decoding=\"async\" class=\" size-full wp-image-2472\" src=\"https:\/\/www.opinionpublica.tv\/portada\/wp-content\/uploads\/2016\/08\/fredodelatorre.jpg\" width=\"700\" height=\"400\" srcset=\"https:\/\/www.opinionpublica.tv\/portada\/wp-content\/uploads\/2016\/08\/fredodelatorre.jpg 700w, https:\/\/www.opinionpublica.tv\/portada\/wp-content\/uploads\/2016\/08\/fredodelatorre-300x171.jpg 300w\" sizes=\"(max-width: 700px) 100vw, 700px\" \/><\/p>\n<p style=\"text-align: justify;\">Alfredo de la Torre, es doctor en Ciencias Pedag\u00f3gicas, maestro en Administraci\u00f3n y cuenta con una licenciatura en Administraci\u00f3n de Empresas, y es catedr\u00e1tico de tiempo completo en la Facultad de Contadur\u00eda y Administraci\u00f3n de la UACH.<\/p>\n<p style=\"text-align: justify;\"><img loading=\"lazy\" decoding=\"async\" class=\" size-full wp-image-2473\" src=\"https:\/\/www.opinionpublica.tv\/portada\/wp-content\/uploads\/2016\/08\/carretenrique.png\" width=\"700\" height=\"399\" srcset=\"https:\/\/www.opinionpublica.tv\/portada\/wp-content\/uploads\/2016\/08\/carretenrique.png 700w, https:\/\/www.opinionpublica.tv\/portada\/wp-content\/uploads\/2016\/08\/carretenrique-300x171.png 300w\" sizes=\"(max-width: 700px) 100vw, 700px\" \/><\/p>\n<p style=\"text-align: justify;\">Enrique Carrete, es abogado litigante y cuenta con despacho en el sector Bol\u00edvar de la ciudad de Chihuahua. Actualmente es director de la Facultad de Derecho de la UACH.<\/p>\n<p style=\"text-align: justify;\"><img loading=\"lazy\" decoding=\"async\" class=\" size-full wp-image-2474\" src=\"https:\/\/www.opinionpublica.tv\/portada\/wp-content\/uploads\/2016\/08\/benavides.png\" width=\"700\" height=\"403\" srcset=\"https:\/\/www.opinionpublica.tv\/portada\/wp-content\/uploads\/2016\/08\/benavides.png 700w, https:\/\/www.opinionpublica.tv\/portada\/wp-content\/uploads\/2016\/08\/benavides-300x173.png 300w\" sizes=\"(max-width: 700px) 100vw, 700px\" \/><br \/>Jes\u00fas Benavides, es cirujano y director m\u00e9dico del hospital Christus Muguerza, as\u00ed como director de la Facultad de Medicina y Ciencias Biom\u00e9dicas de la UACH. Fue cirujano en el Ichisal y recientemente director del Hospital General de Chihuahua, del 2010 al 2014.<\/p>\n<p style=\"text-align: justify;\"><img loading=\"lazy\" decoding=\"async\" class=\" size-full wp-image-2475\" src=\"https:\/\/www.opinionpublica.tv\/portada\/wp-content\/uploads\/2016\/08\/sancheztrillo.jpeg\" width=\"700\" height=\"407\" srcset=\"https:\/\/www.opinionpublica.tv\/portada\/wp-content\/uploads\/2016\/08\/sancheztrillo.jpeg 700w, https:\/\/www.opinionpublica.tv\/portada\/wp-content\/uploads\/2016\/08\/sancheztrillo-300x174.jpeg 300w\" sizes=\"(max-width: 700px) 100vw, 700px\" \/><br \/>Ra\u00fal S\u00e1nchez Trillo, es director de la Facultad de Artes de la Universidad Aut\u00f3noma de Chihuahua.<\/p>\n<p style=\"text-align: justify;\"><img loading=\"lazy\" decoding=\"async\" class=\" size-full wp-image-2476\" src=\"https:\/\/www.opinionpublica.tv\/portada\/wp-content\/uploads\/2016\/08\/eloydiaz.jpg\" width=\"700\" height=\"397\" srcset=\"https:\/\/www.opinionpublica.tv\/portada\/wp-content\/uploads\/2016\/08\/eloydiaz.jpg 700w, https:\/\/www.opinionpublica.tv\/portada\/wp-content\/uploads\/2016\/08\/eloydiaz-300x170.jpg 300w\" sizes=\"(max-width: 700px) 100vw, 700px\" \/><br \/>Eloy D\u00edaz Unzueta, es director de la Facultad de Ciencias Pol\u00edticas y Sociales de la UACH, con sede en Ciudad Ju\u00e1rez. Es licenciado en Administraci\u00f3n P\u00fablica y Ciencia Pol\u00edtica, as\u00ed como ser master en Administraci\u00f3n.<\/p>\n<p style=\"text-align: justify;\"><img loading=\"lazy\" decoding=\"async\" class=\" size-full wp-image-2477\" src=\"https:\/\/www.opinionpublica.tv\/portada\/wp-content\/uploads\/2016\/08\/luisfierro.jpeg\" width=\"700\" height=\"403\" srcset=\"https:\/\/www.opinionpublica.tv\/portada\/wp-content\/uploads\/2016\/08\/luisfierro.jpeg 700w, https:\/\/www.opinionpublica.tv\/portada\/wp-content\/uploads\/2016\/08\/luisfierro-300x173.jpeg 300w\" sizes=\"(max-width: 700px) 100vw, 700px\" \/><br \/>Luis Alberto Fierro, se desempe\u00f1a como director de la Facultad de Filoso\ufb01a y Letras. Es Licenciado en Letras Espa\u00f1olas con maestr\u00eda en Educaci\u00f3n Superior.<\/p>\n<p style=\"text-align: justify;\"><img loading=\"lazy\" decoding=\"async\" class=\" size-full wp-image-2478\" src=\"https:\/\/www.opinionpublica.tv\/portada\/wp-content\/uploads\/2016\/08\/Captura_de_pantalla_20160816_214124.png\" width=\"490\" height=\"253\" srcset=\"https:\/\/www.opinionpublica.tv\/portada\/wp-content\/uploads\/2016\/08\/Captura_de_pantalla_20160816_214124.png 490w, https:\/\/www.opinionpublica.tv\/portada\/wp-content\/uploads\/2016\/08\/Captura_de_pantalla_20160816_214124-300x155.png 300w\" sizes=\"(max-width: 490px) 100vw, 490px\" \/><\/p>\n<p style=\"text-align: justify;\">Jes\u00fas Robles Villa,\u00a0Cuenta con 5 carreras, la de contador p\u00fablico, maestro en administraci\u00f3n, licenciado en derecho, doctorado en administraci\u00f3n y doctorado en educaci\u00f3n, sino que actualmente est\u00e1 cursando la sexta carrera; la licenciatura en ciencias pol\u00edticas en la UNAM.<\/p>\n<p style=\"text-align: justify;\"><img loading=\"lazy\" decoding=\"async\" class=\" size-full wp-image-2479\" src=\"https:\/\/www.opinionpublica.tv\/portada\/wp-content\/uploads\/2016\/08\/Captura_de_pantalla_20160816_214338.png\" width=\"471\" height=\"306\" srcset=\"https:\/\/www.opinionpublica.tv\/portada\/wp-content\/uploads\/2016\/08\/Captura_de_pantalla_20160816_214338.png 471w, https:\/\/www.opinionpublica.tv\/portada\/wp-content\/uploads\/2016\/08\/Captura_de_pantalla_20160816_214338-300x195.png 300w\" sizes=\"(max-width: 471px) 100vw, 471px\" \/><\/p>\n<p style=\"text-align: justify;\">M.I Ricardo Ram\u00f3n Torres Knight,\u00a0Director de la Facultad de Ingenier\u00eda quien a lo largo de 60 a\u00f1os ha logrado posicionar a esa facultad como una de las mejores del pa\u00eds.<\/p>\n<p style=\"text-align: justify;\"><img loading=\"lazy\" decoding=\"async\" class=\" size-full wp-image-2480\" src=\"https:\/\/www.opinionpublica.tv\/portada\/wp-content\/uploads\/2016\/08\/LilianaAlvarez.jpg\" width=\"700\" height=\"395\" srcset=\"https:\/\/www.opinionpublica.tv\/portada\/wp-content\/uploads\/2016\/08\/LilianaAlvarez.jpg 700w, https:\/\/www.opinionpublica.tv\/portada\/wp-content\/uploads\/2016\/08\/LilianaAlvarez-300x169.jpg 300w\" sizes=\"(max-width: 700px) 100vw, 700px\" \/><br \/>Liliana \u00c1lvarez, es directora de la Facultad de Contadur\u00eda y Administraci\u00f3n, y pretende convertirse en la primera rectora de la m\u00e1xima casa de estudios de Chihuahua.<\/p>\n","protected":false},"excerpt":{"rendered":"<p>Tras darse a conocer la convocatoria para elegir al nuevo rector de la Universidad Aut\u00f3noma de Chihuahua, el ex secretario de Educaci\u00f3n Cultura y Deporte del Estado, Marcelo Gonz\u00e1lez Tachiqu\u00edn, se sum\u00f3 a la lista total de once\u00a0aspirantes que buscan suceder en el cargo al actual titular de la m\u00e1xima casa de estudios de la [&hellip;]<\/p>\n","protected":false},"author":6,"featured_media":2469,"comment_status":"open","ping_status":"open","sticky":false,"template":"","format":"standard","meta":{"_acf_changed":false,"_monsterinsights_skip_tracking":false,"slim_seo":{"title":"Once aspirantes buscan Rector\u00eda de la UACH - Opini\u00f3n P\u00fablica","description":"Tras darse a conocer la convocatoria para elegir al nuevo rector de la Universidad Aut\u00f3noma de Chihuahua, el ex secretario de Educaci\u00f3n Cultura y Deporte del Es"},"footnotes":""},"categories":[3],"tags":[],"class_list":["post-2481","post","type-post","status-publish","format-standard","has-post-thumbnail","hentry","category-principal"],"acf":[],"_links":{"self":[{"href":"https:\/\/www.opinionpublica.tv\/portada\/wp-json\/wp\/v2\/posts\/2481","targetHints":{"allow":["GET"]}}],"collection":[{"href":"https:\/\/www.opinionpublica.tv\/portada\/wp-json\/wp\/v2\/posts"}],"about":[{"href":"https:\/\/www.opinionpublica.tv\/portada\/wp-json\/wp\/v2\/types\/post"}],"author":[{"embeddable":true,"href":"https:\/\/www.opinionpublica.tv\/portada\/wp-json\/wp\/v2\/users\/6"}],"replies":[{"embeddable":true,"href":"https:\/\/www.opinionpublica.tv\/portada\/wp-json\/wp\/v2\/comments?post=2481"}],"version-history":[{"count":0,"href":"https:\/\/www.opinionpublica.tv\/portada\/wp-json\/wp\/v2\/posts\/2481\/revisions"}],"wp:featuredmedia":[{"embeddable":true,"href":"https:\/\/www.opinionpublica.tv\/portada\/wp-json\/wp\/v2\/media\/2469"}],"wp:attachment":[{"href":"https:\/\/www.opinionpublica.tv\/portada\/wp-json\/wp\/v2\/media?parent=2481"}],"wp:term":[{"taxonomy":"category","embeddable":true,"href":"https:\/\/www.opinionpublica.tv\/portada\/wp-json\/wp\/v2\/categories?post=2481"},{"taxonomy":"post_tag","embeddable":true,"href":"https:\/\/www.opinionpublica.tv\/portada\/wp-json\/wp\/v2\/tags?post=2481"}],"curies":[{"name":"wp","href":"https:\/\/api.w.org\/{rel}","templated":true}]}}