{"id":24773,"date":"2020-10-17T06:00:00","date_gmt":"2020-10-17T04:00:00","guid":{"rendered":"https:\/\/www.opinionpublica.tv\/portada\/2020\/10\/17\/confirma-sre-que-seguira-restriccion-en-puentes-internacionales-hasta-el-21-de-noviembre\/"},"modified":"2020-10-17T06:00:00","modified_gmt":"2020-10-17T04:00:00","slug":"confirma-sre-que-seguira-restriccion-en-puentes-internacionales-hasta-el-21-de-noviembre","status":"publish","type":"post","link":"https:\/\/www.opinionpublica.tv\/portada\/confirma-sre-que-seguira-restriccion-en-puentes-internacionales-hasta-el-21-de-noviembre\/","title":{"rendered":"Confirma SRE: seguir\u00e1 restricci\u00f3n en puentes internacionales hasta el 21 de noviembre"},"content":{"rendered":"<p><img fetchpriority=\"high\" decoding=\"async\" class=\" size-full wp-image-24772\" src=\"https:\/\/www.opinionpublica.tv\/portada\/wp-content\/uploads\/2020\/10\/3a02463c81934526982fb192af49b7b9.jpg\" alt=\"\" class=\"caption\" title=\"Los cruces fronterizos fueron restringidos a ciudadanos mexicanos desde el 21 de marzo de 2020.\" width=\"400\" height=\"221\" srcset=\"https:\/\/www.opinionpublica.tv\/portada\/wp-content\/uploads\/2020\/10\/3a02463c81934526982fb192af49b7b9.jpg 400w, https:\/\/www.opinionpublica.tv\/portada\/wp-content\/uploads\/2020\/10\/3a02463c81934526982fb192af49b7b9-300x166.jpg 300w\" sizes=\"(max-width: 400px) 100vw, 400px\" \/><br \/>\n<!--more--><\/p>\n<p style=\"text-align: justify;\"><em>Ciudad de M\u00e9xico<\/em>.- La Secretaria de Relaciones Exteriores (SRE) confirm\u00f3 a trav\u00e9s de sus redes sociales que las restricciones en los cruces internacionales de la frontera entre M\u00e9xico y Estados Unidos ser\u00e1n extendidas durante 30 d\u00edas m\u00e1s, como consecuencia del incremento en los contagios de Covid-19.<\/p>\n<p style=\"text-align: justify;\">\u201cTras revisar el desarrollo de la propagaci\u00f3n de #COVID19 en ambos pa\u00edses y que diversas entidades federativas regresan a color naranja en el Sem\u00e1foro Epidemiol\u00f3gico, M\u00e9xico plante\u00f3 a EU la extensi\u00f3n por un mes m\u00e1s, de las restricciones al tr\u00e1nsito terrestre no esencial en la frontera.<\/p>\n<p style=\"text-align: justify;\">La instancia diplom\u00e1tica se\u00f1al\u00f3 que las restricciones se mantendr\u00e1n en los mismos t\u00e9rminos en que se han desarrollado desde su implementaci\u00f3n el 21 de marzo de 2020.<\/p>\n<p style=\"text-align: justify;\">Se menciona tambi\u00e9n que ambos pa\u00edses coordinar\u00e1n las medidas sanitarias en la regi\u00f3n fronteriza que estar\u00e1n vigentes hasta el pr\u00f3ximo 21 de noviembre.<\/p>\n","protected":false},"excerpt":{"rendered":"","protected":false},"author":6,"featured_media":24772,"comment_status":"open","ping_status":"open","sticky":false,"template":"","format":"standard","meta":{"_acf_changed":false,"_monsterinsights_skip_tracking":false,"slim_seo":{"title":"Confirma SRE: seguir\u00e1 restricci\u00f3n en puentes internacionales hasta el 21 de noviembre - Opini\u00f3n P\u00fablica","description":"Ciudad de M\u00e9xico .- La Secretaria de Relaciones Exteriores (SRE) confirm\u00f3 a trav\u00e9s de sus redes sociales que las restricciones en los cruces internacionales de"},"footnotes":""},"categories":[3],"tags":[],"class_list":["post-24773","post","type-post","status-publish","format-standard","has-post-thumbnail","hentry","category-principal"],"acf":[],"_links":{"self":[{"href":"https:\/\/www.opinionpublica.tv\/portada\/wp-json\/wp\/v2\/posts\/24773","targetHints":{"allow":["GET"]}}],"collection":[{"href":"https:\/\/www.opinionpublica.tv\/portada\/wp-json\/wp\/v2\/posts"}],"about":[{"href":"https:\/\/www.opinionpublica.tv\/portada\/wp-json\/wp\/v2\/types\/post"}],"author":[{"embeddable":true,"href":"https:\/\/www.opinionpublica.tv\/portada\/wp-json\/wp\/v2\/users\/6"}],"replies":[{"embeddable":true,"href":"https:\/\/www.opinionpublica.tv\/portada\/wp-json\/wp\/v2\/comments?post=24773"}],"version-history":[{"count":0,"href":"https:\/\/www.opinionpublica.tv\/portada\/wp-json\/wp\/v2\/posts\/24773\/revisions"}],"wp:featuredmedia":[{"embeddable":true,"href":"https:\/\/www.opinionpublica.tv\/portada\/wp-json\/wp\/v2\/media\/24772"}],"wp:attachment":[{"href":"https:\/\/www.opinionpublica.tv\/portada\/wp-json\/wp\/v2\/media?parent=24773"}],"wp:term":[{"taxonomy":"category","embeddable":true,"href":"https:\/\/www.opinionpublica.tv\/portada\/wp-json\/wp\/v2\/categories?post=24773"},{"taxonomy":"post_tag","embeddable":true,"href":"https:\/\/www.opinionpublica.tv\/portada\/wp-json\/wp\/v2\/tags?post=24773"}],"curies":[{"name":"wp","href":"https:\/\/api.w.org\/{rel}","templated":true}]}}