{"id":24746,"date":"2020-10-15T06:00:00","date_gmt":"2020-10-15T04:00:00","guid":{"rendered":"https:\/\/www.opinionpublica.tv\/portada\/2020\/10\/15\/video-francia-anuncia-toque-de-queda-por-rebrote-de-covid-19-en-nueve-ciudades\/"},"modified":"2020-10-15T06:00:00","modified_gmt":"2020-10-15T04:00:00","slug":"video-francia-anuncia-toque-de-queda-por-rebrote-de-covid-19-en-nueve-ciudades","status":"publish","type":"post","link":"https:\/\/www.opinionpublica.tv\/portada\/video-francia-anuncia-toque-de-queda-por-rebrote-de-covid-19-en-nueve-ciudades\/","title":{"rendered":"Video: Francia declara toque de queda por rebrote de Covid-19 en nueve ciudades"},"content":{"rendered":"<p><img fetchpriority=\"high\" decoding=\"async\" class=\" size-full wp-image-24745\" src=\"https:\/\/www.opinionpublica.tv\/portada\/wp-content\/uploads\/2020\/10\/02cdb34287a3d47cce346389a3cdcb01.jpg\" alt=\"\" width=\"547\" height=\"304\" srcset=\"https:\/\/www.opinionpublica.tv\/portada\/wp-content\/uploads\/2020\/10\/02cdb34287a3d47cce346389a3cdcb01.jpg 547w, https:\/\/www.opinionpublica.tv\/portada\/wp-content\/uploads\/2020\/10\/02cdb34287a3d47cce346389a3cdcb01-300x167.jpg 300w\" sizes=\"(max-width: 547px) 100vw, 547px\" \/><br \/>\n<!--more--><\/p>\n<p style=\"text-align: justify;\"><em>Par\u00eds, Francia<\/em>.- El gobierno de Francia decret\u00f3 el\u00a0toque de queda\u00a0nocturno en nueve ciudades, con el fin de frenar la\u00a0segunda ola de coronavirus\u00a0Covid-19.<\/p>\n<p style=\"text-align: justify;\">As\u00ed lo dio a conocer el presidente Emmanuel Macron durante una entrevista por televisi\u00f3n, donde coment\u00f3 que el toque de queda ser\u00e1\u00a0durante un mes\u00a0y quienes no cumplan recibir\u00e1n una\u00a0multa de 135 euros.<\/p>\n<p style=\"text-align: justify;\"><strong>Las\u00a0ciudades que tendr\u00e1n toque de queda\u00a0son<\/strong>:<\/p>\n<p style=\"text-align: justify;\">&#8211; Par\u00eds<\/p>\n<p style=\"text-align: justify;\">&#8211; Lille<\/p>\n<p style=\"text-align: justify;\">&#8211; Grenoble<\/p>\n<p style=\"text-align: justify;\">&#8211; Lyon<\/p>\n<p style=\"text-align: justify;\">&#8211; Aix-Marseille<\/p>\n<p style=\"text-align: justify;\">&#8211; Montpellier<\/p>\n<p style=\"text-align: justify;\">&#8211; Rouen<\/p>\n<p style=\"text-align: justify;\">&#8211; Toulouse<\/p>\n<p style=\"text-align: justify;\">&#8211; Saint-Etienne<\/p>\n<div class=\"k2_video\"><iframe title=\"MACRON anuncia TOQUE DE QUEDA en PAR\u00cdS y en ciudades con MAYOR INCIDENCIA de COVID en Francia | RTVE\" width=\"800\" height=\"450\" src=\"https:\/\/www.youtube.com\/embed\/AUadG1HkrMQ?feature=oembed\" frameborder=\"0\" allow=\"accelerometer; autoplay; clipboard-write; encrypted-media; gyroscope; picture-in-picture; web-share\" referrerpolicy=\"strict-origin-when-cross-origin\" allowfullscreen><\/iframe>\n<\/div>\n","protected":false},"excerpt":{"rendered":"","protected":false},"author":6,"featured_media":24745,"comment_status":"open","ping_status":"open","sticky":false,"template":"","format":"standard","meta":{"_acf_changed":false,"_monsterinsights_skip_tracking":false,"slim_seo":{"title":"Video: Francia declara toque de queda por rebrote de Covid-19 en nueve ciudades - Opini\u00f3n P\u00fablica","description":"Par\u00eds, Francia .- El gobierno de Francia decret\u00f3 el\u00a0toque de queda\u00a0nocturno en nueve ciudades, con el fin de frenar la\u00a0segunda ola de coronavirus\u00a0Covid-19. As\u00ed"},"footnotes":""},"categories":[8],"tags":[],"class_list":["post-24746","post","type-post","status-publish","format-standard","has-post-thumbnail","hentry","category-videos"],"acf":[],"_links":{"self":[{"href":"https:\/\/www.opinionpublica.tv\/portada\/wp-json\/wp\/v2\/posts\/24746","targetHints":{"allow":["GET"]}}],"collection":[{"href":"https:\/\/www.opinionpublica.tv\/portada\/wp-json\/wp\/v2\/posts"}],"about":[{"href":"https:\/\/www.opinionpublica.tv\/portada\/wp-json\/wp\/v2\/types\/post"}],"author":[{"embeddable":true,"href":"https:\/\/www.opinionpublica.tv\/portada\/wp-json\/wp\/v2\/users\/6"}],"replies":[{"embeddable":true,"href":"https:\/\/www.opinionpublica.tv\/portada\/wp-json\/wp\/v2\/comments?post=24746"}],"version-history":[{"count":0,"href":"https:\/\/www.opinionpublica.tv\/portada\/wp-json\/wp\/v2\/posts\/24746\/revisions"}],"wp:featuredmedia":[{"embeddable":true,"href":"https:\/\/www.opinionpublica.tv\/portada\/wp-json\/wp\/v2\/media\/24745"}],"wp:attachment":[{"href":"https:\/\/www.opinionpublica.tv\/portada\/wp-json\/wp\/v2\/media?parent=24746"}],"wp:term":[{"taxonomy":"category","embeddable":true,"href":"https:\/\/www.opinionpublica.tv\/portada\/wp-json\/wp\/v2\/categories?post=24746"},{"taxonomy":"post_tag","embeddable":true,"href":"https:\/\/www.opinionpublica.tv\/portada\/wp-json\/wp\/v2\/tags?post=24746"}],"curies":[{"name":"wp","href":"https:\/\/api.w.org\/{rel}","templated":true}]}}