{"id":24682,"date":"2020-10-11T06:00:00","date_gmt":"2020-10-11T04:00:00","guid":{"rendered":"https:\/\/www.opinionpublica.tv\/portada\/2020\/10\/11\/morena-inestabilidad-garantizada\/"},"modified":"2020-10-11T06:00:00","modified_gmt":"2020-10-11T04:00:00","slug":"morena-inestabilidad-garantizada","status":"publish","type":"post","link":"https:\/\/www.opinionpublica.tv\/portada\/morena-inestabilidad-garantizada\/","title":{"rendered":"Morena: inestabilidad garantizada"},"content":{"rendered":"<p><img fetchpriority=\"high\" decoding=\"async\" class=\" size-full wp-image-24681\" src=\"https:\/\/www.opinionpublica.tv\/portada\/wp-content\/uploads\/2020\/10\/5629cdd3433a7daa3cef32ce2d89d288.jpg\" alt=\"\" class=\"caption\" title=\"Porfirio Mu\u00f1oz Ledo y Mario Delgado ir\u00e1n a una tercera encuesta.\" width=\"870\" height=\"522\" srcset=\"https:\/\/www.opinionpublica.tv\/portada\/wp-content\/uploads\/2020\/10\/5629cdd3433a7daa3cef32ce2d89d288.jpg 870w, https:\/\/www.opinionpublica.tv\/portada\/wp-content\/uploads\/2020\/10\/5629cdd3433a7daa3cef32ce2d89d288-300x180.jpg 300w, https:\/\/www.opinionpublica.tv\/portada\/wp-content\/uploads\/2020\/10\/5629cdd3433a7daa3cef32ce2d89d288-768x461.jpg 768w\" sizes=\"(max-width: 870px) 100vw, 870px\" \/><br \/>\n<!--more--><\/p>\n<p style=\"text-align: justify;\"><em>Ciudad de M\u00e9xico<\/em>.- Creado hace seis a\u00f1os por Andr\u00e9s Manuel L\u00f3pez Obrador, quien como presidente de la Rep\u00fablica gusta del conflicto, Morena es el partido pol\u00edtico m\u00e1s rijoso de M\u00e9xico: no hay d\u00eda en que sus militantes no presenten impugnaciones, pero no una ni dos, ni tres ni cuatro, sino hasta cinco diarias y 160 al mes.<\/p>\n<p style=\"text-align: justify;\">En efecto, en los casi 14 meses que acumulan los pleitos derivados del proceso de renovaci\u00f3n de su dirigencia nacional \u2013de agosto de 2019 a octubre de este a\u00f1o\u2013 se han presentado 2 mil 250 impugnaciones internas ante la Comisi\u00f3n Nacional de Honestidad y Justicia (CNHJ) de Morena.<\/p>\n<p style=\"text-align: justify;\">Todas estas impugnaciones han ido a parar al Tribunal Electoral del Poder Judicial de la Federaci\u00f3n (TEPJF) que, en los hechos, ha gobernado a Morena.<\/p>\n<p style=\"text-align: justify;\">Si el empate entre Porfirio Mu\u00f1oz Ledo y Mario Delgado para la presidencia de Morena que registr\u00f3 la encuesta ordenada por el TEPJF al Instituto Nacional electoral (INE) recrudeci\u00f3 las pugnas internas, con amagos hasta de ruptura, el proceso para las candidaturas de 3 mil 528 representantes populares y 21 mil 368 funcionarios para las elecciones de 2021 s\u00f3lo anticipa m\u00e1s pleitos.<\/p>\n<p style=\"text-align: justify;\">\u201cCuando se pase al periodo propiamente de manejo electoral de 2021 surgir\u00e1n, por supuesto, un gran n\u00famero de impugnaciones en relaci\u00f3n con la selecci\u00f3n de candidaturas, que tendr\u00e1 que atender internamente el partido y que terminar\u00e1n, en muchos casos, en el TEPJF\u201d, advierte H\u00e9ctor D\u00edaz Polanco, presidente de la CNHJ, el organismo de Morena que procesa las pugnas.<\/p>\n<p style=\"text-align: justify;\">Y por ello, en entrevista con Proceso, augura que los pleitos no disminuir\u00e1n: \u201cLa vida interna seguir\u00e1 igual de intensa por lo menos el pr\u00f3ximo a\u00f1o o a\u00f1o y medio\u201d.<\/p>\n<p style=\"text-align: justify;\">Para D\u00edaz Polanco, quien urge a renovar la instancia de justicia partidaria que preside desde la fundaci\u00f3n de Morena \u2013seis a\u00f1os de extenuante trabajo para dirimir la rijosidad interna sin recibir sueldo\u2013, es normal tanta conflictividad, porque se trata de la primera fuerza pol\u00edtica de M\u00e9xico, que gan\u00f3 la Presidencia y la mayor\u00eda en el Congreso.<\/p>\n<p style=\"text-align: justify;\">\u201cEste factor hace enormemente atractivo al partido, porque sectores que se hab\u00edan mantenido en los m\u00e1rgenes de esta organizaci\u00f3n y sin mostrar mayor inter\u00e9s por participar y abrirse espacios deciden, a partir de ese momento, ir con todo y tratar de definir cotos de poder\u201d, contextualiza.<\/p>\n<p style=\"text-align: justify;\">\u201cEsta es \u2013resume\u2013 la explicaci\u00f3n de por qu\u00e9 tenemos esta abrupta subida en el n\u00famero de los casos de impugnaci\u00f3n y de juicios de protecci\u00f3n a los derechos pol\u00edticos ciudadanos, los famosos recursos ante el tribunal.\u201d<\/p>\n<p style=\"text-align: justify;\">La victoria de Porfirio Mu\u00f1oz Ledo o de Mario Delgado en la disputa por la presidencia de\u00a0<a href=\"https:\/\/morena.si\/\">Morena<\/a>, que era incierta al cierre de esta edici\u00f3n, no significa que terminaron los pleitos por la direcci\u00f3n nacional, anticipa D\u00edaz Polanco, acostumbrado a recibir todo tipo de impugnaciones:<\/p>\n<p style=\"text-align: justify;\">\u201cSi (el ganador) tiene poca legitimidad, habr\u00e1 de nuevo much\u00edsimas impugnaciones y expedientes que tratar, lo que, al contrario, disminuir\u00e1 si tiene mucha legitimidad.\u201d (Proceso)<\/p>\n<p style=\"text-align: justify;\">\u00a0<\/p>\n<p style=\"text-align: justify;\">\u00a0<\/p>\n","protected":false},"excerpt":{"rendered":"","protected":false},"author":6,"featured_media":24681,"comment_status":"open","ping_status":"open","sticky":false,"template":"","format":"standard","meta":{"_acf_changed":false,"_monsterinsights_skip_tracking":false,"slim_seo":{"title":"Morena: inestabilidad garantizada - Opini\u00f3n P\u00fablica","description":"Ciudad de M\u00e9xico .- Creado hace seis a\u00f1os por Andr\u00e9s Manuel L\u00f3pez Obrador, quien como presidente de la Rep\u00fablica gusta del conflicto, Morena es el partido pol\u00edt"},"footnotes":""},"categories":[3],"tags":[],"class_list":["post-24682","post","type-post","status-publish","format-standard","has-post-thumbnail","hentry","category-principal"],"acf":[],"_links":{"self":[{"href":"https:\/\/www.opinionpublica.tv\/portada\/wp-json\/wp\/v2\/posts\/24682","targetHints":{"allow":["GET"]}}],"collection":[{"href":"https:\/\/www.opinionpublica.tv\/portada\/wp-json\/wp\/v2\/posts"}],"about":[{"href":"https:\/\/www.opinionpublica.tv\/portada\/wp-json\/wp\/v2\/types\/post"}],"author":[{"embeddable":true,"href":"https:\/\/www.opinionpublica.tv\/portada\/wp-json\/wp\/v2\/users\/6"}],"replies":[{"embeddable":true,"href":"https:\/\/www.opinionpublica.tv\/portada\/wp-json\/wp\/v2\/comments?post=24682"}],"version-history":[{"count":0,"href":"https:\/\/www.opinionpublica.tv\/portada\/wp-json\/wp\/v2\/posts\/24682\/revisions"}],"wp:featuredmedia":[{"embeddable":true,"href":"https:\/\/www.opinionpublica.tv\/portada\/wp-json\/wp\/v2\/media\/24681"}],"wp:attachment":[{"href":"https:\/\/www.opinionpublica.tv\/portada\/wp-json\/wp\/v2\/media?parent=24682"}],"wp:term":[{"taxonomy":"category","embeddable":true,"href":"https:\/\/www.opinionpublica.tv\/portada\/wp-json\/wp\/v2\/categories?post=24682"},{"taxonomy":"post_tag","embeddable":true,"href":"https:\/\/www.opinionpublica.tv\/portada\/wp-json\/wp\/v2\/tags?post=24682"}],"curies":[{"name":"wp","href":"https:\/\/api.w.org\/{rel}","templated":true}]}}