{"id":2468,"date":"2016-08-16T06:00:00","date_gmt":"2016-08-16T04:00:00","guid":{"rendered":"https:\/\/www.opinionpublica.tv\/portada\/2016\/08\/16\/se-apunta-eloy-diaz-por-rectoria-de-la-uach\/"},"modified":"2016-08-16T06:00:00","modified_gmt":"2016-08-16T04:00:00","slug":"se-apunta-eloy-diaz-por-rectoria-de-la-uach","status":"publish","type":"post","link":"https:\/\/www.opinionpublica.tv\/portada\/se-apunta-eloy-diaz-por-rectoria-de-la-uach\/","title":{"rendered":"Se apunta Eloy D\u00edaz por Rector\u00eda de la UACH"},"content":{"rendered":"<p><img fetchpriority=\"high\" decoding=\"async\" class=\" size-full wp-image-2467\" src=\"https:\/\/www.opinionpublica.tv\/portada\/wp-content\/uploads\/2016\/08\/9ceda37e8dd02e290ba6ca0c349431b8.jpg\" alt=\"\" width=\"720\" height=\"728\" srcset=\"https:\/\/www.opinionpublica.tv\/portada\/wp-content\/uploads\/2016\/08\/9ceda37e8dd02e290ba6ca0c349431b8.jpg 720w, https:\/\/www.opinionpublica.tv\/portada\/wp-content\/uploads\/2016\/08\/9ceda37e8dd02e290ba6ca0c349431b8-297x300.jpg 297w\" sizes=\"(max-width: 720px) 100vw, 720px\" \/><\/p>\n<p style=\"text-align: justify;\">Publicada la convocatoria para la elecci\u00f3n de Rector en la Universidad Aut\u00f3noma de Chihuahua, Eloy D\u00edaz Unzueta, director de la Facultad de Ciencias Pol\u00edticas y Sociales ha decidido contender por el puesto en la m\u00e1xima Casa de Estudios del estado.<\/p>\n<p style=\"text-align: justify;\">Eloy D\u00edaz cuenta con una licenciatura en Administraci\u00f3n P\u00fablica y Ciencias Pol\u00edtica, maestr\u00eda en Administraci\u00f3n con especialidad en Finanzas y fue elegido como director de la FCPyS el 24 de mayo del 2010 con 59 sufragios a su favor en el Consejo Universitario.<\/p>\n<p style=\"text-align: justify;\">A trav\u00e9s de Facebook, el actual director tiene una p\u00e1gina p\u00fablica en la que se\u00f1ala que es aspirante a Rector por el periodo 2016-2022.<\/p>\n<p style=\"text-align: justify;\">\u201cModelo de Educaci\u00f3n de Gesti\u00f3n Activa del Aprendizaje Basado en el Recurso Humano\u201d, describe.<\/p>\n","protected":false},"excerpt":{"rendered":"<p>Publicada la convocatoria para la elecci\u00f3n de Rector en la Universidad Aut\u00f3noma de Chihuahua, Eloy D\u00edaz Unzueta, director de la Facultad de Ciencias Pol\u00edticas y Sociales ha decidido contender por el puesto en la m\u00e1xima Casa de Estudios del estado. Eloy D\u00edaz cuenta con una licenciatura en Administraci\u00f3n P\u00fablica y Ciencias Pol\u00edtica, maestr\u00eda en Administraci\u00f3n [&hellip;]<\/p>\n","protected":false},"author":1,"featured_media":2467,"comment_status":"open","ping_status":"open","sticky":false,"template":"","format":"standard","meta":{"_acf_changed":false,"_monsterinsights_skip_tracking":false,"slim_seo":{"title":"Se apunta Eloy D\u00edaz por Rector\u00eda de la UACH - Opini\u00f3n P\u00fablica","description":"Publicada la convocatoria para la elecci\u00f3n de Rector en la Universidad Aut\u00f3noma de Chihuahua, Eloy D\u00edaz Unzueta, director de la Facultad de Ciencias Pol\u00edticas y"},"footnotes":""},"categories":[4],"tags":[],"class_list":["post-2468","post","type-post","status-publish","format-standard","has-post-thumbnail","hentry","category-pulsopolitico"],"acf":[],"_links":{"self":[{"href":"https:\/\/www.opinionpublica.tv\/portada\/wp-json\/wp\/v2\/posts\/2468","targetHints":{"allow":["GET"]}}],"collection":[{"href":"https:\/\/www.opinionpublica.tv\/portada\/wp-json\/wp\/v2\/posts"}],"about":[{"href":"https:\/\/www.opinionpublica.tv\/portada\/wp-json\/wp\/v2\/types\/post"}],"author":[{"embeddable":true,"href":"https:\/\/www.opinionpublica.tv\/portada\/wp-json\/wp\/v2\/users\/1"}],"replies":[{"embeddable":true,"href":"https:\/\/www.opinionpublica.tv\/portada\/wp-json\/wp\/v2\/comments?post=2468"}],"version-history":[{"count":0,"href":"https:\/\/www.opinionpublica.tv\/portada\/wp-json\/wp\/v2\/posts\/2468\/revisions"}],"wp:featuredmedia":[{"embeddable":true,"href":"https:\/\/www.opinionpublica.tv\/portada\/wp-json\/wp\/v2\/media\/2467"}],"wp:attachment":[{"href":"https:\/\/www.opinionpublica.tv\/portada\/wp-json\/wp\/v2\/media?parent=2468"}],"wp:term":[{"taxonomy":"category","embeddable":true,"href":"https:\/\/www.opinionpublica.tv\/portada\/wp-json\/wp\/v2\/categories?post=2468"},{"taxonomy":"post_tag","embeddable":true,"href":"https:\/\/www.opinionpublica.tv\/portada\/wp-json\/wp\/v2\/tags?post=2468"}],"curies":[{"name":"wp","href":"https:\/\/api.w.org\/{rel}","templated":true}]}}