{"id":24668,"date":"2020-10-09T06:00:00","date_gmt":"2020-10-09T04:00:00","guid":{"rendered":"https:\/\/www.opinionpublica.tv\/portada\/2020\/10\/09\/beatriz-gutierrez-mueller-de-viaje-en-paris-la-esposa-de-amlo-causa-polemica-en-su-visita-a-francia\/"},"modified":"2020-10-09T06:00:00","modified_gmt":"2020-10-09T04:00:00","slug":"beatriz-gutierrez-mueller-de-viaje-en-paris-la-esposa-de-amlo-causa-polemica-en-su-visita-a-francia","status":"publish","type":"post","link":"https:\/\/www.opinionpublica.tv\/portada\/beatriz-gutierrez-mueller-de-viaje-en-paris-la-esposa-de-amlo-causa-polemica-en-su-visita-a-francia\/","title":{"rendered":"Beatriz Guti\u00e9rrez M\u00fcller de viaje en Par\u00eds; la esposa de AMLO causa pol\u00e9mica durante su visita a Francia"},"content":{"rendered":"<p><img fetchpriority=\"high\" decoding=\"async\" class=\" size-full wp-image-24667\" src=\"https:\/\/www.opinionpublica.tv\/portada\/wp-content\/uploads\/2020\/10\/91a330570e36d0476b9d7cdd30c52e97.jpg\" alt=\"\" class=\"caption\" title=\"Beatriz Guti\u00e9rrez M\u00fcller, esposa de AMLO y Brigitte Macron, primera dama de Francia.\" width=\"1280\" height=\"853\" srcset=\"https:\/\/www.opinionpublica.tv\/portada\/wp-content\/uploads\/2020\/10\/91a330570e36d0476b9d7cdd30c52e97.jpg 1280w, https:\/\/www.opinionpublica.tv\/portada\/wp-content\/uploads\/2020\/10\/91a330570e36d0476b9d7cdd30c52e97-300x200.jpg 300w, https:\/\/www.opinionpublica.tv\/portada\/wp-content\/uploads\/2020\/10\/91a330570e36d0476b9d7cdd30c52e97-1024x682.jpg 1024w, https:\/\/www.opinionpublica.tv\/portada\/wp-content\/uploads\/2020\/10\/91a330570e36d0476b9d7cdd30c52e97-768x512.jpg 768w\" sizes=\"(max-width: 1280px) 100vw, 1280px\" \/><br \/>\n<!--more--><\/p>\n<p style=\"text-align: justify;\"><em>Par\u00eds, Francia<\/em>.- Beatriz Guti\u00e9rrez M\u00fcller, escritora y esposa del presidente de M\u00e9xico, Andr\u00e9s Manuel L\u00f3pez Obrador, se encuentra en Par\u00eds, Francia, donde se reuni\u00f3 con Brigitte Macron, esposa de Emmanuel Macron, mandatario de Francia.<\/p>\n<p style=\"text-align: justify;\">El motivo de la visita de la esposa del mandatario mexicano fue para impulsar la cooperaci\u00f3n cultural entre los dos pa\u00edses, por lo que participaron en un evento de lectura en el Liceo Carlomagno, adem\u00e1s inaugurar la exposici\u00f3n \u201cLos Olmecas y las culturas de M\u00e9xico\u201d en el Museo Quai Branly-Chirac.<\/p>\n<p style=\"text-align: justify;\">Por medio de sus redes sociales, Guti\u00e9rrez M\u00fcller comparti\u00f3 las actividades que realiz\u00f3. \u00abHe estado en Palacio del El\u00edseo, donde reside el presidente Emmanuel Macron y su esposa. La se\u00f1ora Brigitte Macron y yo conversamos de muchos temas despu\u00e9s de participar en una lectura p\u00fablica en el Liceo Carlomagno de Par\u00eds. \u00a1Cu\u00e1ntas cosas en com\u00fan!\u00bb.<\/p>\n<p style=\"text-align: justify;\">\u00abAgradezco sus finas atenciones y el compromiso de continuar con nuestros esfuerzos por hacer del mundo un mundo de lectores\u00bb, finaliz\u00f3 la esposa de AMLO.<\/p>\n<p style=\"text-align: justify;\">Sobre su participaci\u00f3n en el Liceo Carlomagno, Beatriz Guti\u00e9rrez escribi\u00f3, \u00abAgradezco a los directivos, profesores y alumnos del Liceo Carlomagno, de Par\u00eds, continuar como nosotros en M\u00e9xico encontrando en la lectura un espacio de paz, de aprendizaje, de imaginaci\u00f3n y de talento\u00bb.<\/p>\n<p style=\"text-align: justify;\">Igualmente mencion\u00f3 las lecturas que realizaron, \u00abLa se\u00f1ora Brigitte Macron ha le\u00eddo pasajes de J. M. G. Le Cl\u00e8zio de su \u2018Sue\u00f1o mexicano\u2019; ellos, fragmentos de la obra de Carlos Pellicer (su poema a Cuauht\u00e9moc) y yo, unos versos de Amado Nervo dedicados a Par\u00eds. Unimos lo que tenemos en com\u00fan, y es mucho\u00bb.<\/p>\n<p style=\"text-align: justify;\">El viaje de Beatriz Guti\u00e9rrez M\u00fcller a Francia ha resultado muy pol\u00e9mico por lo que en redes sociales varios usuarios la est\u00e1n criticando bajo el argumento de que ella dijo en varias ocasiones que no ser\u00eda primera dama de M\u00e9xico.<\/p>\n<p style=\"text-align: justify;\">Por ejemplo, @Vann_18CS escribi\u00f3, \u00abLa doble moral de Beatriz Guti\u00e9rrez M\u00fcller al ostentarse como primera dama para lo que le conviene y s\u00f3lo lo que genera privilegio, nada de obligaciones\u00bb.<\/p>\n<p style=\"text-align: justify;\">Tambi\u00e9n @elisachapa critic\u00f3 a la escritora, \u00abBeatriz Gutierrez no es primera dama de M\u00e9xico, ella misma lo afirma una y otra vez. \u00bfPor qu\u00e9 estamos patrocinando este viaje a Europa? Carest\u00eda para el pueblo, opulencia para los que est\u00e1n cerca del l\u00edder\u00bb.<\/p>\n<p style=\"text-align: justify;\">El usuario @JazmnCuevasAgu1 tambi\u00e9n arremeti\u00f3 contra la esposa de AMLO, \u00abCuando hay viajes y reflectores de por medio s\u00ed es primera dama. Beatriz Guti\u00e9rrez insiste en que no es la primera dama. Ella no est\u00e1 dispuesta a intervenir por los ni\u00f1os mexicanos que no reciben quimioterapias debido al gobierno de su esposo. Ella es siniestra.<\/p>\n<p style=\"text-align: justify;\">Aunque en el pasado las esposas de los presidentes de M\u00e9xico se hac\u00edan cargo del Sistema Nacional para el Desarrollo Integral de la Familia (DIF), Beatriz Guti\u00e9rrez M\u00fcller no ostenta ese cargo, pero es presidenta del Consejo Honor\u00edfico de la Memoria Hist\u00f3rica y Cultural de M\u00e9xico. (Yahoo)<\/p>\n","protected":false},"excerpt":{"rendered":"","protected":false},"author":6,"featured_media":24667,"comment_status":"open","ping_status":"open","sticky":false,"template":"","format":"standard","meta":{"_acf_changed":false,"_monsterinsights_skip_tracking":false,"slim_seo":{"title":"Beatriz Guti\u00e9rrez M\u00fcller de viaje en Par\u00eds; la esposa de AMLO causa pol\u00e9mica durante su visita a Francia - Opini\u00f3n P\u00fablica","description":"Par\u00eds, Francia .- Beatriz Guti\u00e9rrez M\u00fcller, escritora y esposa del presidente de M\u00e9xico, Andr\u00e9s Manuel L\u00f3pez Obrador, se encuentra en Par\u00eds, Francia, donde se r"},"footnotes":""},"categories":[11],"tags":[],"class_list":["post-24668","post","type-post","status-publish","format-standard","has-post-thumbnail","hentry","category-tendencias"],"acf":[],"_links":{"self":[{"href":"https:\/\/www.opinionpublica.tv\/portada\/wp-json\/wp\/v2\/posts\/24668","targetHints":{"allow":["GET"]}}],"collection":[{"href":"https:\/\/www.opinionpublica.tv\/portada\/wp-json\/wp\/v2\/posts"}],"about":[{"href":"https:\/\/www.opinionpublica.tv\/portada\/wp-json\/wp\/v2\/types\/post"}],"author":[{"embeddable":true,"href":"https:\/\/www.opinionpublica.tv\/portada\/wp-json\/wp\/v2\/users\/6"}],"replies":[{"embeddable":true,"href":"https:\/\/www.opinionpublica.tv\/portada\/wp-json\/wp\/v2\/comments?post=24668"}],"version-history":[{"count":0,"href":"https:\/\/www.opinionpublica.tv\/portada\/wp-json\/wp\/v2\/posts\/24668\/revisions"}],"wp:featuredmedia":[{"embeddable":true,"href":"https:\/\/www.opinionpublica.tv\/portada\/wp-json\/wp\/v2\/media\/24667"}],"wp:attachment":[{"href":"https:\/\/www.opinionpublica.tv\/portada\/wp-json\/wp\/v2\/media?parent=24668"}],"wp:term":[{"taxonomy":"category","embeddable":true,"href":"https:\/\/www.opinionpublica.tv\/portada\/wp-json\/wp\/v2\/categories?post=24668"},{"taxonomy":"post_tag","embeddable":true,"href":"https:\/\/www.opinionpublica.tv\/portada\/wp-json\/wp\/v2\/tags?post=24668"}],"curies":[{"name":"wp","href":"https:\/\/api.w.org\/{rel}","templated":true}]}}