{"id":2462,"date":"2016-08-16T06:00:00","date_gmt":"2016-08-16T04:00:00","guid":{"rendered":"https:\/\/www.opinionpublica.tv\/portada\/2016\/08\/16\/inah-trabajara-en-restauracion-de-templo-guerrero\/"},"modified":"2016-08-16T06:00:00","modified_gmt":"2016-08-16T04:00:00","slug":"inah-trabajara-en-restauracion-de-templo-guerrero","status":"publish","type":"post","link":"https:\/\/www.opinionpublica.tv\/portada\/inah-trabajara-en-restauracion-de-templo-guerrero\/","title":{"rendered":"INAH trabajar\u00e1 en restauraci\u00f3n de Templo Guerrero"},"content":{"rendered":"<p><img fetchpriority=\"high\" decoding=\"async\" class=\" size-full wp-image-2461\" src=\"https:\/\/www.opinionpublica.tv\/portada\/wp-content\/uploads\/2016\/08\/feb01c6426e9633288bf84ce1e186ae3.jpg\" alt=\"\" width=\"900\" height=\"474\" srcset=\"https:\/\/www.opinionpublica.tv\/portada\/wp-content\/uploads\/2016\/08\/feb01c6426e9633288bf84ce1e186ae3.jpg 900w, https:\/\/www.opinionpublica.tv\/portada\/wp-content\/uploads\/2016\/08\/feb01c6426e9633288bf84ce1e186ae3-300x158.jpg 300w, https:\/\/www.opinionpublica.tv\/portada\/wp-content\/uploads\/2016\/08\/feb01c6426e9633288bf84ce1e186ae3-768x404.jpg 768w\" sizes=\"(max-width: 900px) 100vw, 900px\" \/><\/p>\n<p style=\"text-align: justify;\">Luego del derrumbe que sufri\u00f3 el templo de la Virgen del Refugio del Municipio de Guerrero el fin de semana pasado debido al exceso de humedad, el Instituto Nacional de Antropolog\u00eda e Historia (INAH), delegaci\u00f3n Chihuahua, realizar\u00e1 las acciones necesarias para continuar con la labor de rescate del inmueble.<\/p>\n<p style=\"text-align: justify;\">La semana pasada se hab\u00edan iniciado los trabajos de restauraci\u00f3n con la obtenci\u00f3n del pago del seguro contra siniestros, el cual hab\u00eda sido tramitado a partir del colapso que sufri\u00f3 este monumento hist\u00f3rico en uno de sus muros en julio de 2015 a causa de la lluvia. En esta ocasi\u00f3n, a ra\u00edz de otro derrumbe registrado el pasado s\u00e1bado 13 de agosto, tambi\u00e9n debido al exceso de humedad, se comenz\u00f3 con un nuevo tr\u00e1mite para la obtenci\u00f3n de este recurso al tratarse de un nuevo siniestro.<\/p>\n<p style=\"text-align: justify;\">Al ser notificados de este hecho, personal del INAH Chihuahua acudi\u00f3 al lugar para realizar la valoraci\u00f3n de los da\u00f1os e iniciar con el proceso correspondiente para la obtenci\u00f3n del pago del seguro, beneficio con el que cuentan todos los monumentos hist\u00f3ricos protegidos por la instituci\u00f3n federal.<\/p>\n<p style=\"text-align: justify;\">El proceso de rescate y conservaci\u00f3n est\u00e1 a cargo de la Secci\u00f3n de Monumentos Hist\u00f3ricos del Centro INAH Chihuahua, tomando en cuenta el trabajo artesanal y los criterios de restauraci\u00f3n que deben tomarse en cuenta para este tipo de proyectos.<\/p>\n","protected":false},"excerpt":{"rendered":"<p>Luego del derrumbe que sufri\u00f3 el templo de la Virgen del Refugio del Municipio de Guerrero el fin de semana pasado debido al exceso de humedad, el Instituto Nacional de Antropolog\u00eda e Historia (INAH), delegaci\u00f3n Chihuahua, realizar\u00e1 las acciones necesarias para continuar con la labor de rescate del inmueble. La semana pasada se hab\u00edan iniciado [&hellip;]<\/p>\n","protected":false},"author":1,"featured_media":2461,"comment_status":"open","ping_status":"open","sticky":false,"template":"","format":"standard","meta":{"_acf_changed":false,"_monsterinsights_skip_tracking":false,"slim_seo":{"title":"INAH trabajar\u00e1 en restauraci\u00f3n de Templo Guerrero - Opini\u00f3n P\u00fablica","description":"Luego del derrumbe que sufri\u00f3 el templo de la Virgen del Refugio del Municipio de Guerrero el fin de semana pasado debido al exceso de humedad, el Instituto Nac"},"footnotes":""},"categories":[4],"tags":[],"class_list":["post-2462","post","type-post","status-publish","format-standard","has-post-thumbnail","hentry","category-pulsopolitico"],"acf":[],"_links":{"self":[{"href":"https:\/\/www.opinionpublica.tv\/portada\/wp-json\/wp\/v2\/posts\/2462","targetHints":{"allow":["GET"]}}],"collection":[{"href":"https:\/\/www.opinionpublica.tv\/portada\/wp-json\/wp\/v2\/posts"}],"about":[{"href":"https:\/\/www.opinionpublica.tv\/portada\/wp-json\/wp\/v2\/types\/post"}],"author":[{"embeddable":true,"href":"https:\/\/www.opinionpublica.tv\/portada\/wp-json\/wp\/v2\/users\/1"}],"replies":[{"embeddable":true,"href":"https:\/\/www.opinionpublica.tv\/portada\/wp-json\/wp\/v2\/comments?post=2462"}],"version-history":[{"count":0,"href":"https:\/\/www.opinionpublica.tv\/portada\/wp-json\/wp\/v2\/posts\/2462\/revisions"}],"wp:featuredmedia":[{"embeddable":true,"href":"https:\/\/www.opinionpublica.tv\/portada\/wp-json\/wp\/v2\/media\/2461"}],"wp:attachment":[{"href":"https:\/\/www.opinionpublica.tv\/portada\/wp-json\/wp\/v2\/media?parent=2462"}],"wp:term":[{"taxonomy":"category","embeddable":true,"href":"https:\/\/www.opinionpublica.tv\/portada\/wp-json\/wp\/v2\/categories?post=2462"},{"taxonomy":"post_tag","embeddable":true,"href":"https:\/\/www.opinionpublica.tv\/portada\/wp-json\/wp\/v2\/tags?post=2462"}],"curies":[{"name":"wp","href":"https:\/\/api.w.org\/{rel}","templated":true}]}}