{"id":2460,"date":"2016-08-16T06:00:00","date_gmt":"2016-08-16T04:00:00","guid":{"rendered":"https:\/\/www.opinionpublica.tv\/portada\/2016\/08\/16\/da-limpia-colorido-al-parque-extremo\/"},"modified":"2016-08-16T06:00:00","modified_gmt":"2016-08-16T04:00:00","slug":"da-limpia-colorido-al-parque-extremo","status":"publish","type":"post","link":"https:\/\/www.opinionpublica.tv\/portada\/da-limpia-colorido-al-parque-extremo\/","title":{"rendered":"Da Limpia colorido al Parque Extremo"},"content":{"rendered":"<p><img fetchpriority=\"high\" decoding=\"async\" class=\" size-full wp-image-2459\" src=\"https:\/\/www.opinionpublica.tv\/portada\/wp-content\/uploads\/2016\/08\/4b767812663b80b340af87b3a2927015.jpg\" alt=\"\" width=\"977\" height=\"733\" srcset=\"https:\/\/www.opinionpublica.tv\/portada\/wp-content\/uploads\/2016\/08\/4b767812663b80b340af87b3a2927015.jpg 977w, https:\/\/www.opinionpublica.tv\/portada\/wp-content\/uploads\/2016\/08\/4b767812663b80b340af87b3a2927015-300x225.jpg 300w, https:\/\/www.opinionpublica.tv\/portada\/wp-content\/uploads\/2016\/08\/4b767812663b80b340af87b3a2927015-768x576.jpg 768w\" sizes=\"(max-width: 977px) 100vw, 977px\" \/><\/p>\n<p style=\"text-align: justify;\">Con una cuadrilla de trabajadores del programa Anti Grafiti, la Direcci\u00f3n de Limpia da colorido a la infraestructura del Parque Extremo, inform\u00f3 H\u00e9ctor Lozoya \u00c1vila, director general de la dependencia.<\/p>\n<p style=\"text-align: justify;\">Agreg\u00f3 que desde el pasado lunes cuatro empleados equipados con un compresor y dos pistolas de pintura, se encargan de repintar bancas, cestos de basura, postes de alumbrado y pasamanos de distintos puntos.<\/p>\n<p style=\"text-align: justify;\">\u00a8Ser\u00e1n 52 bancas, 27 cestos de basura y 18 pasamanos, las atendidas este d\u00eda, auinque las acciones se extender\u00e1n a barandales, rampas y obst\u00e1culos de patinadores que se encuentran con grafiti\u00a8, indic\u00f3 Lozoya \u00c1vila.\u00a0<\/p>\n<p style=\"text-align: justify;\">La pintura que aqu\u00ed se utiliza, de color rojo, se encontraba almacenada en la dependencia municipal, por lo que no significa una inversi\u00f3n extra para el municipio.<\/p>\n<p style=\"text-align: justify;\">Tambi\u00e9n se contempla usar otros colores para las banquetas y rampas que est\u00e1n rayadas y requieren de ser repintadas.<\/p>\n","protected":false},"excerpt":{"rendered":"<p>Con una cuadrilla de trabajadores del programa Anti Grafiti, la Direcci\u00f3n de Limpia da colorido a la infraestructura del Parque Extremo, inform\u00f3 H\u00e9ctor Lozoya \u00c1vila, director general de la dependencia. Agreg\u00f3 que desde el pasado lunes cuatro empleados equipados con un compresor y dos pistolas de pintura, se encargan de repintar bancas, cestos de basura, [&hellip;]<\/p>\n","protected":false},"author":1,"featured_media":2459,"comment_status":"open","ping_status":"open","sticky":false,"template":"","format":"standard","meta":{"_acf_changed":false,"_monsterinsights_skip_tracking":false,"slim_seo":{"title":"Da Limpia colorido al Parque Extremo - Opini\u00f3n P\u00fablica","description":"Con una cuadrilla de trabajadores del programa Anti Grafiti, la Direcci\u00f3n de Limpia da colorido a la infraestructura del Parque Extremo, inform\u00f3 H\u00e9ctor Lozoya \u00c1"},"footnotes":""},"categories":[5],"tags":[],"class_list":["post-2460","post","type-post","status-publish","format-standard","has-post-thumbnail","hentry","category-frontera"],"acf":[],"_links":{"self":[{"href":"https:\/\/www.opinionpublica.tv\/portada\/wp-json\/wp\/v2\/posts\/2460","targetHints":{"allow":["GET"]}}],"collection":[{"href":"https:\/\/www.opinionpublica.tv\/portada\/wp-json\/wp\/v2\/posts"}],"about":[{"href":"https:\/\/www.opinionpublica.tv\/portada\/wp-json\/wp\/v2\/types\/post"}],"author":[{"embeddable":true,"href":"https:\/\/www.opinionpublica.tv\/portada\/wp-json\/wp\/v2\/users\/1"}],"replies":[{"embeddable":true,"href":"https:\/\/www.opinionpublica.tv\/portada\/wp-json\/wp\/v2\/comments?post=2460"}],"version-history":[{"count":0,"href":"https:\/\/www.opinionpublica.tv\/portada\/wp-json\/wp\/v2\/posts\/2460\/revisions"}],"wp:featuredmedia":[{"embeddable":true,"href":"https:\/\/www.opinionpublica.tv\/portada\/wp-json\/wp\/v2\/media\/2459"}],"wp:attachment":[{"href":"https:\/\/www.opinionpublica.tv\/portada\/wp-json\/wp\/v2\/media?parent=2460"}],"wp:term":[{"taxonomy":"category","embeddable":true,"href":"https:\/\/www.opinionpublica.tv\/portada\/wp-json\/wp\/v2\/categories?post=2460"},{"taxonomy":"post_tag","embeddable":true,"href":"https:\/\/www.opinionpublica.tv\/portada\/wp-json\/wp\/v2\/tags?post=2460"}],"curies":[{"name":"wp","href":"https:\/\/api.w.org\/{rel}","templated":true}]}}