{"id":2458,"date":"2016-08-16T06:00:00","date_gmt":"2016-08-16T04:00:00","guid":{"rendered":"https:\/\/www.opinionpublica.tv\/portada\/2016\/08\/16\/trump-asegura-test-ideologico-al-dar-visas\/"},"modified":"2016-08-16T06:00:00","modified_gmt":"2016-08-16T04:00:00","slug":"trump-asegura-test-ideologico-al-dar-visas","status":"publish","type":"post","link":"https:\/\/www.opinionpublica.tv\/portada\/trump-asegura-test-ideologico-al-dar-visas\/","title":{"rendered":"trump asegura test \u00abideol\u00f3gico\u00bb al dar visas"},"content":{"rendered":"<p><img fetchpriority=\"high\" decoding=\"async\" class=\" size-full wp-image-2457\" src=\"https:\/\/www.opinionpublica.tv\/portada\/wp-content\/uploads\/2016\/08\/aaf22f04e37af4cd95a6088972fbe2b2.jpg\" alt=\"\" width=\"1180\" height=\"842\" srcset=\"https:\/\/www.opinionpublica.tv\/portada\/wp-content\/uploads\/2016\/08\/aaf22f04e37af4cd95a6088972fbe2b2.jpg 1180w, https:\/\/www.opinionpublica.tv\/portada\/wp-content\/uploads\/2016\/08\/aaf22f04e37af4cd95a6088972fbe2b2-300x214.jpg 300w, https:\/\/www.opinionpublica.tv\/portada\/wp-content\/uploads\/2016\/08\/aaf22f04e37af4cd95a6088972fbe2b2-1024x731.jpg 1024w, https:\/\/www.opinionpublica.tv\/portada\/wp-content\/uploads\/2016\/08\/aaf22f04e37af4cd95a6088972fbe2b2-768x548.jpg 768w\" sizes=\"(max-width: 1180px) 100vw, 1180px\" \/><\/p>\n<p style=\"text-align: justify;\">El candidato republicano Donald Trump \u00a0promete crear la m\u00e1s \u00abextrema, extrema, revisi\u00f3n de antecedentes\u00bben el proceso de otorgamiento de visas y controles de inmigraci\u00f3n de EE.UU.<\/p>\n<p style=\"text-align: justify;\">Aunque este lunes solo deline\u00f3 lo que podr\u00eda ser el nuevo test \u00abideol\u00f3gico\u00bb, su plan incluye el veto general para habitantes de pa\u00edses donde el extremismo est\u00e9 \u00abesparcido\u00bb.<\/p>\n<p style=\"text-align: justify;\">\u00abPararemos el procesamiento de visas de esas \u00e1reas hasta el momento en que se considere seguro reanudarlas con base en nuevas circunstancias o nuevos procedimientos\u00bb, dijo Trump sin se\u00f1alar casos espec\u00edficos.<\/p>\n<p style=\"text-align: justify;\">De ganar la elecci\u00f3n en noviembre, un comit\u00e9 ser\u00e1 el encargado de analizar\u00a0caso por caso los pa\u00edses y regiones del mundo donde el radicalismo amenaza a los intereses de EE.UU.<\/p>\n<p style=\"text-align: justify;\">\u00abNo podemos dejar que la ideolog\u00eda de odio del islam radical, que oprime a las mujeres, homosexuales, ni\u00f1os y ateos, pueda residir o diseminarse dentro de nuestro propio pa\u00eds\u00bb, expuso el candidato.<\/p>\n<p style=\"text-align: justify;\">Seg\u00fan sus n\u00fameros, m\u00e1s de 100.000 inmigrantes procedentes de Medio Oriente han sido admitidos en EE.UU. en los \u00faltimos a\u00f1os, un n\u00famero \u00abtan grande para efectuar pruebas de detecci\u00f3n adecuadas\u00bb.<\/p>\n<p style=\"text-align: justify;\">Adem\u00e1s del plan de pruebas de ideolog\u00eda, Trump tambi\u00e9n mencion\u00f3 varios aspectos de lo que ser\u00eda su pol\u00edtica de seguridad contra el extremismo:<\/p>\n<ul style=\"text-align: justify;\">\n<li>Hacer alianzas con todos los pa\u00edses que luchan contra el terrorismo.<\/li>\n<li>Mantener la prisi\u00f3n de Guant\u00e1namo en operaci\u00f3n.<\/li>\n<li>Que EE.UU. mantenga el trabajo con la OTAN, pese a que en el pasado consider\u00f3 a esa organizaci\u00f3n como \u00abobsoleta\u00bb.<\/li>\n<li>Cortar el acceso a internet a los radicales \u00abinmediatamente\u00bb para evitar el reclutamiento en Occidente.<\/li>\n<li>Los oficiales de inmigraci\u00f3n tendr\u00e1n la facultad de devolver a los visitantes a sus pa\u00edses de origen que tengan antecedentes de \u00abpredicar el odio\u00bb.<\/li>\n<\/ul>\n<p style=\"text-align: justify;\">\u00abNuestra nueva estrategia, que seguramente ser\u00e1 compartida por ambos partidos en EE.UU., por nuestros aliados extranjeros y por nuestros amigos en el Medio Oriente, debe ser detener el radicalismo islamista\u00bb, dijo Trump en su anuncio.<\/p>\n","protected":false},"excerpt":{"rendered":"<p>El candidato republicano Donald Trump \u00a0promete crear la m\u00e1s \u00abextrema, extrema, revisi\u00f3n de antecedentes\u00bben el proceso de otorgamiento de visas y controles de inmigraci\u00f3n de EE.UU. Aunque este lunes solo deline\u00f3 lo que podr\u00eda ser el nuevo test \u00abideol\u00f3gico\u00bb, su plan incluye el veto general para habitantes de pa\u00edses donde el extremismo est\u00e9 \u00abesparcido\u00bb. \u00abPararemos [&hellip;]<\/p>\n","protected":false},"author":1,"featured_media":2457,"comment_status":"open","ping_status":"open","sticky":false,"template":"","format":"standard","meta":{"_acf_changed":false,"_monsterinsights_skip_tracking":false,"slim_seo":{"title":"trump asegura test \"ideol\u00f3gico\" al dar visas - Opini\u00f3n P\u00fablica","description":"El candidato republicano Donald Trump \u00a0promete crear la m\u00e1s \"extrema, extrema, revisi\u00f3n de antecedentes\"en el proceso de otorgamiento de visas y controles de in"},"footnotes":""},"categories":[24],"tags":[],"class_list":["post-2458","post","type-post","status-publish","format-standard","has-post-thumbnail","hentry","category-estados-unidos"],"acf":[],"_links":{"self":[{"href":"https:\/\/www.opinionpublica.tv\/portada\/wp-json\/wp\/v2\/posts\/2458","targetHints":{"allow":["GET"]}}],"collection":[{"href":"https:\/\/www.opinionpublica.tv\/portada\/wp-json\/wp\/v2\/posts"}],"about":[{"href":"https:\/\/www.opinionpublica.tv\/portada\/wp-json\/wp\/v2\/types\/post"}],"author":[{"embeddable":true,"href":"https:\/\/www.opinionpublica.tv\/portada\/wp-json\/wp\/v2\/users\/1"}],"replies":[{"embeddable":true,"href":"https:\/\/www.opinionpublica.tv\/portada\/wp-json\/wp\/v2\/comments?post=2458"}],"version-history":[{"count":0,"href":"https:\/\/www.opinionpublica.tv\/portada\/wp-json\/wp\/v2\/posts\/2458\/revisions"}],"wp:featuredmedia":[{"embeddable":true,"href":"https:\/\/www.opinionpublica.tv\/portada\/wp-json\/wp\/v2\/media\/2457"}],"wp:attachment":[{"href":"https:\/\/www.opinionpublica.tv\/portada\/wp-json\/wp\/v2\/media?parent=2458"}],"wp:term":[{"taxonomy":"category","embeddable":true,"href":"https:\/\/www.opinionpublica.tv\/portada\/wp-json\/wp\/v2\/categories?post=2458"},{"taxonomy":"post_tag","embeddable":true,"href":"https:\/\/www.opinionpublica.tv\/portada\/wp-json\/wp\/v2\/tags?post=2458"}],"curies":[{"name":"wp","href":"https:\/\/api.w.org\/{rel}","templated":true}]}}