{"id":24575,"date":"2020-10-02T06:00:00","date_gmt":"2020-10-02T04:00:00","guid":{"rendered":"https:\/\/www.opinionpublica.tv\/portada\/2020\/10\/02\/el-presidente-donald-trump-y-la-primera-dama-melania-trump-dan-positivo-a-covid-19\/"},"modified":"2020-10-02T06:00:00","modified_gmt":"2020-10-02T04:00:00","slug":"el-presidente-donald-trump-y-la-primera-dama-melania-trump-dan-positivo-a-covid-19","status":"publish","type":"post","link":"https:\/\/www.opinionpublica.tv\/portada\/el-presidente-donald-trump-y-la-primera-dama-melania-trump-dan-positivo-a-covid-19\/","title":{"rendered":"El presidente Donald Trump y la primera dama Melania Trump dan positivo a Covid-19"},"content":{"rendered":"<p><img fetchpriority=\"high\" decoding=\"async\" class=\" size-full wp-image-24574\" src=\"https:\/\/www.opinionpublica.tv\/portada\/wp-content\/uploads\/2020\/10\/8a5b829914015b66377565a11f0fabc8.jpg\" alt=\"\" class=\"caption\" title=\"Donald Trump, presidente de Estados Unidos y su esposa Melania tienen Covid-19.\" width=\"600\" height=\"360\" srcset=\"https:\/\/www.opinionpublica.tv\/portada\/wp-content\/uploads\/2020\/10\/8a5b829914015b66377565a11f0fabc8.jpg 600w, https:\/\/www.opinionpublica.tv\/portada\/wp-content\/uploads\/2020\/10\/8a5b829914015b66377565a11f0fabc8-300x180.jpg 300w\" sizes=\"(max-width: 600px) 100vw, 600px\" \/><br \/>\n<!--more--><\/p>\n<p style=\"text-align: justify;\"><em>Washington, EU<\/em>.- El presidente Donald Trump anunci\u00f3 la madrugada del viernes que tanto \u00e9l como su esposa dieron positivo por el coronavirus.<\/p>\n<p style=\"text-align: justify;\">Se trata de un acontecimiento extraordinario a meses de iniciada una pandemia global y en la recta final de su campa\u00f1a de reelecci\u00f3n en la que ha burlado las recomendaciones de los expertos para prevenir la propagaci\u00f3n de la enfermedad.<\/p>\n<p style=\"text-align: justify;\">El diagn\u00f3stico equivale a la amenaza de salud m\u00e1s grave conocida para un presidente estadounidense en funciones en d\u00e9cadas.<\/p>\n<p style=\"text-align: justify;\">A sus 74 a\u00f1os y con obesidad, Trump entra en la categor\u00eda de mayor riesgo de complicaciones graves de la enfermedad, que ha causado la muerte de m\u00e1s de 200.000 estadounidenses y m\u00e1s de 1 mill\u00f3n de personas en todo el mundo.<\/p>\n<p style=\"text-align: justify;\">Su infecci\u00f3n con la enfermedad podr\u00eda resultar desestabilizadora en un clima pol\u00edtico ya tenso y los futuros del mercado de valores se desplomaron ante la noticia.<\/p>\n<p style=\"text-align: justify;\">\u00abEsta noche, @FLOTUS y yo dimos positivo por covid-19. Comenzaremos nuestro proceso de cuarentena y recuperaci\u00f3n de inmediato. \u00a1Lo superaremos JUNTOS!\u00bb, tuite\u00f3 Trump poco antes de la 1 am del viernes.<\/p>\n<p style=\"text-align: justify;\">M\u00e1s tarde, la primera dama escribi\u00f3 en Twitter que ella y su esposo se sent\u00edan \u00abbien\u00bb.<\/p>\n<p style=\"text-align: justify;\"><strong>De vuelta a la Casa Blanca<\/strong><\/p>\n<p style=\"text-align: justify;\">Trump fue visto por \u00faltima vez en p\u00fablico el jueves por la tarde, regresando a la Casa Blanca despu\u00e9s de un viaje de recaudaci\u00f3n de fondos a Nueva Jersey. No parec\u00eda estar enfermo, aunque no habl\u00f3 con los periodistas mientras entraba a su residencia.<\/p>\n<p style=\"text-align: justify;\">En un memorando enviado a periodistas alrededor de la 1 am ET, el m\u00e9dico del presidente, el comandante de la Marina, Dr. Sean Conley, escribi\u00f3 que recibi\u00f3 la confirmaci\u00f3n de las pruebas positivas el jueves por la noche.<\/p>\n<p style=\"text-align: justify;\">\u00abEl presidente y la primera dama est\u00e1n bien en este momento y planean permanecer dentro de la Casa Blanca durante su convalecencia\u00bb, escribi\u00f3 Conley.<\/p>\n<p style=\"text-align: justify;\">\u00abEl equipo m\u00e9dico de la Casa Blanca y yo mantendremos una vigilancia atenta y agradezco el apoyo brindado por algunos de los mejores profesionales e instituciones m\u00e9dicas de nuestro pa\u00eds\u00bb, escribi\u00f3 Conley, sin dar m\u00e1s detalles sobre la asistencia que se estaba brindando a la Casa Blanca.<\/p>\n<p style=\"text-align: justify;\">\u00abTenga la seguridad de que espero que el presidente contin\u00fae desempe\u00f1ando sus funciones sin interrupciones mientras se recupera, y lo mantendr\u00e9 informado sobre cualquier desarrollo futuro\u00bb, escribi\u00f3.<\/p>\n<p style=\"text-align: justify;\">El presidente hab\u00eda dicho el jueves por la noche que planeaba ponerse en cuarentena despu\u00e9s de que una de sus ayudantes m\u00e1s cercanas, Hope Hicks, dio positivo por la infecci\u00f3n, lo que llev\u00f3 la enfermedad a su c\u00edrculo m\u00e1s \u00edntimo. M\u00e1s temprano en la noche, hab\u00eda minimizado la propagaci\u00f3n continua del virus.<\/p>\n<p style=\"text-align: justify;\">\u00abEl fin de la pandemia est\u00e1 a la vista\u00bb, dijo durante unos comentarios pregrabados en la cena anual de Al Smith, que se llev\u00f3 a cabo virtualmente debido a la crisis de salud.<\/p>\n<p style=\"text-align: justify;\"><strong>Ignorando la ciencia<\/strong><\/p>\n<p style=\"text-align: justify;\">Si bien la Casa Blanca con frecuencia promociona su extenso r\u00e9gimen de pruebas para el presidente y quienes se acercan a \u00e9l \u2013sus asesores lo consideran el \u00abhombre que m\u00e1s pruebas se ha hecho en el pa\u00eds\u00bb\u2013, los contagios subrayan las deficiencias al confiar solo en las pruebas como prevenci\u00f3n.<\/p>\n<p style=\"text-align: justify;\">Trump y muchos de sus asesores han evitado pr\u00e1cticas como el distanciamiento social y el uso de m\u00e1scaras. En el debate presidencial del martes por la noche, el presidente se burl\u00f3 de su rival, el candidato dem\u00f3crata Joe Biden, por usar una m\u00e1scara con frecuencia.<\/p>\n<p style=\"text-align: justify;\">Despu\u00e9s de anunciar el diagn\u00f3stico del presidente, la Casa Blanca emiti\u00f3 un nuevo calendario para reflejar varios eventos cancelados el viernes, incluida una recaudaci\u00f3n de fondos en Washington y un acto de campa\u00f1a en Florida.<\/p>\n<p style=\"text-align: justify;\">La eliminaci\u00f3n de estos planes son los efectos m\u00e1s inmediatos del diagn\u00f3stico del presidente sobre la campa\u00f1a presidencial, que se ha centrado en gran medida en la pandemia y la respuesta del presidente a ella.<\/p>\n<p style=\"text-align: justify;\">Trump ha tratado con frecuencia de pintar una imagen optimista de la situaci\u00f3n actual, incluso unas horas antes de anunciar su diagn\u00f3stico.<\/p>\n<p style=\"text-align: justify;\">Trump tambi\u00e9n ha insistido repetidamente en que el pa\u00eds est\u00e1 \u00absuperando\u00bb la enfermedad y afirm\u00f3 que el virus \u00abdesaparecer\u00eda\u00bb, aunque incluso los expertos en salud dentro de su propia administraci\u00f3n dicen que esas afirmaciones no reflejaban la realidad.<\/p>\n<p style=\"text-align: justify;\">Contagiarse \u00e9l mismo con coronavirus har\u00e1 poco para promover sus afirmaciones de que la enfermedad est\u00e1 disminuyendo y socavar\u00e1 la presi\u00f3n que ha ejercido para que los estados reabran escuelas y negocios.<\/p>\n<p style=\"text-align: justify;\">En manifestaciones recientes, Trump se ha quejado de gobernadores dem\u00f3cratas que han mantenido estrictos cierres para evitar la propagaci\u00f3n del virus.<\/p>\n<p style=\"text-align: justify;\"><strong>Categor\u00eda de riesgo<\/strong><\/p>\n<p style=\"text-align: justify;\">Trump ha ignorado descaradamente las recomendaciones m\u00e9dicas de su propio grupo de trabajo sobre el coronavirus durante la pandemia, procediendo con una apretada agenda de manifestaciones de campa\u00f1a repletas.<\/p>\n<p style=\"text-align: justify;\">M\u00e1s recientemente, sus seguidores llenaron eventos en Minnesota y Pensilvania.<\/p>\n<p style=\"text-align: justify;\">Esos eventos parecen estar en espera por ahora mientras el presidente permanece en la Casa Blanca. Protegido durante mucho tiempo respecto a su historial m\u00e9dico, el examen f\u00edsico m\u00e1s reciente del presidente mostr\u00f3 que pesaba 243 libras, por lo que se le considera obeso para su altura. A\u00fan as\u00ed, Conley dijo que estaba en \u00abmuy buena salud\u00bb en una lectura del examen.<\/p>\n<p style=\"text-align: justify;\">Aparte de Hicks, varios de los ayudantes del presidente han dado positivo por el coronavirus desde que la pandemia comenz\u00f3 a devastar el pa\u00eds a principios de este a\u00f1o.<\/p>\n<p style=\"text-align: justify;\"><strong>Otros casos<\/strong><\/p>\n<p style=\"text-align: justify;\">En mayo, dos empleados de la Casa Blanca, incluido un miembro de la Armada que se desempe\u00f1a como uno de los ayudantes personales de Trump, dieron positivo por el virus, y en julio un empleado de la cafeter\u00eda en los terrenos de la Casa Blanca tambi\u00e9n dio positivo.<\/p>\n<p style=\"text-align: justify;\">El secretario de prensa del vicepresidente dio positivo, al igual que el asesor de seguridad nacional del presidente, Robert O\u2019Brien.<\/p>\n<p style=\"text-align: justify;\">El presidente confirm\u00f3 un cuarto caso positivo en los terrenos de la Casa Blanca el mes pasado.<\/p>\n<p style=\"text-align: justify;\">Trump ha expresado anteriormente su preocupaci\u00f3n de que los asistentes que contraigan el coronavirus socaven su mensaje de que el brote est\u00e1 disminuyendo y los estados deber\u00edan acelerar la reapertura, seg\u00fan una persona que hab\u00eda hablado con \u00e9l.<\/p>\n<p style=\"text-align: justify;\">Y en la primavera pregunt\u00f3 c\u00f3mo era posible que uno de sus valet, responsable de manipular su comida y bebida, pudiera haber entrado en contacto con \u00e9l.<\/p>\n<p style=\"text-align: justify;\">Desde entonces, la Casa Blanca ha hecho todo lo posible para proteger a Trump y al vicepresidente Mike Pence del brote, incluso mientras viajan a estados donde los casos est\u00e1n aumentando.<\/p>\n<p style=\"text-align: justify;\"><strong>Hope Hicks da positivo<\/strong><\/p>\n<p style=\"text-align: justify;\">Hicks ha viajado recientemente con Trump en varias ocasiones, como ocurri\u00f3 para el debate en Cleveland este martes. La asistente tambi\u00e9n fue vista abordando el Marine One este mi\u00e9rcoles, junto a otros funcionarios cercanos al presidente. All\u00ed se encontraban Jared Kushner, Dan Scavino y Nicholas Luna, ninguno de los cuales us\u00f3 m\u00e1scaras. Ese d\u00eda, Trump se dirig\u00eda a un mitin de campa\u00f1a en Minnesota.<\/p>\n<p style=\"text-align: justify;\">Las pautas de los Centros para el Control y la Prevenci\u00f3n de Enfermedades de EE.UU. establecen que se debe realizar una cuarentena de 14 d\u00edas despu\u00e9s de la \u00faltima exposici\u00f3n conocida a alguien que haya dado positivo por covid-19.<\/p>\n<p style=\"text-align: justify;\">Esto se debe a que el per\u00edodo de incubaci\u00f3n del nuevo coronavirus puede ser de hasta dos semanas.<\/p>\n<p style=\"text-align: justify;\">Trump, en entrevista con Fox News, especul\u00f3 que Hicks podr\u00eda haber contra\u00eddo el virus debido a una interacci\u00f3n con un seguidor.<\/p>\n<p style=\"text-align: justify;\">\u00abElla es una persona muy c\u00e1lida. La pasa mal cuando los soldados y las fuerzas de seguridad se acercan a ella, ya sabes, quiere tratarlos bien, no decir: \u2018Al\u00e9jate, no puedo acercarme a ti\u2019. Es una enfermedad muy, muy dura\u00bb, dijo el presidente.<\/p>\n<p style=\"text-align: justify;\"><strong>Con s\u00edntomas<\/strong><\/p>\n<p style=\"text-align: justify;\">Una fuente cercana a Hicks dijo a CNN que ella est\u00e1 presentando s\u00edntomas y que regres\u00f3 a Washington. Una fuente familiarizada con los s\u00edntomas de Hicks la describe como adolorida y sinti\u00e9ndose bastante mal. CNN contact\u00f3 a Hicks para hacer comentarios.<\/p>\n<p style=\"text-align: justify;\">\u00abEl presidente se toma muy en serio la salud y la seguridad de s\u00ed mismo y de todos los que trabajan para apoyarlo a \u00e9l y al pueblo estadounidense\u00bb, dijo Judd Deere, portavoz de la Casa Blanca, a CNN en un comunicado cuando se le pregunt\u00f3 sobre el nivel de contacto entre Trump y Hicks.<\/p>\n<p style=\"text-align: justify;\">\u00abLas operaciones de la Casa Blanca trabajan de la mano con el m\u00e9dico del presidente y la Oficina Militar de la Casa Blanca, para garantizar que todos los planes y procedimientos incorporen la gu\u00eda actual de los CDC y las mejores pr\u00e1cticas para limitar la exposici\u00f3n al covid-19 en la mayor medida posible, tanto en el complejo como cuando el presidente viaja\u00bb, a\u00f1adi\u00f3 Deere.<\/p>\n<p style=\"text-align: justify;\">A algunos miembros del personal de la Casa Blanca que tuvieron contacto cercano con Hicks se les notific\u00f3 este jueves del resultado positivo de la prueba, seg\u00fan un funcionario.<\/p>\n<p style=\"text-align: justify;\"><em>Con informaci\u00f3n de CNN<\/em>.<\/p>\n","protected":false},"excerpt":{"rendered":"","protected":false},"author":6,"featured_media":24574,"comment_status":"open","ping_status":"open","sticky":false,"template":"","format":"standard","meta":{"_acf_changed":false,"_monsterinsights_skip_tracking":false,"slim_seo":{"title":"El presidente Donald Trump y la primera dama Melania Trump dan positivo a Covid-19 - Opini\u00f3n P\u00fablica","description":"Washington, EU .- El presidente Donald Trump anunci\u00f3 la madrugada del viernes que tanto \u00e9l como su esposa dieron positivo por el coronavirus. Se trata de un aco"},"footnotes":""},"categories":[3],"tags":[],"class_list":["post-24575","post","type-post","status-publish","format-standard","has-post-thumbnail","hentry","category-principal"],"acf":[],"_links":{"self":[{"href":"https:\/\/www.opinionpublica.tv\/portada\/wp-json\/wp\/v2\/posts\/24575","targetHints":{"allow":["GET"]}}],"collection":[{"href":"https:\/\/www.opinionpublica.tv\/portada\/wp-json\/wp\/v2\/posts"}],"about":[{"href":"https:\/\/www.opinionpublica.tv\/portada\/wp-json\/wp\/v2\/types\/post"}],"author":[{"embeddable":true,"href":"https:\/\/www.opinionpublica.tv\/portada\/wp-json\/wp\/v2\/users\/6"}],"replies":[{"embeddable":true,"href":"https:\/\/www.opinionpublica.tv\/portada\/wp-json\/wp\/v2\/comments?post=24575"}],"version-history":[{"count":0,"href":"https:\/\/www.opinionpublica.tv\/portada\/wp-json\/wp\/v2\/posts\/24575\/revisions"}],"wp:featuredmedia":[{"embeddable":true,"href":"https:\/\/www.opinionpublica.tv\/portada\/wp-json\/wp\/v2\/media\/24574"}],"wp:attachment":[{"href":"https:\/\/www.opinionpublica.tv\/portada\/wp-json\/wp\/v2\/media?parent=24575"}],"wp:term":[{"taxonomy":"category","embeddable":true,"href":"https:\/\/www.opinionpublica.tv\/portada\/wp-json\/wp\/v2\/categories?post=24575"},{"taxonomy":"post_tag","embeddable":true,"href":"https:\/\/www.opinionpublica.tv\/portada\/wp-json\/wp\/v2\/tags?post=24575"}],"curies":[{"name":"wp","href":"https:\/\/api.w.org\/{rel}","templated":true}]}}