{"id":24571,"date":"2020-10-02T06:00:00","date_gmt":"2020-10-02T04:00:00","guid":{"rendered":"https:\/\/www.opinionpublica.tv\/portada\/2020\/10\/02\/macartismo-en-mexico\/"},"modified":"2020-10-02T06:00:00","modified_gmt":"2020-10-02T04:00:00","slug":"macartismo-en-mexico","status":"publish","type":"post","link":"https:\/\/www.opinionpublica.tv\/portada\/macartismo-en-mexico\/","title":{"rendered":"Macartismo en M\u00e9xico"},"content":{"rendered":"<img fetchpriority=\"high\" decoding=\"async\" class=\" size-full wp-image-24570\" src=\"https:\/\/www.opinionpublica.tv\/portada\/wp-content\/uploads\/2020\/10\/9d0906e2e42f442a792dda5d38941d9b.jpg\" alt=\"\" class=\"caption\" title=\"Jorge G. Casta\u00f1eda.\" width=\"225\" height=\"225\" srcset=\"https:\/\/www.opinionpublica.tv\/portada\/wp-content\/uploads\/2020\/10\/9d0906e2e42f442a792dda5d38941d9b.jpg 225w, https:\/\/www.opinionpublica.tv\/portada\/wp-content\/uploads\/2020\/10\/9d0906e2e42f442a792dda5d38941d9b-150x150.jpg 150w\" sizes=\"(max-width: 225px) 100vw, 225px\" \/>\n<p style=\"text-align: justify;\">No quisiera pronunciarme sobre los m\u00e9ritos de la causa de las mujeres que han tomado, desde hace m\u00e1s de un mes, un local de la Comisi\u00f3n Nacional de Derechos Humanos en el centro de la capital.\u00a0<em>A<\/em>\u00a0<em>priori<\/em>, me generan simpat\u00eda, y la presidenta de la CNDH me provoca, al contrario, una profunda antipat\u00eda. Tampoco se me antoja definirme sobre el m\u00e9todo de lucha.<\/p>\n<p><!--more--><\/p>\n<p style=\"text-align: justify;\">La ocupaci\u00f3n de una recinto p\u00fablico, dedicado a las mejores causas, no es necesariamente la v\u00eda id\u00f3nea para lograr ciertos resultados.<\/p>\n<p style=\"text-align: justify;\">Pero seamos claros: las mujeres ocupantes no pregonan un levantamiento en armas contra el gobierno, ni alguna otra meta inaceptable. La ocupaci\u00f3n de locales constituye un instrumento de lucha desde tiempos inmemoriales, y en particular desde los movimientos estudiantiles de 1968 en Par\u00eds, en las universidades de Columbia y Berkeley en Estados Unidos, y en\u2026 M\u00e9xico.<\/p>\n<p style=\"text-align: justify;\">Un movimiento importante de protesta en el mundo entero surgi\u00f3 hace un decenio con la consigna de \u201cOccupy Wall Street\u201d. Algunos auditorios de Ciudad Universitaria se encuentran ocupados desde hace 20 a\u00f1os. Ni cinco presidentes de tres partidos, ni tres rectores de diferentes inclinaciones ideol\u00f3gicas, han hecho nada para \u201cdesocuparlos\u201d.<\/p>\n<p style=\"text-align: justify;\">Por ello no puedo m\u00e1s que calificar de macartismo lo que ha hecho la jefa de Gobierno el lunes en la tarde. Al \u201cechar de cabeza\u201d (\u201cdoxxing\u201d, en lenguaje m\u00e1s moderno) a una mujer que por las razones que sean, opt\u00f3 por apoyar a las ocupantes con v\u00edveres, tal vez con dinero, todo ello abierta y p\u00fablicamente, incurri\u00f3 en algo que ella conoce, reprueba y reproduce.<\/p>\n<p style=\"text-align: justify;\">Como saben los lectores, el macartismo surgi\u00f3 en 1950 en Estados Unidos de boca del senador Joseph McCarthy de Wisconsin, en plena guerra fr\u00eda entre ese pa\u00eds y la Uni\u00f3n Sovi\u00e9tica. El anticomunismo feroz del gobierno de Truman y de los republicanos en el Congreso surgi\u00f3 desde antes \u2014J. Robert Oppenheimer, el padre de la bomba at\u00f3mica, fue v\u00edctima desde finales de los a\u00f1os 40\u2014 y McCarthy fue humillado y censurado por el senado a partir de 1954. Pero perdur\u00f3 su adjetivo: se refiere a todos los intentos de la autoridad por descalificar a alguien en p\u00fablico con motivo de una actuaci\u00f3n pol\u00edtica, bas\u00e1ndose en informaciones an\u00f3nimas o confidenciales.<\/p>\n<p style=\"text-align: justify;\">Eso hizo la jefa de Gobierno con Beatriz Gasca, vicepresidenta de GINGroup hasta el d\u00eda de ayer. La acus\u00f3 en p\u00fablico, desde la tribuna de la autoridad, de algo que no tiene nada de malo (como ser comunista en los a\u00f1os 50 en Estados Unidos tampoco lo ten\u00eda). Insinu\u00f3 causas obscuras (como McCarthy), la asoci\u00f3 con la empresa donde trabajaba, y a \u00e9sta con el gobierno de Pe\u00f1a Nieto.<\/p>\n<p style=\"text-align: justify;\">Se trata de un cl\u00e1sico ejemplo de \u201cguilt by association\u201d (culpa por asociaci\u00f3n), al igual que McCarthy. Gasca es \u201cculpable\u201d porque apoy\u00f3 un movimiento por razones inconfesables. Adem\u00e1s, laboraba en una empresa \u201cvinculada\u201d con evasi\u00f3n fiscal, por \u201cser\u201d facturera. Peor tantito, en esa empresa trabajan como directivos altos funcionarios de la administraci\u00f3n de Pe\u00f1a Nieto, como mi amigo Javier Trevi\u00f1o, que tambi\u00e9n asesora al Consejo Coordinador Empresarial. Se cierra el c\u00edrculo.<\/p>\n<p style=\"text-align: justify;\">Ciro G\u00f3mez Leyva present\u00f3 el lunes en la noche un video mostrando a Beatriz Gasca abiertamente, sin tapabocas por cierto, apoyando a las \u201cocupantes\u201d. Ten\u00eda todo el derecho de hacerlo. La jefa de Gobierno denunci\u00f3 que les llevaba v\u00edveres en un \u201cauto de lujo\u201d, que tambi\u00e9n figura en el video de Ciro.<\/p>\n<p style=\"text-align: justify;\">Entonces, apoyar a un movimiento que recurre a actos cuestionables, pero no violentos, en p\u00fablico, teniendo un auto caro, trabajando en una empresa de \u201coutsourcing\u201d, dirigida por ex funcionarios de Pe\u00f1a, se vuelve un acto digno de ser denunciado en p\u00fablico, con nombre y apellido, y con consecuencias previsibles (el despido) por la m\u00e1xima autoridad de una de las ciudades m\u00e1s grandes del mundo. En castellano, y en casi todos los idiomas del mundo, eso se llama macartismo. Como dijo Belaunzar\u00e1n en Twitter: \u201cShame\u201d.<\/p>\n<p style=\"text-align: justify;\">\u00a0<\/p>\n","protected":false},"excerpt":{"rendered":"<p>No quisiera pronunciarme sobre los m\u00e9ritos de la causa de las mujeres que han tomado, desde hace m\u00e1s de un mes, un local de la Comisi\u00f3n Nacional de Derechos Humanos en el centro de la capital.\u00a0A\u00a0priori, me generan simpat\u00eda, y la presidenta de la CNDH me provoca, al contrario, una profunda antipat\u00eda. Tampoco se me [&hellip;]<\/p>\n","protected":false},"author":6,"featured_media":24570,"comment_status":"open","ping_status":"open","sticky":false,"template":"","format":"standard","meta":{"_acf_changed":false,"_monsterinsights_skip_tracking":false,"slim_seo":{"title":"Macartismo en M\u00e9xico - Opini\u00f3n P\u00fablica","description":"No quisiera pronunciarme sobre los m\u00e9ritos de la causa de las mujeres que han tomado, desde hace m\u00e1s de un mes, un local de la Comisi\u00f3n Nacional de Derechos Hum"},"footnotes":""},"categories":[18],"tags":[],"class_list":["post-24571","post","type-post","status-publish","format-standard","has-post-thumbnail","hentry","category-castaneda-opina"],"acf":[],"_links":{"self":[{"href":"https:\/\/www.opinionpublica.tv\/portada\/wp-json\/wp\/v2\/posts\/24571","targetHints":{"allow":["GET"]}}],"collection":[{"href":"https:\/\/www.opinionpublica.tv\/portada\/wp-json\/wp\/v2\/posts"}],"about":[{"href":"https:\/\/www.opinionpublica.tv\/portada\/wp-json\/wp\/v2\/types\/post"}],"author":[{"embeddable":true,"href":"https:\/\/www.opinionpublica.tv\/portada\/wp-json\/wp\/v2\/users\/6"}],"replies":[{"embeddable":true,"href":"https:\/\/www.opinionpublica.tv\/portada\/wp-json\/wp\/v2\/comments?post=24571"}],"version-history":[{"count":0,"href":"https:\/\/www.opinionpublica.tv\/portada\/wp-json\/wp\/v2\/posts\/24571\/revisions"}],"wp:featuredmedia":[{"embeddable":true,"href":"https:\/\/www.opinionpublica.tv\/portada\/wp-json\/wp\/v2\/media\/24570"}],"wp:attachment":[{"href":"https:\/\/www.opinionpublica.tv\/portada\/wp-json\/wp\/v2\/media?parent=24571"}],"wp:term":[{"taxonomy":"category","embeddable":true,"href":"https:\/\/www.opinionpublica.tv\/portada\/wp-json\/wp\/v2\/categories?post=24571"},{"taxonomy":"post_tag","embeddable":true,"href":"https:\/\/www.opinionpublica.tv\/portada\/wp-json\/wp\/v2\/tags?post=24571"}],"curies":[{"name":"wp","href":"https:\/\/api.w.org\/{rel}","templated":true}]}}