{"id":24567,"date":"2020-10-02T06:00:00","date_gmt":"2020-10-02T04:00:00","guid":{"rendered":"https:\/\/www.opinionpublica.tv\/portada\/2020\/10\/02\/refuerza-donald-trump-su-mensaje-racista-e-insiste-en-minar-el-resultado-electoral\/"},"modified":"2020-10-02T06:00:00","modified_gmt":"2020-10-02T04:00:00","slug":"refuerza-donald-trump-su-mensaje-racista-e-insiste-en-minar-el-resultado-electoral","status":"publish","type":"post","link":"https:\/\/www.opinionpublica.tv\/portada\/refuerza-donald-trump-su-mensaje-racista-e-insiste-en-minar-el-resultado-electoral\/","title":{"rendered":"Refuerza Donald Trump su mensaje racista e insiste en minar el resultado electoral"},"content":{"rendered":"<p><img fetchpriority=\"high\" decoding=\"async\" class=\" size-full wp-image-24566\" src=\"https:\/\/www.opinionpublica.tv\/portada\/wp-content\/uploads\/2020\/10\/6427d8649d6b3570107b616706dc67a7.jpg\" alt=\"\" class=\"caption\" title=\"Donald Trump, presidente de Estados Unidos.\" width=\"640\" height=\"428\" srcset=\"https:\/\/www.opinionpublica.tv\/portada\/wp-content\/uploads\/2020\/10\/6427d8649d6b3570107b616706dc67a7.jpg 640w, https:\/\/www.opinionpublica.tv\/portada\/wp-content\/uploads\/2020\/10\/6427d8649d6b3570107b616706dc67a7-300x201.jpg 300w\" sizes=\"(max-width: 640px) 100vw, 640px\" \/><br \/>\n<!--more--><\/p>\n<p style=\"text-align: justify;\"><em>Nueva York, EU.-<\/em>\u00a0En lugar de acceder a los consejos de l\u00edderes de su partido, Donald Trump no solo continu\u00f3 rehusando condenar a supremacistas blancos sino que redobl\u00f3 su ret\u00f3rica racista y xenof\u00f3bica mientras persiste en promover la desconfianza en la integridad en el proceso electoral generando preocupaciones apocal\u00edpticas sobre el futuro pol\u00edtico de Estados Unidos -hasta en el \u201clugar m\u00e1s feliz del mundo\u201d hay malas noticias.<\/p>\n<p style=\"text-align: justify;\">En un mitin de campa\u00f1a en Minnesota la noche del mi\u00e9rcoles, Trump arremeti\u00f3 contra la diputada federal Ilhan Omar de ese estado -quien lleg\u00f3 a los 12 a\u00f1os a Estados Unidos tras huir de la guerra civil en Somalia y pasar cuatro a\u00f1os en un campo de refugiados, y quien obtuvo su ciudadan\u00eda estadunidense hace 20 a\u00f1os y hoy es una de las primeras dos mujeres musulmanas electas al Congreso y parte de una nueva generaci\u00f3n de pol\u00edticos progresistas- denunciando que ella se atreve \u201ca decirnos a nosotros c\u00f3mo manejar nuestro pa\u00eds\u201d.<\/p>\n<p style=\"text-align: justify;\">Trump advirti\u00f3 que su contrincante Joe Biden \u201cinundar\u00e1 al estado de ustedes [Minnesota]\u2026 con refugiados llegando de algunos de los lugares m\u00e1s peligrosos del mundo, incluyendo Yemen, Siria y el pa\u00eds favorito de ustedes, \u00bfverdad?, Somalia\u201d y concluy\u00f3: \u201cBiden convertir\u00e1 Minnesota en un campo de refugiados\u201d.<\/p>\n<p style=\"text-align: justify;\">Y no es s\u00f3lo ret\u00f3rica. El gobierno de Trump anunci\u00f3 esta semana que limitar\u00e1 el n\u00famero total de refugiados admitidos al pa\u00eds a s\u00f3lo 15 mil en el a\u00f1o fiscal 2021 -la cifra m\u00e1s m\u00e1s baja desde que se promulg\u00f3 la Ley de Refugio de 1980. El l\u00edmite del a\u00f1o en curso fue de 18 mil. Bajo gobiernos anteriores, el n\u00famero l\u00edmite oscilaba entre 70 a 120 mil al a\u00f1o. El anuncio deton\u00f3 denuncias de defensores de derechos de los inmigrantes por violar los principios de refugio y asilo y como una maniobra electoral.<\/p>\n<p style=\"text-align: justify;\">Mientras Trump cultiva la crisis pol\u00edtica, crecen advertencias sobre la crisis de salud p\u00fablica m\u00e1s severa en un siglo con expertos se\u00f1alando que el pa\u00eds podr\u00eda enfrentar un rebrote del Covid-19 combinado con la siempre presente influenza llevando a lo que potencialmente podr\u00eda ser el peor periodo invernal en enfermedad en la historia moderna del pa\u00eds. Los expertos en salud p\u00fablica subrayan que los pr\u00f3ximos meses ser\u00e1n sumamente peligrosos justo por la falta de una estrategia nacional del gobierno de Trump para controlar la pandemia, y su insistencia en reabrir la econom\u00eda afirmando que bajo su liderazgo se est\u00e1 superando esta emergencia.<\/p>\n<p style=\"text-align: justify;\">Aunque la tasa de mortalidad ha bajado desde su pico, m\u00e1s de 700 personas en promedio siguen muriendo de Covid cada d\u00eda en este pa\u00eds. \u201cNos hemos acostumbrado a este nivel de enfermedad lo cual es bastante terrible\u201d, declar\u00f3 Eric Tener experto de la Universidad Johns Hopkins a Poltiico. Seg\u00fan algunas proyecciones, es posible que la tasa de muertes se incremente a unos 2 mil diarios este invierno.<\/p>\n<p style=\"text-align: justify;\">Complicando a\u00fan m\u00e1s la coyuntura electoral y nutriendo la histeria de Trump, hubo m\u00e1s anuncios de despidos masivos en varios sectores, incluyendo aerol\u00edneas, energ\u00eda y turismo.<\/p>\n<p style=\"text-align: justify;\">El \u201clugar mas feliz de la tierra\u201d -el lema de los parques Disney- anunci\u00f3 la suspensi\u00f3n de 28 mil empleados. American Airlines y United Airlines proyectan despedir a m\u00e1s de 30 mil trabajadores, y otras l\u00edneas a\u00fan eval\u00faan sus reducciones mientras esperan a ver si el gobierno aprobar\u00e1 asistencia para ese sector. Shell Oil inform\u00f3 que 9 mil de sus empleados estar\u00e1n perdiendo sus trabajos, Ralph Lauren est\u00e1 despidiendo a 3 mil 700, entre otras<\/p>\n<p style=\"text-align: justify;\">Unos 26 millones de trabajadores estaban recibiendo beneficios de desempleo en septiembre, sin contar millones m\u00e1s en el sector informal y los trabajadores indocumentados en las cifras oficiales de desempleo mientras Trump insiste en que todo va mejorando.<\/p>\n<p style=\"text-align: justify;\">Mientras tanto, esta elecci\u00f3n de 2020 -incluyendo las contiendas presidencial y las legislativas- ser\u00e1 la m\u00e1s cara en la historia con un costo total de casi 11 mil millones de d\u00f3lares, calcula el Center for Responsive Poltiics.<\/p>\n<p style=\"text-align: justify;\">A poco m\u00e1s de un mes de la elecci\u00f3n, Trump sigue perdiendo frente al dem\u00f3crata Joe Biden en las encuestas nacionales por un margen significativo -el m\u00e1s amplio entre contendientes en m\u00e1s de 20 a\u00f1os. La conclusi\u00f3n de varios analistas es que su insistencia en minar la legitimidad del proceso electoral es resultado de que est\u00e1 enfrentando por ahora la creciente posibilidad de que no podr\u00e1 ganar, de manera leg\u00edtima, esta elecci\u00f3n.<\/p>\n<p style=\"text-align: justify;\">\u00a0<\/p>\n","protected":false},"excerpt":{"rendered":"","protected":false},"author":6,"featured_media":24566,"comment_status":"open","ping_status":"open","sticky":false,"template":"","format":"standard","meta":{"_acf_changed":false,"_monsterinsights_skip_tracking":false,"slim_seo":{"title":"Refuerza Donald Trump su mensaje racista e insiste en minar el resultado electoral - Opini\u00f3n P\u00fablica","description":"Nueva York, EU.- \u00a0En lugar de acceder a los consejos de l\u00edderes de su partido, Donald Trump no solo continu\u00f3 rehusando condenar a supremacistas blancos sino que"},"footnotes":""},"categories":[24],"tags":[],"class_list":["post-24567","post","type-post","status-publish","format-standard","has-post-thumbnail","hentry","category-estados-unidos"],"acf":[],"_links":{"self":[{"href":"https:\/\/www.opinionpublica.tv\/portada\/wp-json\/wp\/v2\/posts\/24567","targetHints":{"allow":["GET"]}}],"collection":[{"href":"https:\/\/www.opinionpublica.tv\/portada\/wp-json\/wp\/v2\/posts"}],"about":[{"href":"https:\/\/www.opinionpublica.tv\/portada\/wp-json\/wp\/v2\/types\/post"}],"author":[{"embeddable":true,"href":"https:\/\/www.opinionpublica.tv\/portada\/wp-json\/wp\/v2\/users\/6"}],"replies":[{"embeddable":true,"href":"https:\/\/www.opinionpublica.tv\/portada\/wp-json\/wp\/v2\/comments?post=24567"}],"version-history":[{"count":0,"href":"https:\/\/www.opinionpublica.tv\/portada\/wp-json\/wp\/v2\/posts\/24567\/revisions"}],"wp:featuredmedia":[{"embeddable":true,"href":"https:\/\/www.opinionpublica.tv\/portada\/wp-json\/wp\/v2\/media\/24566"}],"wp:attachment":[{"href":"https:\/\/www.opinionpublica.tv\/portada\/wp-json\/wp\/v2\/media?parent=24567"}],"wp:term":[{"taxonomy":"category","embeddable":true,"href":"https:\/\/www.opinionpublica.tv\/portada\/wp-json\/wp\/v2\/categories?post=24567"},{"taxonomy":"post_tag","embeddable":true,"href":"https:\/\/www.opinionpublica.tv\/portada\/wp-json\/wp\/v2\/tags?post=24567"}],"curies":[{"name":"wp","href":"https:\/\/api.w.org\/{rel}","templated":true}]}}