{"id":24528,"date":"2020-09-27T06:00:00","date_gmt":"2020-09-27T04:00:00","guid":{"rendered":"https:\/\/www.opinionpublica.tv\/portada\/2020\/09\/27\/asi-ocurrio-la-consumacion-de-la-independencia-de-mexico-hace-199-anos\/"},"modified":"2020-09-27T06:00:00","modified_gmt":"2020-09-27T04:00:00","slug":"asi-ocurrio-la-consumacion-de-la-independencia-de-mexico-hace-199-anos","status":"publish","type":"post","link":"https:\/\/www.opinionpublica.tv\/portada\/asi-ocurrio-la-consumacion-de-la-independencia-de-mexico-hace-199-anos\/","title":{"rendered":"As\u00ed ocurri\u00f3 la Consumaci\u00f3n de la Independencia de M\u00e9xico hace 199 a\u00f1os"},"content":{"rendered":"<p><img fetchpriority=\"high\" decoding=\"async\" class=\" size-full wp-image-24527\" src=\"https:\/\/www.opinionpublica.tv\/portada\/wp-content\/uploads\/2020\/09\/6477347361277f08ae66a830b564dc14.jpg\" alt=\"\" class=\"caption\" title=\"Agust\u00edn de Iturbide consum\u00f3 la Independencia de M\u00e9xico sin derramar sangre en 1821.\" width=\"655\" height=\"370\" srcset=\"https:\/\/www.opinionpublica.tv\/portada\/wp-content\/uploads\/2020\/09\/6477347361277f08ae66a830b564dc14.jpg 655w, https:\/\/www.opinionpublica.tv\/portada\/wp-content\/uploads\/2020\/09\/6477347361277f08ae66a830b564dc14-300x169.jpg 300w\" sizes=\"(max-width: 655px) 100vw, 655px\" \/><br \/>\n<!--more--><\/p>\n<p style=\"text-align: justify;\">El\u00a027 de septiembre de 1821,\u00a0el\u00a0Ej\u00e9rcito Trigarante\u00a0entr\u00f3 triunfal a la Ciudad de M\u00e9xico. Con este hecho se considera la consumaci\u00f3n de la lucha de Independencia que inici\u00f3 el 16 de septiembre de 1810, con el\u00a0Grito de\u00a0Dolores\u00a0dado por el cura Miguel Hidalgo.<\/p>\n<p style=\"text-align: justify;\">El Ej\u00e9rcito Trigarante entr\u00f3 a la capital del pa\u00eds bajo el mando de\u00a0Agust\u00edn de Iturbide,\u00a0quien desde octubre de 1820 comenz\u00f3 con sus planes de independencia.<\/p>\n<p style=\"text-align: justify;\">Iturbide hab\u00eda sido uno de los integrantes destacados del ej\u00e9rcito realista. En noviembre de 1820, fue nombrado comandante general del Sur y se le encarg\u00f3 combatir a Vicente Guerrero, quien se hab\u00eda convertido en uno de los principales l\u00edderes de los insurgentes e independentistas.<\/p>\n<p style=\"text-align: justify;\">Sin embargo, el 10 de enero de 1821, Iturbide le escribe a Vicente Guerrero para invitarlo a rendirse por estar en camino la independencia. Diez d\u00edas despu\u00e9s, el 20 de enero, Guerrero le responde a Iturbide que rechaza el indulto pero le ofrece su ayuda si en verdad su prop\u00f3sito es lograr la independencia.<\/p>\n<p style=\"text-align: justify;\">A fines de enero, Iturbide comienza una intensa labor epistolar para difundir sus planes de independencia a diversas personalidades.<\/p>\n<p style=\"text-align: justify;\">El 4 de febrero, Iturbide invita a Guerrero a que se re\u00fanan, lo que ocurre el 10 de febrero en Acatemp\u00e1n, municipio de Teloloap\u00e1n. En esta reuni\u00f3n ocurre el episodio conocido como\u00a0Abrazo de Acatemp\u00e1n.<\/p>\n<p style=\"text-align: justify;\">El 24 de febrero Iturbide firm\u00f3 el Plan de Iguala y lo env\u00eda al virrey Juan Ruiz de Apodaca. Los principios de este documento son establecer la independencia de M\u00e9xico; mantener la monarqu\u00eda encabezada por Fernando VII o alguno de los miembros de la Corona espa\u00f1ola; establecer la religi\u00f3n cat\u00f3lica como \u00fanica, y la uni\u00f3n de todas las clases sociales.<\/p>\n<p style=\"text-align: justify;\">El 1 de marzo, Iturbide da a conocer el\u00a0Plan de Iguala\u00a0a las tropas que lo proclaman como el comandante del Ej\u00e9rcito de las Tres Garant\u00edas: Religi\u00f3n, Independencia y Uni\u00f3n.<\/p>\n<p style=\"text-align: justify;\">El virrey Apodaca declar\u00f3 a Iturbide fuera de la ley, a la par que \u00e9ste suma m\u00e1s partidarios a su movimiento.<\/p>\n<p style=\"text-align: justify;\">El Ej\u00e9rcito Trigarante avanz\u00f3 y consigui\u00f3 que se jurara la independencia en varios territorios del pa\u00eds, hasta su entrada triunfal en la Ciudad de M\u00e9xico.<\/p>\n<p style=\"text-align: justify;\">Fue as\u00ed que el 28 de septiembre se instal\u00f3 la Junta Provisional Gubernativa que firm\u00f3 el Acta de Independencia.<\/p>\n<p style=\"text-align: justify;\">En diciembre de 1821, se planea una conspiraci\u00f3n en la Ciudad de M\u00e9xico, con el prop\u00f3sito de establecer la rep\u00fablica; en ella se encuentran involucrados Miguel Dom\u00ednguez,\u00a0Guadalupe Victoria\u00a0y\u00a0Nicol\u00e1s Bravo, entre otros. Los conspiradores fueron encarcelados.<\/p>\n","protected":false},"excerpt":{"rendered":"","protected":false},"author":6,"featured_media":24527,"comment_status":"open","ping_status":"open","sticky":false,"template":"","format":"standard","meta":{"_acf_changed":false,"_monsterinsights_skip_tracking":false,"slim_seo":{"title":"As\u00ed ocurri\u00f3 la Consumaci\u00f3n de la Independencia de M\u00e9xico hace 199 a\u00f1os - Opini\u00f3n P\u00fablica","description":"El\u00a027 de septiembre de 1821,\u00a0el\u00a0Ej\u00e9rcito Trigarante\u00a0entr\u00f3 triunfal a la Ciudad de M\u00e9xico. Con este hecho se considera la consumaci\u00f3n de la lucha de Independenci"},"footnotes":""},"categories":[14],"tags":[],"class_list":["post-24528","post","type-post","status-publish","format-standard","has-post-thumbnail","hentry","category-historias"],"acf":[],"_links":{"self":[{"href":"https:\/\/www.opinionpublica.tv\/portada\/wp-json\/wp\/v2\/posts\/24528","targetHints":{"allow":["GET"]}}],"collection":[{"href":"https:\/\/www.opinionpublica.tv\/portada\/wp-json\/wp\/v2\/posts"}],"about":[{"href":"https:\/\/www.opinionpublica.tv\/portada\/wp-json\/wp\/v2\/types\/post"}],"author":[{"embeddable":true,"href":"https:\/\/www.opinionpublica.tv\/portada\/wp-json\/wp\/v2\/users\/6"}],"replies":[{"embeddable":true,"href":"https:\/\/www.opinionpublica.tv\/portada\/wp-json\/wp\/v2\/comments?post=24528"}],"version-history":[{"count":0,"href":"https:\/\/www.opinionpublica.tv\/portada\/wp-json\/wp\/v2\/posts\/24528\/revisions"}],"wp:featuredmedia":[{"embeddable":true,"href":"https:\/\/www.opinionpublica.tv\/portada\/wp-json\/wp\/v2\/media\/24527"}],"wp:attachment":[{"href":"https:\/\/www.opinionpublica.tv\/portada\/wp-json\/wp\/v2\/media?parent=24528"}],"wp:term":[{"taxonomy":"category","embeddable":true,"href":"https:\/\/www.opinionpublica.tv\/portada\/wp-json\/wp\/v2\/categories?post=24528"},{"taxonomy":"post_tag","embeddable":true,"href":"https:\/\/www.opinionpublica.tv\/portada\/wp-json\/wp\/v2\/tags?post=24528"}],"curies":[{"name":"wp","href":"https:\/\/api.w.org\/{rel}","templated":true}]}}