{"id":24486,"date":"2020-09-24T06:00:00","date_gmt":"2020-09-24T04:00:00","guid":{"rendered":"https:\/\/www.opinionpublica.tv\/portada\/2020\/09\/24\/credenciales-vencidas-del-ine-seran-validas-hasta-junio-2021\/"},"modified":"2020-09-24T06:00:00","modified_gmt":"2020-09-24T04:00:00","slug":"credenciales-vencidas-del-ine-seran-validas-hasta-junio-2021","status":"publish","type":"post","link":"https:\/\/www.opinionpublica.tv\/portada\/credenciales-vencidas-del-ine-seran-validas-hasta-junio-2021\/","title":{"rendered":"Credenciales vencidas del INE ser\u00e1n v\u00e1lidas hasta junio 2021"},"content":{"rendered":"<p><img fetchpriority=\"high\" decoding=\"async\" class=\" size-full wp-image-24485\" src=\"https:\/\/www.opinionpublica.tv\/portada\/wp-content\/uploads\/2020\/09\/c32e9bba0a9e7b40a84f05a7e41eeebf.jpg\" alt=\"\" class=\"caption\" title=\"La pandemia de Covid-19 retras\u00f3 el tr\u00e1mite de nuevas credenciales de elector del INE.\" width=\"289\" height=\"174\" \/><br \/>\n<!--more--><\/p>\n<p style=\"text-align: justify;\"><em>Ciudad Ju\u00e1rez, Chih<\/em>.- El Instituto Nacional Electoral (INE) public\u00f3 el acuerdo para que las credenciales para votar que perdieron vigencia el 1 de enero de este a\u00f1o y no han sido renovadas, contin\u00faen siendo v\u00e1lidas hasta el 6 de junio de 2021.<\/p>\n<p style=\"text-align: justify;\">En el estado existen 72 mil 629 credenciales que perdieron vigencia desde enero pasado y que no fueron renovadas. Todos estos pl\u00e1sticos continuar\u00e1n siendo v\u00e1lidos como identificaci\u00f3n hasta un d\u00eda despu\u00e9s de la jornada electoral del pr\u00f3ximo a\u00f1o, indic\u00f3 el organismo electoral.<\/p>\n<p style=\"text-align: justify;\">\u201cLa propuesta mencionada obedece a que es necesario salvaguardar los derechos pol\u00edtico-electorales de los ciudadanos, para que las credenciales para votar implicadas puedan ser utilizadas en las jornadas electorales de los procesos electorales federal y locales 2020-2021; adem\u00e1s, de que tambi\u00e9n puedan servir como instrumentos de identificaci\u00f3n por sus titulares hasta esa fecha\u201d, establece el acuerdo publicado en el Diario Oficial de la Federaci\u00f3n ayer.\u00a0<\/p>\n<p style=\"text-align: justify;\">De cualquier manera, no debe perderse de vista que la medida que se propone no exime a los ciudadanos de la obligaci\u00f3n para que acudan a los m\u00f3dulos de atenci\u00f3n ciudadana a realizar su tr\u00e1mite correspondiente o a recoger su credencial para votar, toda vez que las credenciales a las cuales se aplique la determinaci\u00f3n propuesta en el acuerdo, perder\u00e1n su vigencia el 7 de junio de 2021, recomienda el organismo electoral.<\/p>\n<p style=\"text-align: justify;\">Los estados con m\u00e1s vencimientos son Estado de M\u00e9xico con 623 mil; Ciudad de M\u00e9xico con 375 mil, Jalisco con 352 mil, Puebla con 245 mil, Guanajuato con 236 mil, Michoac\u00e1n con 221 mil y Nuevo Le\u00f3n con 218 mil.<\/p>\n<p style=\"text-align: justify;\">\u201cDe cara a los procesos electorales federal y locales que se celebrar\u00e1n el domingo 6 de junio de 2021, deviene necesario implementar acciones que aseguren la adecuada planeaci\u00f3n y organizaci\u00f3n de \u00e9stos, a fin de facilitar a la ciudadan\u00eda el ejercicio de su derecho humano al sufragio\u201d, indica el acuerdo.<\/p>\n","protected":false},"excerpt":{"rendered":"","protected":false},"author":6,"featured_media":24485,"comment_status":"open","ping_status":"open","sticky":false,"template":"","format":"standard","meta":{"_acf_changed":false,"_monsterinsights_skip_tracking":false,"slim_seo":{"title":"Credenciales vencidas del INE ser\u00e1n v\u00e1lidas hasta junio 2021 - Opini\u00f3n P\u00fablica","description":"Ciudad Ju\u00e1rez, Chih .- El Instituto Nacional Electoral (INE) public\u00f3 el acuerdo para que las credenciales para votar que perdieron vigencia el 1 de enero de est"},"footnotes":""},"categories":[5],"tags":[],"class_list":["post-24486","post","type-post","status-publish","format-standard","has-post-thumbnail","hentry","category-frontera"],"acf":[],"_links":{"self":[{"href":"https:\/\/www.opinionpublica.tv\/portada\/wp-json\/wp\/v2\/posts\/24486","targetHints":{"allow":["GET"]}}],"collection":[{"href":"https:\/\/www.opinionpublica.tv\/portada\/wp-json\/wp\/v2\/posts"}],"about":[{"href":"https:\/\/www.opinionpublica.tv\/portada\/wp-json\/wp\/v2\/types\/post"}],"author":[{"embeddable":true,"href":"https:\/\/www.opinionpublica.tv\/portada\/wp-json\/wp\/v2\/users\/6"}],"replies":[{"embeddable":true,"href":"https:\/\/www.opinionpublica.tv\/portada\/wp-json\/wp\/v2\/comments?post=24486"}],"version-history":[{"count":0,"href":"https:\/\/www.opinionpublica.tv\/portada\/wp-json\/wp\/v2\/posts\/24486\/revisions"}],"wp:featuredmedia":[{"embeddable":true,"href":"https:\/\/www.opinionpublica.tv\/portada\/wp-json\/wp\/v2\/media\/24485"}],"wp:attachment":[{"href":"https:\/\/www.opinionpublica.tv\/portada\/wp-json\/wp\/v2\/media?parent=24486"}],"wp:term":[{"taxonomy":"category","embeddable":true,"href":"https:\/\/www.opinionpublica.tv\/portada\/wp-json\/wp\/v2\/categories?post=24486"},{"taxonomy":"post_tag","embeddable":true,"href":"https:\/\/www.opinionpublica.tv\/portada\/wp-json\/wp\/v2\/tags?post=24486"}],"curies":[{"name":"wp","href":"https:\/\/api.w.org\/{rel}","templated":true}]}}