{"id":24478,"date":"2020-09-23T06:00:00","date_gmt":"2020-09-23T04:00:00","guid":{"rendered":"https:\/\/www.opinionpublica.tv\/portada\/2020\/09\/23\/gobierno-estatal-ha-decomisado-mas-de-500-autos-chuecos\/"},"modified":"2020-09-23T06:00:00","modified_gmt":"2020-09-23T04:00:00","slug":"gobierno-estatal-ha-decomisado-mas-de-500-autos-chuecos","status":"publish","type":"post","link":"https:\/\/www.opinionpublica.tv\/portada\/gobierno-estatal-ha-decomisado-mas-de-500-autos-chuecos\/","title":{"rendered":"Gobierno estatal ha decomisado m\u00e1s de 500 autos \u2018chuecos\u2019"},"content":{"rendered":"<p><img fetchpriority=\"high\" decoding=\"async\" class=\" size-full wp-image-24477\" src=\"https:\/\/www.opinionpublica.tv\/portada\/wp-content\/uploads\/2020\/09\/8beb68fcdbf9b0e9c01ba146dbbddb40.jpg\" alt=\"\" class=\"caption\" title=\"Gobierno del Estado seguir\u00e1 decomisando autos chuecos en Ciudad Ju\u00e1rez y toda la entidad.\" width=\"1280\" height=\"720\" srcset=\"https:\/\/www.opinionpublica.tv\/portada\/wp-content\/uploads\/2020\/09\/8beb68fcdbf9b0e9c01ba146dbbddb40.jpg 1280w, https:\/\/www.opinionpublica.tv\/portada\/wp-content\/uploads\/2020\/09\/8beb68fcdbf9b0e9c01ba146dbbddb40-300x169.jpg 300w, https:\/\/www.opinionpublica.tv\/portada\/wp-content\/uploads\/2020\/09\/8beb68fcdbf9b0e9c01ba146dbbddb40-1024x576.jpg 1024w, https:\/\/www.opinionpublica.tv\/portada\/wp-content\/uploads\/2020\/09\/8beb68fcdbf9b0e9c01ba146dbbddb40-768x432.jpg 768w\" sizes=\"(max-width: 1280px) 100vw, 1280px\" \/><br \/>\n<!--more--><\/p>\n<p style=\"text-align: justify;\"><em>Ciudad Ju\u00e1rez, Chih<\/em>.- M\u00e1s de 500 veh\u00edculos de procedencia extranjera sin placas han sido asegurados en los primeros 20 d\u00edas de septiembre, inform\u00f3 Emilio Garc\u00eda Ruiz, secretario de Seguridad P\u00fablica Estatal (SSPE).<\/p>\n<p style=\"text-align: justify;\">Advirti\u00f3 que el operativo se extender\u00e1 no s\u00f3lo con autos nuevos, sino con modelos atrasados que no porten matr\u00edculas de circulaci\u00f3n.<\/p>\n<p style=\"text-align: justify;\">Coment\u00f3 que las acciones est\u00e1n dirigidas a recuperar la paz social en esta ciudad, donde ya se ve reflejada una baja de homicidios a partir del presente mes, en comparaci\u00f3n con los cuatro meses anteriores.<\/p>\n<p style=\"text-align: justify;\">Garc\u00eda Ruiz dijo no explicarse c\u00f3mo es que se permiti\u00f3 oficialmente la circulaci\u00f3n de autos amparados con un engomado. \u201cNo s\u00e9 por qu\u00e9 lo hicieron as\u00ed\u201d.<\/p>\n<p style=\"text-align: justify;\">\u201cYo desconozco, porque no estaba yo en ese momento, cu\u00e1les fueron los factores que hicieron que esas placas o calcoman\u00edas funcionaran\u201d, agreg\u00f3.<\/p>\n<p style=\"text-align: justify;\">Aclar\u00f3 que en el tema de \u201cesas placas\u201d se propuso retirar de circulaci\u00f3n veh\u00edculos de lujo que \u201cla delincuencia organizada es muy dada a traer\u201d.<\/p>\n<p style=\"text-align: justify;\">\u201cNo es aquel veh\u00edculo que trae el carpintero, el herrero, que est\u00e1n trabajando en \u00e9l, o alg\u00fan agricultor; ah\u00ed s\u00ed le damos una posibilidad a la gente de no quitarle el tipo de veh\u00edculos que son para que trabaje, sino que son veh\u00edculos que traen polarizado extremo o veh\u00edculos de lujo\u201d, coment\u00f3 en contradicci\u00f3n a sus mismas palabras de que ser\u00e1n asegurados \u201ctodos los veh\u00edculos que no porten placas\u201d.<\/p>\n<p style=\"text-align: justify;\">A su vez el fiscal general del Estado, C\u00e9sar Peniche, dijo que el retiro de veh\u00edculos sin placas en esta ciudad dar\u00e1 pie a que se aproveche el sistema de c\u00e1maras de seguridad instalado en el CERI, donde se podr\u00e1 tener certeza de ubicar e identificar los autos que participen en alg\u00fan il\u00edcito.<\/p>\n<p style=\"text-align: justify;\">Dijo que as\u00ed funciona en Chihuahua, donde la mayor\u00eda del parque vehicular est\u00e1 identificado y el Gobierno municipal hizo una inversi\u00f3n de m\u00e1s de 200 millones de pesos en c\u00e1maras, donde la Fiscal\u00eda ha logrado resolver casos de violaci\u00f3n, robo de veh\u00edculos, homicidio, robo a casa-habitaci\u00f3n, entre otros, coment\u00f3.<\/p>\n<p style=\"text-align: justify;\">\u201cNosotros estamos seguros que con esa experiencia vivida en la ciudad de Chihuahua, en Ju\u00e1rez no ser\u00e1 la excepci\u00f3n\u201d, expuso el fiscal.<\/p>\n","protected":false},"excerpt":{"rendered":"","protected":false},"author":6,"featured_media":24477,"comment_status":"open","ping_status":"open","sticky":false,"template":"","format":"standard","meta":{"_acf_changed":false,"_monsterinsights_skip_tracking":false,"slim_seo":{"title":"Gobierno estatal ha decomisado m\u00e1s de 500 autos \u2018chuecos\u2019 - Opini\u00f3n P\u00fablica","description":"Ciudad Ju\u00e1rez, Chih .- M\u00e1s de 500 veh\u00edculos de procedencia extranjera sin placas han sido asegurados en los primeros 20 d\u00edas de septiembre, inform\u00f3 Emilio Garc\u00ed"},"footnotes":""},"categories":[5],"tags":[],"class_list":["post-24478","post","type-post","status-publish","format-standard","has-post-thumbnail","hentry","category-frontera"],"acf":[],"_links":{"self":[{"href":"https:\/\/www.opinionpublica.tv\/portada\/wp-json\/wp\/v2\/posts\/24478","targetHints":{"allow":["GET"]}}],"collection":[{"href":"https:\/\/www.opinionpublica.tv\/portada\/wp-json\/wp\/v2\/posts"}],"about":[{"href":"https:\/\/www.opinionpublica.tv\/portada\/wp-json\/wp\/v2\/types\/post"}],"author":[{"embeddable":true,"href":"https:\/\/www.opinionpublica.tv\/portada\/wp-json\/wp\/v2\/users\/6"}],"replies":[{"embeddable":true,"href":"https:\/\/www.opinionpublica.tv\/portada\/wp-json\/wp\/v2\/comments?post=24478"}],"version-history":[{"count":0,"href":"https:\/\/www.opinionpublica.tv\/portada\/wp-json\/wp\/v2\/posts\/24478\/revisions"}],"wp:featuredmedia":[{"embeddable":true,"href":"https:\/\/www.opinionpublica.tv\/portada\/wp-json\/wp\/v2\/media\/24477"}],"wp:attachment":[{"href":"https:\/\/www.opinionpublica.tv\/portada\/wp-json\/wp\/v2\/media?parent=24478"}],"wp:term":[{"taxonomy":"category","embeddable":true,"href":"https:\/\/www.opinionpublica.tv\/portada\/wp-json\/wp\/v2\/categories?post=24478"},{"taxonomy":"post_tag","embeddable":true,"href":"https:\/\/www.opinionpublica.tv\/portada\/wp-json\/wp\/v2\/tags?post=24478"}],"curies":[{"name":"wp","href":"https:\/\/api.w.org\/{rel}","templated":true}]}}