{"id":24466,"date":"2020-09-23T06:00:00","date_gmt":"2020-09-23T04:00:00","guid":{"rendered":"https:\/\/www.opinionpublica.tv\/portada\/2020\/09\/23\/mas-muertes-por-covid-19-que-en-cinco-guerras-en-estados-unidos\/"},"modified":"2020-09-23T06:00:00","modified_gmt":"2020-09-23T04:00:00","slug":"mas-muertes-por-covid-19-que-en-cinco-guerras-en-estados-unidos","status":"publish","type":"post","link":"https:\/\/www.opinionpublica.tv\/portada\/mas-muertes-por-covid-19-que-en-cinco-guerras-en-estados-unidos\/","title":{"rendered":"M\u00e1s muertes por Covid-19 que en cinco guerras en Estados Unidos"},"content":{"rendered":"<p><img fetchpriority=\"high\" decoding=\"async\" class=\" size-full wp-image-24465\" src=\"https:\/\/www.opinionpublica.tv\/portada\/wp-content\/uploads\/2020\/09\/a076bba5147a3d7114fa6961b65dc658.jpg\" alt=\"\" class=\"caption\" title=\"Estados Unidos es el pa\u00eds m\u00e1s afectado del mundo por la pandemia del Covid-19.\" width=\"1024\" height=\"682\" srcset=\"https:\/\/www.opinionpublica.tv\/portada\/wp-content\/uploads\/2020\/09\/a076bba5147a3d7114fa6961b65dc658.jpg 1024w, https:\/\/www.opinionpublica.tv\/portada\/wp-content\/uploads\/2020\/09\/a076bba5147a3d7114fa6961b65dc658-300x200.jpg 300w, https:\/\/www.opinionpublica.tv\/portada\/wp-content\/uploads\/2020\/09\/a076bba5147a3d7114fa6961b65dc658-768x512.jpg 768w\" sizes=\"(max-width: 1024px) 100vw, 1024px\" \/><br \/>\n<!--more--><\/p>\n<p style=\"text-align: justify;\"><em>Nueva York, EU<\/em>.- Cuando el Dr. Anthony Fauci predijo en marzo que el covid-19 podr\u00eda matar a 200.000 personas en EE. UU., los esc\u00e9pticos lo criticaron y lo acusaron de provocar miedo.<br \/> Pero Fauci ten\u00eda raz\u00f3n. Y Estados Unidos alcanz\u00f3 ese sombr\u00edo hito mucho antes de lo que predijeron algunos expertos. Desde el primer fallecimiento por covid-19 reportado en EE.UU., el 6 de febrero, m\u00e1s de 858 personas han muerto por d\u00eda, en promedio, a causa de la enfermedad.<\/p>\n<p style=\"text-align: justify;\">Muchas de esas v\u00edctimas murieron sin sus seres queridos en las habitaciones del hospital. Muchos otros nunca tuvieron un funeral adecuado, y los dolientes tuvieron que llorar a sus muertos en funerales virtuales.<\/p>\n<p style=\"text-align: justify;\">El covid-19 es ahora la segunda causa principal de muerte en EE.UU., justo despu\u00e9s de las enfermedades card\u00edacas, seg\u00fan el Instituto de M\u00e9tricas y Evaluaci\u00f3n de la Salud (IHME) de la Universidad de Washington.<\/p>\n<p style=\"text-align: justify;\">Lo que suceda a continuaci\u00f3n con la pandemia depende en gran medida de la responsabilidad personal y de cu\u00e1nto est\u00e9n dispuestos los estadounidenses a luchar juntos en esta batalla.<\/p>\n<p style=\"text-align: justify;\">Coronavirus: m\u00e1s muertes que 5 guerras juntas<\/p>\n<p style=\"text-align: justify;\">El covid-19 ya ha matado a m\u00e1s personas en EE.UU. que los estadounidenses que murieron en batalla durante las cinco guerras m\u00e1s recientes combinadas: la Guerra de Corea, la Guerra de Vietnam, la Guerra de Iraq, la Guerra de Afganist\u00e1n y la Guerra del Golfo P\u00e9rsico.<\/p>\n<p style=\"text-align: justify;\">La p\u00e9rdida de vidas es como sufrir los efectos del 109 hurac\u00e1n Katrinas. O soportar los ataques del 11 de septiembre todos los d\u00edas durante 66 d\u00edas.<\/p>\n<p style=\"text-align: justify;\">Y los investigadores proyectan casi 180.000 muertes adicionales por covid-19 para el 1 de enero.<\/p>\n<p style=\"text-align: justify;\">Pero no tiene por qu\u00e9 ser as\u00ed.<\/p>\n<p style=\"text-align: justify;\">\u00bfSe pueden frenar las muertes por coronavirus en EE.UU.?<\/p>\n<p style=\"text-align: justify;\">\u00abAumentar el uso de mascarillas al 95% puede salvar casi 115.000 vidas, reduciendo ese n\u00famero esperado de muertes en un 62,7%\u00bb, dijo el IHME.<\/p>\n<p style=\"text-align: justify;\">Y el mismo uso de la m\u00e1scara, el distanciamiento f\u00edsico y el lavado de manos que protegen contra el covid-19 tambi\u00e9n pueden ayudar a evitar una \u00abenfermedad gemelar\u00bb de la gripe y el coronavirus que podr\u00eda abrumar al sistema de atenci\u00f3n m\u00e9dica.<\/p>\n<p style=\"text-align: justify;\">\u00abTenemos que mantenernos fuertes y hacer las cosas que podr\u00edan disminuir la propagaci\u00f3n\u00bb, dijo el pediatra Dr. Brett Giroir, el zar de pruebas del grupo de trabajo del coronavirus de la Casa Blanca.<\/p>\n<p style=\"text-align: justify;\">\u00abN\u00famero 1: Usar una m\u00e1scara cuando no podemos distanciarnos f\u00edsicamente. N\u00famero 2: Evitar multitudes. N\u00famero 3: Higiene. Y con pruebas inteligentes, podemos aplanar la curva y ralentizar la propagaci\u00f3n\u00bb, dijo Giroir.<\/p>\n<p style=\"text-align: justify;\">\u00abTenemos una f\u00f3rmula para reducir las muertes, reducir los casos. Pero todos tenemos que ser disciplinados y diligentes para asegurarnos de obedecer eso todos los d\u00edas\u00bb, asegur\u00f3.<\/p>\n<p style=\"text-align: justify;\"><em>Con informaci\u00f3n de CNN<\/em>.<\/p>\n<p style=\"text-align: justify;\">\u00a0<\/p>\n<p style=\"text-align: justify;\">\u00a0<\/p>\n","protected":false},"excerpt":{"rendered":"","protected":false},"author":6,"featured_media":24465,"comment_status":"open","ping_status":"open","sticky":false,"template":"","format":"standard","meta":{"_acf_changed":false,"_monsterinsights_skip_tracking":false,"slim_seo":{"title":"M\u00e1s muertes por Covid-19 que en cinco guerras en Estados Unidos - Opini\u00f3n P\u00fablica","description":"Nueva York, EU .- Cuando el Dr. Anthony Fauci predijo en marzo que el covid-19 podr\u00eda matar a 200.000 personas en EE. UU., los esc\u00e9pticos lo criticaron y lo acu"},"footnotes":""},"categories":[24],"tags":[],"class_list":["post-24466","post","type-post","status-publish","format-standard","has-post-thumbnail","hentry","category-estados-unidos"],"acf":[],"_links":{"self":[{"href":"https:\/\/www.opinionpublica.tv\/portada\/wp-json\/wp\/v2\/posts\/24466","targetHints":{"allow":["GET"]}}],"collection":[{"href":"https:\/\/www.opinionpublica.tv\/portada\/wp-json\/wp\/v2\/posts"}],"about":[{"href":"https:\/\/www.opinionpublica.tv\/portada\/wp-json\/wp\/v2\/types\/post"}],"author":[{"embeddable":true,"href":"https:\/\/www.opinionpublica.tv\/portada\/wp-json\/wp\/v2\/users\/6"}],"replies":[{"embeddable":true,"href":"https:\/\/www.opinionpublica.tv\/portada\/wp-json\/wp\/v2\/comments?post=24466"}],"version-history":[{"count":0,"href":"https:\/\/www.opinionpublica.tv\/portada\/wp-json\/wp\/v2\/posts\/24466\/revisions"}],"wp:featuredmedia":[{"embeddable":true,"href":"https:\/\/www.opinionpublica.tv\/portada\/wp-json\/wp\/v2\/media\/24465"}],"wp:attachment":[{"href":"https:\/\/www.opinionpublica.tv\/portada\/wp-json\/wp\/v2\/media?parent=24466"}],"wp:term":[{"taxonomy":"category","embeddable":true,"href":"https:\/\/www.opinionpublica.tv\/portada\/wp-json\/wp\/v2\/categories?post=24466"},{"taxonomy":"post_tag","embeddable":true,"href":"https:\/\/www.opinionpublica.tv\/portada\/wp-json\/wp\/v2\/tags?post=24466"}],"curies":[{"name":"wp","href":"https:\/\/api.w.org\/{rel}","templated":true}]}}