{"id":2440,"date":"2016-08-16T06:00:00","date_gmt":"2016-08-16T04:00:00","guid":{"rendered":"https:\/\/www.opinionpublica.tv\/portada\/2016\/08\/16\/nadadora-china-que-rompio-el-tabu-de-la-menstruacion\/"},"modified":"2016-08-16T06:00:00","modified_gmt":"2016-08-16T04:00:00","slug":"nadadora-china-que-rompio-el-tabu-de-la-menstruacion","status":"publish","type":"post","link":"https:\/\/www.opinionpublica.tv\/portada\/nadadora-china-que-rompio-el-tabu-de-la-menstruacion\/","title":{"rendered":"Nadadora china que rompi\u00f3 el tab\u00fa de la menstruaci\u00f3n"},"content":{"rendered":"<p><img fetchpriority=\"high\" decoding=\"async\" class=\" size-full wp-image-2439\" src=\"https:\/\/www.opinionpublica.tv\/portada\/wp-content\/uploads\/2016\/08\/40eea965efdcfb7f2cf48e2873e29681.jpg\" alt=\"\" width=\"660\" height=\"371\" srcset=\"https:\/\/www.opinionpublica.tv\/portada\/wp-content\/uploads\/2016\/08\/40eea965efdcfb7f2cf48e2873e29681.jpg 660w, https:\/\/www.opinionpublica.tv\/portada\/wp-content\/uploads\/2016\/08\/40eea965efdcfb7f2cf48e2873e29681-300x169.jpg 300w\" sizes=\"(max-width: 660px) 100vw, 660px\" \/><\/p>\n<p style=\"text-align: justify;\">Fu Yuanhui, una de las nadadoras chinas m\u00e1s destacadas, se convirti\u00f3 en una sensaci\u00f3n de las redes sociales gracias a sus expresiones exageradas y su franqueza en las entrevistas que dio tras conseguir el bronce en la final de los 100 metros espalda.<\/p>\n<p style=\"text-align: justify;\">Ahora ha vuelto a llamar la atenci\u00f3n en su pa\u00eds, por romper un tab\u00fa deportivo al hablar sobre su periodo.<\/p>\n<p style=\"text-align: justify;\">China se perdi\u00f3 de una medalla en la competencia de relevos de 4&#215;100 metros de este domingo, al llegar en el cuarto lugar.<\/p>\n<p style=\"text-align: justify;\">Al finalizar la carrera, las compa\u00f1eras de Yuanhui, Lu Ying, Shi Jinglin y Zhu Menghui respond\u00edan a la prensa, pero Fu no aparec\u00eda por ning\u00fan lado.<\/p>\n<p style=\"text-align: justify;\">La atleta estaba de cuclillas y doblada del dolor.<\/p>\n<p style=\"text-align: justify;\">Cuando el reportero le pregunt\u00f3 a Yuanhui en chino si se encontraba bien, Fu dijo: \u00abNo nad\u00e9 lo suficientemente bien esta vez\u00bb, y se disculp\u00f3 con sus compa\u00f1eras.<\/p>\n<p style=\"text-align: justify;\">\u00abEs porque me lleg\u00f3 el periodo ayer, as\u00ed que me sent\u00ed particularmente cansada (&#8230;) pero esta no es la raz\u00f3n. No nad\u00e9 lo suficientemente bien\u00bb.<\/p>\n<p style=\"text-align: justify;\">Fue un momento revelador para muchos espectadores chinos, quienes expresaron su apoyo a la deportista en las redes sociales.<\/p>\n<p style=\"text-align: justify;\">\u00abAdmiro mucho a Fu Yuanhui, por nadar teniendo la menstruaci\u00f3n. Las mujeres pueden verse afectadas durante su periodo, especialmente si sienten dolor (&#8230;) se sinti\u00f3 culpable al llegar de cuarta, pero igual estamos orgullosos de ti\u00bb, dijo la usuaria TAO en Weibo.<\/p>\n<h2 style=\"text-align: justify;\">Los tampones no son muy comunes en China<\/h2>\n<p style=\"text-align: justify;\">Tambi\u00e9n ha desatado una discusi\u00f3n sobre el uso de tampones, que no es muy com\u00fan en China.<\/p>\n<p style=\"text-align: justify;\">De acuerdo con una encuesta de la industria, solo el 2% de las mujeres chinas los usa, comparado con el 42% de las estadounidenses.<\/p>\n<p style=\"text-align: justify;\">Muchas mujeres no est\u00e1n familiarizadas con c\u00f3mo usarlos, o nunca han escuchado sobre ellos, seg\u00fan el estudio hecho por la compa\u00f1\u00eda Cotton Inc.<\/p>\n<p style=\"text-align: justify;\">\u00abAlgunos acusaron a Fu de estar mintiendo, pregunt\u00e1ndole c\u00f3mo pudo entrar al agua con el periodo\u00bb, dijo la usuaria Dvingnew en la red Weibo.<\/p>\n<p style=\"text-align: justify;\">\u00abLos chinos han tenido prejuicios con los tampones. Como una mujer de m\u00e1s de 30 a\u00f1os, he sido ignorante y llena de miedos sobre los tampones hasta ahora\u00bb, expres\u00f3.<\/p>\n<p style=\"text-align: justify;\">Informaci\u00f3n de la BBC<\/p>\n","protected":false},"excerpt":{"rendered":"<p>Fu Yuanhui, una de las nadadoras chinas m\u00e1s destacadas, se convirti\u00f3 en una sensaci\u00f3n de las redes sociales gracias a sus expresiones exageradas y su franqueza en las entrevistas que dio tras conseguir el bronce en la final de los 100 metros espalda. Ahora ha vuelto a llamar la atenci\u00f3n en su pa\u00eds, por romper [&hellip;]<\/p>\n","protected":false},"author":1,"featured_media":2439,"comment_status":"open","ping_status":"open","sticky":false,"template":"","format":"standard","meta":{"_acf_changed":false,"_monsterinsights_skip_tracking":false,"slim_seo":{"title":"Nadadora china que rompi\u00f3 el tab\u00fa de la menstruaci\u00f3n - Opini\u00f3n P\u00fablica","description":"Fu Yuanhui, una de las nadadoras chinas m\u00e1s destacadas, se convirti\u00f3 en una sensaci\u00f3n de las redes sociales gracias a sus expresiones exageradas y su franqueza"},"footnotes":""},"categories":[6],"tags":[],"class_list":["post-2440","post","type-post","status-publish","format-standard","has-post-thumbnail","hentry","category-rio-2016"],"acf":[],"_links":{"self":[{"href":"https:\/\/www.opinionpublica.tv\/portada\/wp-json\/wp\/v2\/posts\/2440","targetHints":{"allow":["GET"]}}],"collection":[{"href":"https:\/\/www.opinionpublica.tv\/portada\/wp-json\/wp\/v2\/posts"}],"about":[{"href":"https:\/\/www.opinionpublica.tv\/portada\/wp-json\/wp\/v2\/types\/post"}],"author":[{"embeddable":true,"href":"https:\/\/www.opinionpublica.tv\/portada\/wp-json\/wp\/v2\/users\/1"}],"replies":[{"embeddable":true,"href":"https:\/\/www.opinionpublica.tv\/portada\/wp-json\/wp\/v2\/comments?post=2440"}],"version-history":[{"count":0,"href":"https:\/\/www.opinionpublica.tv\/portada\/wp-json\/wp\/v2\/posts\/2440\/revisions"}],"wp:featuredmedia":[{"embeddable":true,"href":"https:\/\/www.opinionpublica.tv\/portada\/wp-json\/wp\/v2\/media\/2439"}],"wp:attachment":[{"href":"https:\/\/www.opinionpublica.tv\/portada\/wp-json\/wp\/v2\/media?parent=2440"}],"wp:term":[{"taxonomy":"category","embeddable":true,"href":"https:\/\/www.opinionpublica.tv\/portada\/wp-json\/wp\/v2\/categories?post=2440"},{"taxonomy":"post_tag","embeddable":true,"href":"https:\/\/www.opinionpublica.tv\/portada\/wp-json\/wp\/v2\/tags?post=2440"}],"curies":[{"name":"wp","href":"https:\/\/api.w.org\/{rel}","templated":true}]}}