{"id":24386,"date":"2020-09-16T06:00:00","date_gmt":"2020-09-16T04:00:00","guid":{"rendered":"https:\/\/www.opinionpublica.tv\/portada\/2020\/09\/16\/realizara-congreso-sesion-itinerante-en-presa-la-boquilla\/"},"modified":"2020-09-16T06:00:00","modified_gmt":"2020-09-16T04:00:00","slug":"realizara-congreso-sesion-itinerante-en-presa-la-boquilla","status":"publish","type":"post","link":"https:\/\/www.opinionpublica.tv\/portada\/realizara-congreso-sesion-itinerante-en-presa-la-boquilla\/","title":{"rendered":"Realizar\u00e1 Congreso Sesi\u00f3n Itinerante en Presa La Boquilla"},"content":{"rendered":"<p><img fetchpriority=\"high\" decoding=\"async\" class=\" size-full wp-image-24385\" src=\"https:\/\/www.opinionpublica.tv\/portada\/wp-content\/uploads\/2020\/09\/1f0be81c17bc550c5e9d7d1486b23477.jpg\" alt=\"\" class=\"caption\" title=\"La sesi\u00f3n del Congreso se realizar\u00e1 en La Boquilla en apoyo a los agricultores de la regi\u00f3n.\" width=\"640\" height=\"394\" srcset=\"https:\/\/www.opinionpublica.tv\/portada\/wp-content\/uploads\/2020\/09\/1f0be81c17bc550c5e9d7d1486b23477.jpg 640w, https:\/\/www.opinionpublica.tv\/portada\/wp-content\/uploads\/2020\/09\/1f0be81c17bc550c5e9d7d1486b23477-300x185.jpg 300w\" sizes=\"(max-width: 640px) 100vw, 640px\" \/><br \/>\n<!--more--><\/p>\n<p style=\"text-align: justify;\"><em>Chihuahua, Chih<\/em>.- Los diputados de la Sexag\u00e9sima Sexta Legislatura aprobaron declarar como Recinto Oficial del Congreso de Chihuahua, las inmediaciones de la Presa La Boquilla, ubicada en el Municipio de San Francisco de Conchos, a fin de celebrar una Sesi\u00f3n Itinerante este jueves 17 de septiembre de 2020.<\/p>\n<p style=\"text-align: justify;\">El Punto de Acuerdo de urgente resoluci\u00f3n, fue presentado ante el Pleno por el diputado Jes\u00fas Villarreal en representaci\u00f3n de diversas fuerzas pol\u00edticas del Congreso local que manifestaron su apoyo a los productores agr\u00edcolas en la problem\u00e1tica referente al agua.<\/p>\n<p style=\"text-align: justify;\">Cabe mencionar que este acuerdo obtuvo un total de 21 votos a favor, cero en contra y cero abstenciones y por lo que sesionar\u00e1n las y los legisladores en punto de las 10:00 horas de este jueves.<\/p>\n","protected":false},"excerpt":{"rendered":"","protected":false},"author":6,"featured_media":24385,"comment_status":"open","ping_status":"open","sticky":false,"template":"","format":"standard","meta":{"_acf_changed":false,"_monsterinsights_skip_tracking":false,"slim_seo":{"title":"Realizar\u00e1 Congreso Sesi\u00f3n Itinerante en Presa La Boquilla - Opini\u00f3n P\u00fablica","description":"Chihuahua, Chih .- Los diputados de la Sexag\u00e9sima Sexta Legislatura aprobaron declarar como Recinto Oficial del Congreso de Chihuahua, las inmediaciones de la P"},"footnotes":""},"categories":[4],"tags":[],"class_list":["post-24386","post","type-post","status-publish","format-standard","has-post-thumbnail","hentry","category-pulsopolitico"],"acf":[],"_links":{"self":[{"href":"https:\/\/www.opinionpublica.tv\/portada\/wp-json\/wp\/v2\/posts\/24386","targetHints":{"allow":["GET"]}}],"collection":[{"href":"https:\/\/www.opinionpublica.tv\/portada\/wp-json\/wp\/v2\/posts"}],"about":[{"href":"https:\/\/www.opinionpublica.tv\/portada\/wp-json\/wp\/v2\/types\/post"}],"author":[{"embeddable":true,"href":"https:\/\/www.opinionpublica.tv\/portada\/wp-json\/wp\/v2\/users\/6"}],"replies":[{"embeddable":true,"href":"https:\/\/www.opinionpublica.tv\/portada\/wp-json\/wp\/v2\/comments?post=24386"}],"version-history":[{"count":0,"href":"https:\/\/www.opinionpublica.tv\/portada\/wp-json\/wp\/v2\/posts\/24386\/revisions"}],"wp:featuredmedia":[{"embeddable":true,"href":"https:\/\/www.opinionpublica.tv\/portada\/wp-json\/wp\/v2\/media\/24385"}],"wp:attachment":[{"href":"https:\/\/www.opinionpublica.tv\/portada\/wp-json\/wp\/v2\/media?parent=24386"}],"wp:term":[{"taxonomy":"category","embeddable":true,"href":"https:\/\/www.opinionpublica.tv\/portada\/wp-json\/wp\/v2\/categories?post=24386"},{"taxonomy":"post_tag","embeddable":true,"href":"https:\/\/www.opinionpublica.tv\/portada\/wp-json\/wp\/v2\/tags?post=24386"}],"curies":[{"name":"wp","href":"https:\/\/api.w.org\/{rel}","templated":true}]}}