{"id":24382,"date":"2020-09-16T06:00:00","date_gmt":"2020-09-16T04:00:00","guid":{"rendered":"https:\/\/www.opinionpublica.tv\/portada\/2020\/09\/16\/en-mexico-ocurren-ataques-contra-la-prensa-cada-10-7-horas-asegura-articulo-19\/"},"modified":"2020-09-16T06:00:00","modified_gmt":"2020-09-16T04:00:00","slug":"en-mexico-ocurren-ataques-contra-la-prensa-cada-10-7-horas-asegura-articulo-19","status":"publish","type":"post","link":"https:\/\/www.opinionpublica.tv\/portada\/en-mexico-ocurren-ataques-contra-la-prensa-cada-10-7-horas-asegura-articulo-19\/","title":{"rendered":"En M\u00e9xico se registran ataques contra la prensa cada 10.7 horas; reporta Art\u00edculo 19"},"content":{"rendered":"<p><img fetchpriority=\"high\" decoding=\"async\" class=\" size-full wp-image-24381\" src=\"https:\/\/www.opinionpublica.tv\/portada\/wp-content\/uploads\/2020\/09\/950b27bc71bcf95aaedf94fc241cb8c4.jpg\" alt=\"\" class=\"caption\" title=\"M\u00e9xico es uno de los pa\u00edses m\u00e1s peligrosos del mundo para ejercer el periodismo.\" width=\"760\" height=\"430\" srcset=\"https:\/\/www.opinionpublica.tv\/portada\/wp-content\/uploads\/2020\/09\/950b27bc71bcf95aaedf94fc241cb8c4.jpg 760w, https:\/\/www.opinionpublica.tv\/portada\/wp-content\/uploads\/2020\/09\/950b27bc71bcf95aaedf94fc241cb8c4-300x170.jpg 300w\" sizes=\"(max-width: 760px) 100vw, 760px\" \/><br \/>\n<!--more--><\/p>\n<p style=\"text-align: justify;\"><em>Ciudad de M\u00e9xico<\/em>.- Con 406 agresiones y cuatro asesinatos de periodistas documentados en el primer semestre de este a\u00f1o en M\u00e9xico, y de continuar la tendencia, el 2020 podr\u00eda convertirse en el a\u00f1o m\u00e1s violento para la prensa desde que se tienen registros, advirti\u00f3 Art\u00edculo 19.<\/p>\n<p style=\"text-align: justify;\">La organizaci\u00f3n indic\u00f3 que entre enero y junio del 2020, los ataques contra periodistas y medios de comunicaci\u00f3n se incrementaron 45% en comparaci\u00f3n con el mismo periodo del 2019, ya que se registraron 280 agresiones contra las 406 que van en 2020.<\/p>\n<p style=\"text-align: justify;\">Por lo que en la actualidad hay una agresi\u00f3n a la prensa en M\u00e9xico en promedio cada 10.75 horas, alert\u00f3 la ONG.<\/p>\n<p style=\"text-align: justify;\">El 2019 \u2014primer a\u00f1o de la administraci\u00f3n de Andr\u00e9s Manuel L\u00f3pez Obrador\u2014, fue el a\u00f1o m\u00e1s violento contra la prensa en la \u00faltima d\u00e9cada, con 609 agresiones en total.<\/p>\n<p style=\"text-align: justify;\">Sin embargo, agreg\u00f3 la organizaci\u00f3n, en los primeros seis meses de este a\u00f1o ya se alcanz\u00f3 66% de los ataques registrados en el 2019 y se super\u00f3 el total de agresiones documentadas en todo 2015.<\/p>\n<p style=\"text-align: justify;\">\u201cDe continuar esta tendencia, el 2020 ser\u00eda el a\u00f1o m\u00e1s violento para la prensa desde que Article 19 tiene registro\u201d, enfatiz\u00f3.<\/p>\n<p style=\"text-align: justify;\">Sobre los asesinatos de periodistas,\u00a0 la organizaci\u00f3n document\u00f3 la muerte de Mar\u00eda Elena Ferral, el 30 de marzo en Veracruz, y de Jorge Armenta, el 16 de mayo en Sonora.<\/p>\n<p style=\"text-align: justify;\">Sin embargo, en total, son cuatro cr\u00edmenes en el 2020, al considerar los casos de Pablo Morrugares, asesinado el 2 de agosto en Guerrero, y Julio Valdivia, ultimado el 9 de septiembre en Veracruz. Son 15 periodistas asesinados durante la administraci\u00f3n de L\u00f3pez Obrador, refiri\u00f3 la ONG.<\/p>\n<p style=\"text-align: justify;\">Se dijo, adem\u00e1s, que las principales agresiones contra periodistas y medios registradas en el 2020 son amenazas, intimidaciones, hostigamiento, bloqueos y alteraciones de contenido.<\/p>\n<p style=\"text-align: justify;\">Asimismo, se registraron 47 ataques f\u00edsicos, \u201clo que implica un preocupante aumento del 80%, dada la vulnerabilidad que este tipo de agresiones representan para la integridad f\u00edsica de periodistas en M\u00e9xico\u201d, advirti\u00f3 el informe, que puntualiz\u00f3 que los estados con m\u00e1s registros de ataques en general en el 2020 son la CDMX, Puebla, Oaxaca, Veracruz y Quintana Roo, que concentran 48% de las agresiones.<\/p>\n<p style=\"text-align: justify;\">Asimismo, se advirti\u00f3 que 199 de los 406 ataques registrados en el primer semestre del 2020 se atribuyen a funcionarios p\u00fablicos, por lo que aproximadamente una de cada dos agresiones es perpetrada por \u00e9stos, lo cual es muestra de intolerancia al escrutinio p\u00fablico, particularmente vinculado a la cobertura de la pandemia, la represi\u00f3n de protestas y la captura del poder p\u00fablico por el crimen organizado, se puntualiz\u00f3.<\/p>\n<p style=\"text-align: justify;\">Por g\u00e9nero, los ataques contra las mujeres periodistas casi se duplicaron, al pasar de 56 a 111 en lo que va del 2020. Las agresiones en coberturas de protestas, como los movimientos de mujeres que exigen justicia, representan m\u00e1s de 16% de los casos. (El Economista)<\/p>\n","protected":false},"excerpt":{"rendered":"","protected":false},"author":6,"featured_media":24381,"comment_status":"open","ping_status":"open","sticky":false,"template":"","format":"standard","meta":{"_acf_changed":false,"_monsterinsights_skip_tracking":false,"slim_seo":{"title":"En M\u00e9xico se registran ataques contra la prensa cada 10.7 horas; reporta Art\u00edculo 19 - Opini\u00f3n P\u00fablica","description":"Ciudad de M\u00e9xico .- Con 406 agresiones y cuatro asesinatos de periodistas documentados en el primer semestre de este a\u00f1o en M\u00e9xico, y de continuar la tendencia,"},"footnotes":""},"categories":[3],"tags":[],"class_list":["post-24382","post","type-post","status-publish","format-standard","has-post-thumbnail","hentry","category-principal"],"acf":[],"_links":{"self":[{"href":"https:\/\/www.opinionpublica.tv\/portada\/wp-json\/wp\/v2\/posts\/24382","targetHints":{"allow":["GET"]}}],"collection":[{"href":"https:\/\/www.opinionpublica.tv\/portada\/wp-json\/wp\/v2\/posts"}],"about":[{"href":"https:\/\/www.opinionpublica.tv\/portada\/wp-json\/wp\/v2\/types\/post"}],"author":[{"embeddable":true,"href":"https:\/\/www.opinionpublica.tv\/portada\/wp-json\/wp\/v2\/users\/6"}],"replies":[{"embeddable":true,"href":"https:\/\/www.opinionpublica.tv\/portada\/wp-json\/wp\/v2\/comments?post=24382"}],"version-history":[{"count":0,"href":"https:\/\/www.opinionpublica.tv\/portada\/wp-json\/wp\/v2\/posts\/24382\/revisions"}],"wp:featuredmedia":[{"embeddable":true,"href":"https:\/\/www.opinionpublica.tv\/portada\/wp-json\/wp\/v2\/media\/24381"}],"wp:attachment":[{"href":"https:\/\/www.opinionpublica.tv\/portada\/wp-json\/wp\/v2\/media?parent=24382"}],"wp:term":[{"taxonomy":"category","embeddable":true,"href":"https:\/\/www.opinionpublica.tv\/portada\/wp-json\/wp\/v2\/categories?post=24382"},{"taxonomy":"post_tag","embeddable":true,"href":"https:\/\/www.opinionpublica.tv\/portada\/wp-json\/wp\/v2\/tags?post=24382"}],"curies":[{"name":"wp","href":"https:\/\/api.w.org\/{rel}","templated":true}]}}