{"id":24380,"date":"2020-09-16T06:00:00","date_gmt":"2020-09-16T04:00:00","guid":{"rendered":"https:\/\/www.opinionpublica.tv\/portada\/2020\/09\/16\/mexico-republica-bananera\/"},"modified":"2020-09-16T06:00:00","modified_gmt":"2020-09-16T04:00:00","slug":"mexico-republica-bananera","status":"publish","type":"post","link":"https:\/\/www.opinionpublica.tv\/portada\/mexico-republica-bananera\/","title":{"rendered":"M\u00e9xico, rep\u00fablica bananera"},"content":{"rendered":"<img fetchpriority=\"high\" decoding=\"async\" class=\" size-full wp-image-24379\" src=\"https:\/\/www.opinionpublica.tv\/portada\/wp-content\/uploads\/2020\/09\/4a565e07af339396856f66687cdff581.jpg\" alt=\"\" class=\"caption\" title=\"Jorge G. Casta\u00f1eda.\" width=\"225\" height=\"225\" srcset=\"https:\/\/www.opinionpublica.tv\/portada\/wp-content\/uploads\/2020\/09\/4a565e07af339396856f66687cdff581.jpg 225w, https:\/\/www.opinionpublica.tv\/portada\/wp-content\/uploads\/2020\/09\/4a565e07af339396856f66687cdff581-150x150.jpg 150w\" sizes=\"(max-width: 225px) 100vw, 225px\" \/>\n<p style=\"text-align: justify;\">Nos jactamos durante mucho tiempo de no ser una rep\u00fablica bananera, como las de Centroam\u00e9rica, el Caribe o parte de Am\u00e9rica del Sur. Primero, no export\u00e1bamos pl\u00e1tanos; segundo, nunca hubo una\u00a0<em>United<\/em>\u00a0<em>Fruit<\/em>\u00a0<em>Company<\/em>\u00a0en M\u00e9xico ni su equivalente (tal vez El \u00c1guila); tercero, no sub\u00edan y ca\u00edan dictadores militares cada par de a\u00f1os, ni se disfrazaban como Woody Allen en la pel\u00edcula ep\u00f3nima de 1971. En fin,\u00a0<em>ese<\/em>\u00a0infierno eran los otros.<\/p>\n<p><!--more--><\/p>\n<p style=\"text-align: justify;\">La rifa del avi\u00f3n y la carta de L\u00f3pez Obrador al Senado sobre los ex presidentes vienen a confirmar lo que muchos intu\u00edamos desde hace tiempo. Nos hemos convertido en aquello de lo que antes nos burl\u00e1bamos: una rep\u00fablica bananera.<\/p>\n<p style=\"text-align: justify;\">A pesar de la obvia necesidad de no comentar tales barbaridades, no es posible pasarlas por alto. He all\u00ed la din\u00e1mica bananera: discutir puras tonter\u00edas a sabiendas que lo son, y descuidar asuntos de enorme gravedad, como los 200\u202f000 muertos de la pandemia, la ca\u00edda de 12% de la econom\u00eda, el mill\u00f3n de empleos formales perdidos, el incremento del n\u00famero de efectivos del Ej\u00e9rcito desplegados en el territorio y el continuo crecimiento de la violencia, y la sumisi\u00f3n ahora s\u00ed completa ante Trump.<\/p>\n<p style=\"text-align: justify;\">La carta sobre el juicio a los ex presidentes resulta especialmente bananera. Dejo a un lado los aspectos jur\u00eddicos: abogados y juristas\u00a0 han explicado con detalle \u2013y ahora lo har\u00e1n con mayor entusiasmo- c\u00f3mo se trata de una aberraci\u00f3n legal. Insistir\u00e9 en el enga\u00f1o pol\u00edtico detr\u00e1s de la carta, pero no sin antes subrayar como la redacci\u00f3n sale directamente de Roa Bastos, Asturias, Garc\u00eda M\u00e1rquez y Carpentier.<\/p>\n<p style=\"text-align: justify;\">Cuando el presidente afirma que \u201cEsa etapa tr\u00e1gica en la vida se denomina per\u00edodo neoliberal o neoporfirista\u201d en un documento de Estado, rebasa los l\u00edmites de la cordura. Quien la denomina as\u00ed es \u00c9L, con may\u00fasculas: nadie m\u00e1s, salvo sus seguidores. Recurrir a un lenguaje de ese tipo en un documento de Estado es delirante.<\/p>\n<p style=\"text-align: justify;\">Tambi\u00e9n lo es cuando asienta que \u201cno es mi fuerte la venganza\u201d. \u00bfA qui\u00e9n diablos le importa cual es su fuerte o su debilidad? No es un documento personal; el poder ejecutivo no tiene fuertes ni d\u00e9biles. No entiende que existe una separaci\u00f3n entre el individuo L\u00f3pez Obrador, m\u00e1s o menos libre de pensar lo que quiera, y la instituci\u00f3n que encarna y que no puede personalizarse\u2026 salvo en las rep\u00fablicas bananeras.<\/p>\n<p style=\"text-align: justify;\">Pero la careta m\u00e1s tropical del asunto consiste en la retorcida ruta que seguir\u00e1 la supuesta satisfacci\u00f3n del innegable anhelo popular de investigaci\u00f3n de algunos ex presidentes. Dudo que la sociedad mexicana ans\u00ede un juicio a Zedillo, Fox e incluso Calder\u00f3n; el resentimiento se dirige a Salinas \u2013cada vez menos, debido al paso del tiempo\u2013 y a Pe\u00f1a Nieto. Pero la gente s\u00ed quiere sangre. L\u00f3pez no puede d\u00e1rsela. Entonces inventa esta maniobra bananera, y espera que todo el mundo quede contento.<\/p>\n<p style=\"text-align: justify;\">Las c\u00e1maras aprobar\u00e1n \u2013por mayor\u00eda simple\u2013 la pregunta formulada en la ya citada carta aberrante. De all\u00ed pasar\u00e1 a la Suprema Corte. En las circunstancias actuales, \u00e9sta, a pesar del peso de sus nuevos integrantes nombrados por L\u00f3pez Obrador, seguir\u00e1 el rumbo trazado hace tiempo para otras propuestas: batear\u00e1 la de L\u00f3pez Obrador. \u00c9ste, ante la derrota, denunciar\u00e1 a la SCJN y le explicar\u00e1 a sus adeptos, cual Ruiz Cortines con Gilberto Flores Mu\u00f1oz (el \u201cpollo\u201d) en 1957: \u201cPerdimos, pollo\u201d.<\/p>\n<p style=\"text-align: justify;\">No habr\u00e1 consulta, ni juicio, ni sentencia, ni c\u00e1rcel. Por distintos motivos en cada caso, todo esto quedar\u00e1 archivado, pero hasta despu\u00e9s de las elecciones de 2021. De haber querido realmente hacer algo, el presidente hubiera podido cumplir el compromiso que muchos de sus colaboradores aprobaron durante la campa\u00f1a: formar una Comisi\u00f3n de la Verdad, con integrantes nacionales e internacionales, para investigar\u00a0<em>cr\u00edmenes<\/em>\u00a0(no personas) del pasado, tanto de corrupci\u00f3n como de violaciones de derechos humanos.<\/p>\n<p style=\"text-align: justify;\">Pero eso no ser\u00eda propio de una rep\u00fablica bananera, y por lo tanto no se encuentra al alcance de L\u00f3pez Obrador.<\/p>\n","protected":false},"excerpt":{"rendered":"<p>Nos jactamos durante mucho tiempo de no ser una rep\u00fablica bananera, como las de Centroam\u00e9rica, el Caribe o parte de Am\u00e9rica del Sur. Primero, no export\u00e1bamos pl\u00e1tanos; segundo, nunca hubo una\u00a0United\u00a0Fruit\u00a0Company\u00a0en M\u00e9xico ni su equivalente (tal vez El \u00c1guila); tercero, no sub\u00edan y ca\u00edan dictadores militares cada par de a\u00f1os, ni se disfrazaban como Woody [&hellip;]<\/p>\n","protected":false},"author":6,"featured_media":24379,"comment_status":"open","ping_status":"open","sticky":false,"template":"","format":"standard","meta":{"_acf_changed":false,"_monsterinsights_skip_tracking":false,"slim_seo":{"title":"M\u00e9xico, rep\u00fablica bananera - Opini\u00f3n P\u00fablica","description":"Nos jactamos durante mucho tiempo de no ser una rep\u00fablica bananera, como las de Centroam\u00e9rica, el Caribe o parte de Am\u00e9rica del Sur. Primero, no export\u00e1bamos pl"},"footnotes":""},"categories":[18],"tags":[],"class_list":["post-24380","post","type-post","status-publish","format-standard","has-post-thumbnail","hentry","category-castaneda-opina"],"acf":[],"_links":{"self":[{"href":"https:\/\/www.opinionpublica.tv\/portada\/wp-json\/wp\/v2\/posts\/24380","targetHints":{"allow":["GET"]}}],"collection":[{"href":"https:\/\/www.opinionpublica.tv\/portada\/wp-json\/wp\/v2\/posts"}],"about":[{"href":"https:\/\/www.opinionpublica.tv\/portada\/wp-json\/wp\/v2\/types\/post"}],"author":[{"embeddable":true,"href":"https:\/\/www.opinionpublica.tv\/portada\/wp-json\/wp\/v2\/users\/6"}],"replies":[{"embeddable":true,"href":"https:\/\/www.opinionpublica.tv\/portada\/wp-json\/wp\/v2\/comments?post=24380"}],"version-history":[{"count":0,"href":"https:\/\/www.opinionpublica.tv\/portada\/wp-json\/wp\/v2\/posts\/24380\/revisions"}],"wp:featuredmedia":[{"embeddable":true,"href":"https:\/\/www.opinionpublica.tv\/portada\/wp-json\/wp\/v2\/media\/24379"}],"wp:attachment":[{"href":"https:\/\/www.opinionpublica.tv\/portada\/wp-json\/wp\/v2\/media?parent=24380"}],"wp:term":[{"taxonomy":"category","embeddable":true,"href":"https:\/\/www.opinionpublica.tv\/portada\/wp-json\/wp\/v2\/categories?post=24380"},{"taxonomy":"post_tag","embeddable":true,"href":"https:\/\/www.opinionpublica.tv\/portada\/wp-json\/wp\/v2\/tags?post=24380"}],"curies":[{"name":"wp","href":"https:\/\/api.w.org\/{rel}","templated":true}]}}