{"id":24378,"date":"2020-09-15T06:00:00","date_gmt":"2020-09-15T04:00:00","guid":{"rendered":"https:\/\/www.opinionpublica.tv\/portada\/2020\/09\/15\/cronologia-de-apple-del-garage-a-la-cima-del-mundo\/"},"modified":"2020-09-15T06:00:00","modified_gmt":"2020-09-15T04:00:00","slug":"cronologia-de-apple-del-garage-a-la-cima-del-mundo","status":"publish","type":"post","link":"https:\/\/www.opinionpublica.tv\/portada\/cronologia-de-apple-del-garage-a-la-cima-del-mundo\/","title":{"rendered":"Cronolog\u00eda de Apple: del garage a la cima del mundo"},"content":{"rendered":"<p><img fetchpriority=\"high\" decoding=\"async\" class=\" size-full wp-image-24375\" src=\"https:\/\/www.opinionpublica.tv\/portada\/wp-content\/uploads\/2020\/09\/88f69362689ff3e42edba9a5f0506eb7.jpg\" alt=\"\" class=\"caption\" title=\"Steve Jobs fundador de Apple, una de las marcas m\u00e1s valiosas del mundo.\" width=\"384\" height=\"369\" srcset=\"https:\/\/www.opinionpublica.tv\/portada\/wp-content\/uploads\/2020\/09\/88f69362689ff3e42edba9a5f0506eb7.jpg 384w, https:\/\/www.opinionpublica.tv\/portada\/wp-content\/uploads\/2020\/09\/88f69362689ff3e42edba9a5f0506eb7-300x288.jpg 300w\" sizes=\"(max-width: 384px) 100vw, 384px\" \/><br \/>\n<!--more--><\/p>\n<p style=\"text-align: justify;\"><em>San Francisco, California<\/em><em>, EU<\/em>.- Este 15\u00a0de septiembre se cumple una vez m\u00e1s el tecnol\u00f3gico ritual de los amantes de los dispositivos Apple.\u00a0<\/p>\n<p style=\"text-align: justify;\">Para refrescar un poco la memoria, te traemos el camino que la empresa fundadada por Steve Jobs y Steve Wozniack para llegar a posicionarse como una de las empresas que menejan la econom\u00eda del mundo.<\/p>\n<p style=\"text-align: justify;\"><strong>Todo comenz\u00f3 as\u00ed<\/strong>:<\/p>\n<p style=\"text-align: justify;\">1976:\u00a0 Los amigos de secundaria Steven Wozniak y Steve Jobs se unen para crear\u00a0Apple Computer. Su primer producto, Apple I, construido en madera y con una placa de circuitos, debuta en el \u00abClub de Ordenadores Hechos en Casa\u00bb en Palo Alto, California.\u00a0Consist\u00eda\u00a0en un panel de circuitos que costaba poco menos de 700 d\u00f3lares.<\/p>\n<p style=\"text-align: justify;\"><img decoding=\"async\" class=\" size-full wp-image-24376\" src=\"https:\/\/www.opinionpublica.tv\/portada\/wp-content\/uploads\/2020\/09\/apple_1.jpg\" width=\"1200\" height=\"729\" srcset=\"https:\/\/www.opinionpublica.tv\/portada\/wp-content\/uploads\/2020\/09\/apple_1.jpg 1200w, https:\/\/www.opinionpublica.tv\/portada\/wp-content\/uploads\/2020\/09\/apple_1-300x182.jpg 300w, https:\/\/www.opinionpublica.tv\/portada\/wp-content\/uploads\/2020\/09\/apple_1-1024x622.jpg 1024w, https:\/\/www.opinionpublica.tv\/portada\/wp-content\/uploads\/2020\/09\/apple_1-768x467.jpg 768w\" sizes=\"(max-width: 1200px) 100vw, 1200px\" \/><\/p>\n<p style=\"text-align: justify;\">1977: Sale a la luz Apple II con un procesador de 1 Mhz que se convierte en el primer ordenador fabricado de forma masiva y con un \u00e9xito instant\u00e1neo. Es\u00a0el primer ordenador personal en una estructura de pl\u00e1stico con gr\u00e1ficos a color. Es en este a\u00f1o cuando se constituye la compa\u00f1\u00eda.<\/p>\n<p style=\"text-align: justify;\">1980: Apple empieza a cotizar en Bolsa.<\/p>\n<p style=\"text-align: justify;\">1983:\u00a0Presentan un nuevo ordenador con el nombre de \u201cLisa\u201d, el primer ordenador personal con un rat\u00f3n para navegar y con iconos\u00a0y carpetas en el \u201cescritorio\u201d. El inconveniente m\u00e1s grande fue su costoso precio, de casi 10 mil\u00a0d\u00f3lares.\u00a0\u00abLisa\u00bb se convierte\u00a0en un ordenador de mesa para empresas con una interfaz gr\u00e1fica para los usuarios, el sistema con el que la mayor\u00eda\u00a0est\u00e1\u00a0familiarizada hoy en d\u00eda.<\/p>\n<p style=\"text-align: justify;\"><img decoding=\"async\" class=\" size-full wp-image-24377\" src=\"https:\/\/www.opinionpublica.tv\/portada\/wp-content\/uploads\/2020\/09\/applle_2.jpg\" width=\"1200\" height=\"900\" srcset=\"https:\/\/www.opinionpublica.tv\/portada\/wp-content\/uploads\/2020\/09\/applle_2.jpg 1200w, https:\/\/www.opinionpublica.tv\/portada\/wp-content\/uploads\/2020\/09\/applle_2-300x225.jpg 300w, https:\/\/www.opinionpublica.tv\/portada\/wp-content\/uploads\/2020\/09\/applle_2-1024x768.jpg 1024w, https:\/\/www.opinionpublica.tv\/portada\/wp-content\/uploads\/2020\/09\/applle_2-768x576.jpg 768w\" sizes=\"(max-width: 1200px) 100vw, 1200px\" \/><\/p>\n<p style=\"text-align: justify;\">1984: Sale a la luz el nuevo ordenador de Apple con el nombre de Macintoch, esta vez m\u00e1s accesible al p\u00fablico. Anuncia la llegada\u00a0con \u00ab1984\u00bb, un comercial de televisi\u00f3n dirigido por Ridley Scott, que retrata un golpe audaz contra una cultura inform\u00e1tica orwelliana.<\/p>\n<p style=\"text-align: justify;\">1985: Steve Jobs renuncia a su puesto en la empresa\u00a0tras perder el control de Apple en una lucha interna por el poder en la compa\u00f1\u00eda.<\/p>\n<p style=\"text-align: justify;\">1986: John Sculley se convierte en el presidente de Apple. Jobs empieza de cero con una empresa llamada NeXT Computer y compra la unidad de gr\u00e1ficos de Lucasfilm, a la que rebautiza como Pixar.<\/p>\n<p style=\"text-align: justify;\">1996: Apple compra NeXT y convierte a Steve Jobs en\u00a0asesor.<\/p>\n<p style=\"text-align: justify;\">1997: En septiembre, Steve Jobs remplaza a\u00a0Gil Amelio al frente de Apple y al mismo tiempo Microsoft invierte 150 millones de d\u00f3lares en la compa\u00f1\u00eda. Jobs es nombrado consejero delegado provisional despu\u00e9s de que la compa\u00f1\u00eda registr\u00f3\u00a0p\u00e9rdidas de m\u00e1s de mil 800 millones de d\u00f3lares.<\/p>\n<p style=\"text-align: justify;\">1997, en noviembre, Jobs presenta una nueva l\u00ednea de ordenadores Macintosh llamados G3, y una p\u00e1gina de Internet que permite comprar directamente a la compa\u00f1\u00eda.<\/p>\n<p style=\"text-align: justify;\">1998: Jobs moderniza la l\u00ednea de productos de Apple, produciendo los ordenadores personales iMac por un precio m\u00e1s accesible: mil 300 d\u00f3lares.<\/p>\n<p style=\"text-align: justify;\">1999: Primera aparici\u00f3n del iMac port\u00e1til que recibe el nombre de iBook.<\/p>\n<p style=\"text-align: justify;\">2001: Este es el detnante dell \u00e9xito de Apple. El lanzamiento\u00a0de su reproductor de m\u00fasica MP3 con el nombre de iPod, y abre la primera Apple Store en Palo Alto. En este momento es apenas una empresa mimportante m\u00e1s, pero se acerca a las 50 que manejan el capital del mundo. En un par de meses se venden los primeros tres millones, a un precio promedio de 400 d\u00f3lares cada aparato, dependiendo la capacidad de memoria,\u00a0y ah\u00ed es cuando Apple ingresa a las grandes ligas. El Ipod la catapulta y la creatividad, el ingenio y la mercadotecnia de Apple, hacen su parte.<\/p>\n<p style=\"text-align: justify;\">2003: Apple abre iTunes, su tienda online de m\u00fasica. Permite a los usuarios de iPods comprar y descargar m\u00fasica, libros en audio, pel\u00edculas y programas de televisi\u00f3n en Internet.<\/p>\n<p style=\"text-align: justify;\">2004: Steve Jobs se somete a una operaci\u00f3n arriesgada por un c\u00e1ncer de p\u00e1ncreas. En agosto anuncia el \u00e9xito de\u00a0una operaci\u00f3n para extirparle un tumor.\u00a0<\/p>\n<p style=\"text-align: justify;\">2005\u00a0-Tim Cook es nombrado presidente de operaciones de Apple, despu\u00e9s de ser vicepresidente ejecutivo de ventas y operaciones mundiales desde 2002.<\/p>\n<p style=\"text-align: justify;\">2007: Apple lanza su tel\u00e9fono m\u00f3vil t\u00e1ctil que recibe el nombre de iPhone 2G y saca un nuevo reproductor de\u00a0m\u00fasica\u00a0t\u00e1ctil con el nombre de iPod Touch. Tiempo de consolidaci\u00f3n. El iPod comienza su descenso tras haber cumplido con creces su cometido: apasionar al mundo por los productos de la manzana.<\/p>\n<p style=\"text-align: justify;\">2008: Apple actualiza su tel\u00e9fono t\u00e1ctil y su reproductor de m\u00fasica t\u00e1ctil, que se llamar\u00e1n iPhone 3G y iPod Touch 2G respectivamente. Adem\u00e1s, presentan la AppStore, la tienda de aplicaciones para el sistema operativo iOS.<\/p>\n<p style=\"text-align: justify;\">2009: Steve Jobs toma una baja m\u00e9dica en enero por un trasplante de h\u00edgado. Cook asume como l\u00edder provisional de la compa\u00f1\u00eda. Jobs vuelve al trabajo en junio, presentando la nueva versi\u00f3n actualizada del tel\u00e9fono celular, el iPhone 3GS.<\/p>\n<p style=\"text-align: justify;\">2010:\u00a0Apple presenta el iPad en enero y sale a la venta en abril, convirti\u00e9ndose en un gran \u00e9xito. En mayo, Apple supera a Microsoft como primera compa\u00f1ia de tecnolog\u00eda estadunidense en t\u00e9rminos de valor de mercado. Con el iPad, un ordenador port\u00e1til con pantalla t\u00e1ctil sin teclado,\u00a0logra un 84 por ciento de cuota de mercado de tabletas antes de fin de a\u00f1o.<\/p>\n<p style=\"text-align: justify;\">17 de enero de 2011: Steve Jobs se toma otra baja m\u00e9dica sin especificar los motivos.<\/p>\n<p style=\"text-align: justify;\">18 de enero de 2011:\u00a0Apple reporta un beneficio neto trimestral r\u00e9cord de 6 mil\u00a0millones de d\u00f3lares sobre unos ingresos de 26 mil 740 millones.<\/p>\n<p style=\"text-align: justify;\">2 de marzo de 2011: Apple lanza el iPad 2. Lo presenta Steve Jobs.<\/p>\n<p style=\"text-align: justify;\">6 de junio de 2011: Steve Jobs realiza el anuncio del nuevo servicio gratuito de almacenamiento en l\u00ednea iCloud.<\/p>\n<p style=\"text-align: justify;\">19 de julio de 2011:\u00a0Apple logra en el segundo trimestre 7 mil 310 millones de d\u00f3lares de beneficios, con unos ingresos de 28 mil 570 millones.<\/p>\n<p style=\"text-align: justify;\">9 de agosto de 2011: La cima:\u00a0Apple supera brevemente a Exxon Mobil como la compa\u00f1\u00eda m\u00e1s valiosa de Estados Unidos.<\/p>\n<p style=\"text-align: justify;\">24 de agosto de 2011: Steve Jobs anuncia su renuncia del cargo de CEO de la empresa y Tim Cook lo substituye. Las acciones de Apple caen un 5,3%.<\/p>\n<p style=\"text-align: justify;\">4 de octubre de 2011:\u00a0Tim Cook presenta el iPhone 4S, un iPhone m\u00e1s potente con una nueva funci\u00f3n \u201casistente personal\u201d que responde a comandos de voz, con un procesador m\u00e1s r\u00e1pido y una c\u00e1mara de video de alta definici\u00f3n.<\/p>\n<p style=\"text-align: justify;\">5 de octubre de 2011: Muere Steve Jobs.<\/p>\n<p style=\"text-align: justify;\">Septiembre de 2014:\u00a0Apple presenta el Apple Watch.<\/p>\n<p style=\"text-align: justify;\">Junio de 2015:\u00a0\u00a0Se lanza el servicio de transmisi\u00f3n de m\u00fasica de Apple, lo que incluye la radio por internet Beats, una startup que Apple compr\u00f3 el a\u00f1o anterior en un acuerdo valorado en 3 mil millones de d\u00f3lares.<\/p>\n<p style=\"text-align: justify;\">Enero de 2016:\u00a0Apple anuncia que m\u00e1s de 1,000 millones de sus dispositivos est\u00e1n en uso en todo el mundo.<\/p>\n<p style=\"text-align: justify;\">Agosto de 2018:\u00a0Apple supera el bill\u00f3n de d\u00f3lares en valor burs\u00e1til.<\/p>\n<p style=\"text-align: justify;\">Septiembre de 2019: Apple siempre busca el momento oportuno para sorprender, y casi siempre lo encuentra. En la\u00a0conferencia de desarrolladores de Apple nos mostrar\u00e1 los cambios que traer\u00e1n los sistemas operativos para este 2019, y por supuesto, revelar\u00e1n alguna sorpresa para los usuarios. Entre lo m\u00f1as importante anuncia\u00a0los software: iOS 13, MacOS Catalina y el iPadOS.\u00a0<\/p>\n<p style=\"text-align: justify;\"><em>Con informaci\u00f3n de Hacker\/Exc\u00e9lsior<\/em>.<\/p>\n","protected":false},"excerpt":{"rendered":"","protected":false},"author":6,"featured_media":24375,"comment_status":"open","ping_status":"open","sticky":false,"template":"","format":"standard","meta":{"_acf_changed":false,"_monsterinsights_skip_tracking":false,"slim_seo":{"title":"Cronolog\u00eda de Apple: del garage a la cima del mundo - Opini\u00f3n P\u00fablica","description":"San Francisco, California , EU .- Este 15\u00a0de septiembre se cumple una vez m\u00e1s el tecnol\u00f3gico ritual de los amantes de los dispositivos Apple.\u00a0 Para refrescar un"},"footnotes":""},"categories":[22],"tags":[],"class_list":["post-24378","post","type-post","status-publish","format-standard","has-post-thumbnail","hentry","category-ciencia-y-tecnologia"],"acf":[],"_links":{"self":[{"href":"https:\/\/www.opinionpublica.tv\/portada\/wp-json\/wp\/v2\/posts\/24378","targetHints":{"allow":["GET"]}}],"collection":[{"href":"https:\/\/www.opinionpublica.tv\/portada\/wp-json\/wp\/v2\/posts"}],"about":[{"href":"https:\/\/www.opinionpublica.tv\/portada\/wp-json\/wp\/v2\/types\/post"}],"author":[{"embeddable":true,"href":"https:\/\/www.opinionpublica.tv\/portada\/wp-json\/wp\/v2\/users\/6"}],"replies":[{"embeddable":true,"href":"https:\/\/www.opinionpublica.tv\/portada\/wp-json\/wp\/v2\/comments?post=24378"}],"version-history":[{"count":0,"href":"https:\/\/www.opinionpublica.tv\/portada\/wp-json\/wp\/v2\/posts\/24378\/revisions"}],"wp:featuredmedia":[{"embeddable":true,"href":"https:\/\/www.opinionpublica.tv\/portada\/wp-json\/wp\/v2\/media\/24375"}],"wp:attachment":[{"href":"https:\/\/www.opinionpublica.tv\/portada\/wp-json\/wp\/v2\/media?parent=24378"}],"wp:term":[{"taxonomy":"category","embeddable":true,"href":"https:\/\/www.opinionpublica.tv\/portada\/wp-json\/wp\/v2\/categories?post=24378"},{"taxonomy":"post_tag","embeddable":true,"href":"https:\/\/www.opinionpublica.tv\/portada\/wp-json\/wp\/v2\/tags?post=24378"}],"curies":[{"name":"wp","href":"https:\/\/api.w.org\/{rel}","templated":true}]}}