{"id":24359,"date":"2020-09-15T06:00:00","date_gmt":"2020-09-15T04:00:00","guid":{"rendered":"https:\/\/www.opinionpublica.tv\/portada\/2020\/09\/15\/el-grito-de-dolor-que-no-de-dolores\/"},"modified":"2020-09-15T06:00:00","modified_gmt":"2020-09-15T04:00:00","slug":"el-grito-de-dolor-que-no-de-dolores","status":"publish","type":"post","link":"https:\/\/www.opinionpublica.tv\/portada\/el-grito-de-dolor-que-no-de-dolores\/","title":{"rendered":"El Grito de Dolor. (Que no de Dolores)"},"content":{"rendered":"<img fetchpriority=\"high\" decoding=\"async\" class=\" size-full wp-image-24358\" src=\"https:\/\/www.opinionpublica.tv\/portada\/wp-content\/uploads\/2020\/09\/d44a7d7ca2c1dd15fa886963c8f48def.jpg\" alt=\"\" class=\"caption\" title=\"Daniel Valles.\" width=\"321\" height=\"343\" srcset=\"https:\/\/www.opinionpublica.tv\/portada\/wp-content\/uploads\/2020\/09\/d44a7d7ca2c1dd15fa886963c8f48def.jpg 321w, https:\/\/www.opinionpublica.tv\/portada\/wp-content\/uploads\/2020\/09\/d44a7d7ca2c1dd15fa886963c8f48def-281x300.jpg 281w\" sizes=\"(max-width: 321px) 100vw, 321px\" \/>\n<p style=\"text-align: justify;\">El Grito, la ceremonia del Grito de Independencia, ser\u00e1 m\u00e1s para la satisfacci\u00f3n del ego personal y para el despilfarro.<\/p>\n<p><!--more--><\/p>\n<p style=\"text-align: justify;\">Se gana m\u00e1s cuando se act\u00faa en congruencia en el contexto que vivimos por la pandemia. Por m\u00e1s de 70 mil muertos.<\/p>\n<p style=\"text-align: justify;\">M\u00e9xico grita por sus muertos. M\u00e9xico deber\u00eda de estar de luto, no de celebraci\u00f3n. Pero no. Eso no suceder\u00e1. No en los municipios, no en las capitales de los estados, mucho menos en la capital de la naci\u00f3n. Donde se cancelaron las celebraciones, pero no la Ceremonia del Grito.<\/p>\n<p style=\"text-align: justify;\">Michoac\u00e1n es la excepci\u00f3n en el pa\u00eds. Ah\u00ed no habr\u00e1 celebraci\u00f3n, ni arenga, ni privada, ni nada en lo absoluto. \u00bfEs el \u00fanico estado congruente?<\/p>\n<p style=\"text-align: justify;\">\u00bfEs realmente necesaria tal celebraci\u00f3n? \u00bfEs necesario que en este momento se haga alg\u00fan tipo de fiesta por la independencia?<\/p>\n<p style=\"text-align: justify;\">Las interrogantes son muchas y variadas. Las respuestas las dar\u00e1 cada persona de acuerdo a sus contextos de vida.<\/p>\n<p style=\"text-align: justify;\">Quienes van a realizar la celebraci\u00f3n, la oficial, demuestran patriotismo o falta de sensibilidad ante la pandemia que estamos viviendo.<\/p>\n<p style=\"text-align: justify;\">El 15 por la noche se da el Grito en el pa\u00eds. El 16 habr\u00e1 alg\u00fan tipo de actividad en la capital de la rep\u00fablica y el 17, todo volver\u00e1 a ser como el 14. Un d\u00eda com\u00fan.<\/p>\n<p style=\"text-align: justify;\">Todas las autoridades de los municipios, los gobiernos de los estados y el de la rep\u00fablica llevar\u00e1n a cabo la ceremonia. Menos en el indicado arriba.<\/p>\n<p style=\"text-align: justify;\">Ser\u00e1 como un juego de f\u00fatbol sin p\u00fablico. Como un concierto donde salen los artistas, pero no hay nadie que est\u00e9 en el teatro para escuchar. Para aplaudir.<\/p>\n<p style=\"text-align: justify;\">Ser\u00e1 como un ensayo de la obra con vestuario.<\/p>\n<p style=\"text-align: justify;\">\u00a1Celebra desde Casa!<\/p>\n<p style=\"text-align: justify;\">Parecer\u00eda ser la recomendaci\u00f3n adecuada. Pero no lo es. \u00bfPor qu\u00e9? Porque se recomienda lo mismo, que se haga fiesta. Que se junte la gente.<\/p>\n<p style=\"text-align: justify;\">Que haya de todo lo que hay en una noche mexicana. Y no me refiero al pozole. Me refiero al alcohol que se consumir\u00e1.<\/p>\n<p style=\"text-align: justify;\">Nada tengo en contra, s\u00f3lo que en la recomendaci\u00f3n se lleva la posibilidad de que los contagios se den y la pandemia sigua.<\/p>\n<p style=\"text-align: justify;\">La recomendaci\u00f3n habr\u00eda de ser, no celebre ni en casa. Pero eso es algo que no har\u00e1n las autoridades de salud. Les puede costar votos de la gente que vota por ellos. De las personas que a\u00fan no tienen muertos ni enfermos que contar entre sus familiares. Habr\u00e1 que esperar al d\u00eda 30 de septiembre y contar los casos de infectados. Esperar que no est\u00e9n dando su grito, de angustia y dolor.<\/p>\n<p style=\"text-align: justify;\">No soy fatalista. Sino realista. Vivimos bajo una pandemia. El sem\u00e1foro es amarillo. Pero tiene ese color por motivos econ\u00f3micos y pol\u00edticos.<\/p>\n<p style=\"text-align: justify;\">La realidad es que deber\u00eda de estar en color naranja, como m\u00ednimo. Ya que los contagios no paran.<\/p>\n<p style=\"text-align: justify;\">En Ciudad Ju\u00e1rez se tuvieron s\u00f3lo 19 contagios del d\u00eda 14 al d\u00eda 15. Es una inc\u00f3gnita si esto se incrementar\u00e1 en los siguientes d\u00edas. Lo veremos, como dijo el ciego. Se notar\u00e1 de una manera u otra.<\/p>\n<p style=\"text-align: justify;\">El no bien querido doctor L\u00f3pez Gatell recomienda qu\u00e9: \u201ctengamos cuidado, la epidemia no ha acabado, es una excelente noticia que llevamos siete semanas consecutivas en una fase de descenso, que 25 de las 32 entidades federativas tengan al menos tres semanas de descenso y algunas ya once semanas de descenso en el n\u00famero diario de casos, pero la epidemia no ha acabado. Les encomendamos por favor mantenerse con las medidas de precauci\u00f3n general, no olvidarse del lavado de manos, la sana distancia y el uso apropiado del cubrebocas\u201d, precis\u00f3 L\u00f3pez Gatell.<\/p>\n<p style=\"text-align: justify;\">Eso dijo ayer y en ello est\u00e1 no s\u00f3lo contradici\u00e9ndose ante la recomendaci\u00f3n del uso de cubre bocas que ha rechazado desde abril pasado. Sino que afirma que los contagios van a la baja.<\/p>\n<p style=\"text-align: justify;\">Claro que, si esto cambia, si aumentan, culpar\u00e1 a la gente que celebr\u00f3 la independencia. S\u00f3lo que no recordar\u00e1 que ha sido \u00e9l quien lo recomend\u00f3. Cuando deber\u00eda de estar insistiendo en que la celebraci\u00f3n quedara pendiente.<\/p>\n<p style=\"text-align: justify;\">Pero no lo har\u00e1. La posici\u00f3n de L\u00f3pez Gatell ha sido y ser\u00e1 acomodaticia a lo que el presidente de la rep\u00fablica, su jefe le indique.<\/p>\n<p style=\"text-align: justify;\">Es cierto en la rep\u00fablica las fiestas populares fueron canceladas para evitar concentraciones que puedan ocasionar contagios masivos. Pero s\u00f3lo las p\u00fablicas.<\/p>\n<p style=\"text-align: justify;\">De las ceremonias que en privado o sin mucha gente se llevar\u00e1n a cabo quedar\u00e1n las fotograf\u00edas y videos para posteridad. Y todo se\u00f1alar\u00e1 hacia un lugar. Al a\u00f1o en que tuvimos miles de hogares mexicanos que daban el grito de dolor porque sufr\u00edan la muerte de un familiar. O porque dos semanas despu\u00e9s de la celebraci\u00f3n patria, pudieren dar el grito ante la posible muerte de alg\u00fan familiar en en casa o en un hospital infectado de coronavirus.<\/p>\n<p style=\"text-align: justify;\">Se\u00f1alar\u00e1n a la insensibilidad de las autoridades que con un patriotismo pol\u00edticamente correcto, gritaron que viva M\u00e9xico, pero sin garbo y con una enjundia carente, falsa y teatral. Pero nada m\u00e1s. Ah\u00ed el Meollo del Asunto.<\/p>\n","protected":false},"excerpt":{"rendered":"<p>El Grito, la ceremonia del Grito de Independencia, ser\u00e1 m\u00e1s para la satisfacci\u00f3n del ego personal y para el despilfarro.<\/p>\n","protected":false},"author":6,"featured_media":24358,"comment_status":"open","ping_status":"open","sticky":false,"template":"","format":"standard","meta":{"_acf_changed":false,"_monsterinsights_skip_tracking":false,"slim_seo":{"title":"El Grito de Dolor. (Que no de Dolores) - Opini\u00f3n P\u00fablica","description":"El Grito, la ceremonia del Grito de Independencia, ser\u00e1 m\u00e1s para la satisfacci\u00f3n del ego personal y para el despilfarro. Se gana m\u00e1s cuando se act\u00faa en congruen"},"footnotes":""},"categories":[16],"tags":[],"class_list":["post-24359","post","type-post","status-publish","format-standard","has-post-thumbnail","hentry","category-el-meollo-del-asunto"],"acf":[],"_links":{"self":[{"href":"https:\/\/www.opinionpublica.tv\/portada\/wp-json\/wp\/v2\/posts\/24359","targetHints":{"allow":["GET"]}}],"collection":[{"href":"https:\/\/www.opinionpublica.tv\/portada\/wp-json\/wp\/v2\/posts"}],"about":[{"href":"https:\/\/www.opinionpublica.tv\/portada\/wp-json\/wp\/v2\/types\/post"}],"author":[{"embeddable":true,"href":"https:\/\/www.opinionpublica.tv\/portada\/wp-json\/wp\/v2\/users\/6"}],"replies":[{"embeddable":true,"href":"https:\/\/www.opinionpublica.tv\/portada\/wp-json\/wp\/v2\/comments?post=24359"}],"version-history":[{"count":0,"href":"https:\/\/www.opinionpublica.tv\/portada\/wp-json\/wp\/v2\/posts\/24359\/revisions"}],"wp:featuredmedia":[{"embeddable":true,"href":"https:\/\/www.opinionpublica.tv\/portada\/wp-json\/wp\/v2\/media\/24358"}],"wp:attachment":[{"href":"https:\/\/www.opinionpublica.tv\/portada\/wp-json\/wp\/v2\/media?parent=24359"}],"wp:term":[{"taxonomy":"category","embeddable":true,"href":"https:\/\/www.opinionpublica.tv\/portada\/wp-json\/wp\/v2\/categories?post=24359"},{"taxonomy":"post_tag","embeddable":true,"href":"https:\/\/www.opinionpublica.tv\/portada\/wp-json\/wp\/v2\/tags?post=24359"}],"curies":[{"name":"wp","href":"https:\/\/api.w.org\/{rel}","templated":true}]}}