{"id":24307,"date":"2020-09-10T06:00:00","date_gmt":"2020-09-10T04:00:00","guid":{"rendered":"https:\/\/www.opinionpublica.tv\/portada\/2020\/09\/10\/rompen-con-la-conago\/"},"modified":"2020-09-10T06:00:00","modified_gmt":"2020-09-10T04:00:00","slug":"rompen-con-la-conago","status":"publish","type":"post","link":"https:\/\/www.opinionpublica.tv\/portada\/rompen-con-la-conago\/","title":{"rendered":"Rompen con la Conago"},"content":{"rendered":"<img fetchpriority=\"high\" decoding=\"async\" class=\" size-full wp-image-24306\" src=\"https:\/\/www.opinionpublica.tv\/portada\/wp-content\/uploads\/2020\/09\/77b60186e1ca2f7f2a7edea7556fa898.jpg\" alt=\"\" class=\"caption\" title=\"Ra\u00fal Ruiz G\u00f3mez.\" width=\"245\" height=\"262\" \/>\n<p style=\"text-align: justify;\">Luego de la cantata de Lozoya, en la que las figuras m\u00e1s relevantes del PRIAN, han sido acalambradas, el grupo FRENAAA, le baj\u00f3 siete rayitas a su intento de golpe blando.<\/p>\n<p><!--more--><\/p>\n<p style=\"text-align: justify;\">Como el prop\u00f3sito de desgaste y debilitamiento del gobierno lopezobradorista no se puede detener, entra en escena la \u00abcaballer\u00eda ligera\u00bb. Los gobernadores anti AMLO.<\/p>\n<p style=\"text-align: justify;\">Constituidos en una &#8216;natural&#8217; hermandad se hacen llamar, La Alianza Federalista, que agrupa a 10 mandatarios de oposici\u00f3n, quienes anunciaron as\u00ed su salida de la Conferencia Nacional de Gobernadores, CONAGO; \u201csomos un nuevo espacio para el di\u00e1logo republicano, no para la simulaci\u00f3n con el gobierno de Andr\u00e9s Manuel L\u00f3pez Obrador\u00bb. Expresaron.<\/p>\n<p style=\"text-align: justify;\">Esta nueva amalgama opositora, se representada por los gobernadores Jos\u00e9 Rosas de Durango, Enrique Alfaro de Jalisco, Silvano Aureoles de Michoac\u00e1n, Francisco Javier Garc\u00eda Cabeza de Vaca de Tamaulipas, Jos\u00e9 Ignacio Peralta de Colima, Miguel \u00c1ngel Riquelme de Coahuila, Jaime Rodr\u00edguez de Nuevo Le\u00f3n, el de Quer\u00e9taro, Francisco Dom\u00ednguez y Diego Sinhu\u00e9 Rodr\u00edguez de Guanajuato, as\u00ed como, el de Chihuahua, Javier Corral, qui\u00e9n sostuvo que la Conago \u201cya no cumple la funci\u00f3n para la que naci\u00f3, como un espacio de deliberaci\u00f3n para defender el federalismo y la soberan\u00eda de los estados\u201d.<\/p>\n<p style=\"text-align: justify;\">Desde ah\u00ed, se dar\u00e1 ahora el enfrentamiento contra el nuevo r\u00e9gimen de la 4T. Insistir en que el pa\u00eds se est\u00e1 pudriendo bajo el mandato de Andr\u00e9s Manuel, es el objetivo central, aunque por lo pronto dos de los diez opositores, est\u00e9n involucrados en los se\u00f1alamientos de corrupci\u00f3n en las declaraciones de Emilio Lozoya.<\/p>\n<p style=\"text-align: justify;\">En otro orden de ideas, antier llovi\u00f3 sabroso, y con la lluvia se desbarata el reclamo de los campesinos azuzados por los panistas que encabeza Mario Mata y pepet\u00f3n, alcalde de Rosales.<\/p>\n<p style=\"text-align: justify;\">Momento adecuado para que aparezca cuan largo es, el superdelegado, Juan Carlos Loera, a declarar:<\/p>\n<p style=\"text-align: justify;\">\u00abLa mayor\u00eda de productores ya recibi\u00f3 el agua proveniente de las presas al 100 por ciento para este ciclo agr\u00edcola.<\/p>\n<p style=\"text-align: justify;\">Se cumple con los campesinos chihuahuenses, porque ellos van primero, y se paga el compromiso con los Estados Unidos\u00bb.<\/p>\n<p style=\"text-align: justify;\">Y para rematar este Cartapacio, le dir\u00e9 que los informes presentados por la alcaldesa de la capital, Maru Campos y el de Ciudad Ju\u00e1rez, Armando Cabada Alv\u00eddrez, ni me sorprendieron en lo absoluto.<\/p>\n<p style=\"text-align: justify;\">Cabada, en la incongruencia completa, llen\u00f3 de empleados municipales irresponsablemente el teatro Rasc\u00f3n Banda, pues aunque estamos en sem\u00e1foro amarillo en la frontera, los contagios por Covid 19 van al alza.<\/p>\n<p style=\"text-align: justify;\">Y luego, su discurso, plagado de mentiras evidentes, en el que se auto proclama como el mejor alcalde que Ju\u00e1rez haya tenido en la historia, lo exhiben como todo lo contrario.<\/p>\n<p style=\"text-align: justify;\">Los baches hablan, el deterioro urbano habla, la inseguridad habla, por si mismos.<\/p>\n<p style=\"text-align: justify;\">Y en el caso de la Maru, me qued\u00e9 con un sabor de boca muy light, esperaba ver un poco de sangre azul escurrir a trav\u00e9s del zoom.<\/p>\n<p style=\"text-align: justify;\">Salvo la novedad de montar el set espectacular para los efectos de comunicaci\u00f3n, me qued\u00e9 con ganas de escuchar algo m\u00e1s de contenido en su informe. No lo tradicional.<\/p>\n<p style=\"text-align: justify;\">Me quedo con tres atractivos resultados:<\/p>\n<ol style=\"text-align: justify;\">\n<li>La actualizaci\u00f3n al sistema PECUU; ahora con 1,130 c\u00e1maras de vigilancia.<\/li>\n<li>Reconocimiento a la obra p\u00fablica.<\/li>\n<\/ol>\n<p style=\"text-align: justify;\">Principalmente obras viales. Por ejemplo, la construcci\u00f3n de las Turboglorietas al sur de la ciudad; la construcci\u00f3n del segundo carril de la Gaza Universitaria; cinco nuevos puentes peatonales.<\/p>\n<p style=\"text-align: justify;\">Y lo que aqu\u00ed no se hace con esa visi\u00f3n de embellecimiento urbano, La inversi\u00f3n en el programa intensivo de bacheo.<\/p>\n<ol style=\"text-align: justify;\" start=\"3\">\n<li>La implementaci\u00f3n de la segunda etapa de la Plataforma Escudo Chihuahua, con una inversi\u00f3n de 102 millones de pesos.<\/li>\n<\/ol>\n<p style=\"text-align: justify;\">Consistente en la instalaci\u00f3n de 550 nuevas c\u00e1maras de video vigilancia en zonas escolares y paraderos de transporte p\u00fablico, y 100 nuevas licencias para detecci\u00f3n de placas vehiculares.<\/p>\n<p style=\"text-align: justify;\">La instalaci\u00f3n de 100 botones de p\u00e1nico en parabuses y \u00e1reas p\u00fablicas que generan una llamada directa al 911y, simult\u00e1neamente, activan la c\u00e1mara m\u00e1s cercana y alertan a la unidad m\u00e1s pr\u00f3xima para atenci\u00f3n inmediata.<\/p>\n<p style=\"text-align: justify;\">Mucha carnita para reportar los dineros invertidos, pero nos quedamos con las ganas de escuchar el supuesto rompimiento total con el gobernador Corral que le zancadillea la intenci\u00f3n de ser la candidata por el PAN, a cada paso que da.<\/p>\n<p style=\"text-align: justify;\">El pr\u00f3ximo lunes 14 a las 10 de la ma\u00f1ana la tendr\u00e9 en Cartapacio y le preguntar\u00e9 esto y muchas cosas m\u00e1s&#8230; Dir\u00eda Juan Gabriel.<\/p>\n","protected":false},"excerpt":{"rendered":"<p>Luego de la cantata de Lozoya, en la que las figuras m\u00e1s relevantes del PRIAN, han sido acalambradas, el grupo FRENAAA, le baj\u00f3 siete rayitas a su intento de golpe blando.<\/p>\n","protected":false},"author":6,"featured_media":24306,"comment_status":"open","ping_status":"open","sticky":false,"template":"","format":"standard","meta":{"_acf_changed":false,"_monsterinsights_skip_tracking":false,"slim_seo":{"title":"Rompen con la Conago - Opini\u00f3n P\u00fablica","description":"Luego de la cantata de Lozoya, en la que las figuras m\u00e1s relevantes del PRIAN, han sido acalambradas, el grupo FRENAAA, le baj\u00f3 siete rayitas a su intento de go"},"footnotes":""},"categories":[21],"tags":[],"class_list":["post-24307","post","type-post","status-publish","format-standard","has-post-thumbnail","hentry","category-cartapacio"],"acf":[],"_links":{"self":[{"href":"https:\/\/www.opinionpublica.tv\/portada\/wp-json\/wp\/v2\/posts\/24307","targetHints":{"allow":["GET"]}}],"collection":[{"href":"https:\/\/www.opinionpublica.tv\/portada\/wp-json\/wp\/v2\/posts"}],"about":[{"href":"https:\/\/www.opinionpublica.tv\/portada\/wp-json\/wp\/v2\/types\/post"}],"author":[{"embeddable":true,"href":"https:\/\/www.opinionpublica.tv\/portada\/wp-json\/wp\/v2\/users\/6"}],"replies":[{"embeddable":true,"href":"https:\/\/www.opinionpublica.tv\/portada\/wp-json\/wp\/v2\/comments?post=24307"}],"version-history":[{"count":0,"href":"https:\/\/www.opinionpublica.tv\/portada\/wp-json\/wp\/v2\/posts\/24307\/revisions"}],"wp:featuredmedia":[{"embeddable":true,"href":"https:\/\/www.opinionpublica.tv\/portada\/wp-json\/wp\/v2\/media\/24306"}],"wp:attachment":[{"href":"https:\/\/www.opinionpublica.tv\/portada\/wp-json\/wp\/v2\/media?parent=24307"}],"wp:term":[{"taxonomy":"category","embeddable":true,"href":"https:\/\/www.opinionpublica.tv\/portada\/wp-json\/wp\/v2\/categories?post=24307"},{"taxonomy":"post_tag","embeddable":true,"href":"https:\/\/www.opinionpublica.tv\/portada\/wp-json\/wp\/v2\/tags?post=24307"}],"curies":[{"name":"wp","href":"https:\/\/api.w.org\/{rel}","templated":true}]}}