{"id":24277,"date":"2020-09-08T06:00:00","date_gmt":"2020-09-08T04:00:00","guid":{"rendered":"https:\/\/www.opinionpublica.tv\/portada\/2020\/09\/08\/paquete-economico-del-2021-el-mas-austero-del-siglo-xxi\/"},"modified":"2020-09-08T06:00:00","modified_gmt":"2020-09-08T04:00:00","slug":"paquete-economico-del-2021-el-mas-austero-del-siglo-xxi","status":"publish","type":"post","link":"https:\/\/www.opinionpublica.tv\/portada\/paquete-economico-del-2021-el-mas-austero-del-siglo-xxi\/","title":{"rendered":"Paquete Econ\u00f3mico del 2021, el m\u00e1s austero del Siglo XXI"},"content":{"rendered":"<p><img fetchpriority=\"high\" decoding=\"async\" class=\" size-full wp-image-24276\" src=\"https:\/\/www.opinionpublica.tv\/portada\/wp-content\/uploads\/2020\/09\/ea35719fd9d993a5bb73db9e0cfd1b0b.jpg\" alt=\"\" class=\"caption\" title=\"El Paquete Econ\u00f3mico 2021 no contempla aumento ni creaci\u00f3n de nuevos impuestos.\" width=\"1200\" height=\"675\" srcset=\"https:\/\/www.opinionpublica.tv\/portada\/wp-content\/uploads\/2020\/09\/ea35719fd9d993a5bb73db9e0cfd1b0b.jpg 1200w, https:\/\/www.opinionpublica.tv\/portada\/wp-content\/uploads\/2020\/09\/ea35719fd9d993a5bb73db9e0cfd1b0b-300x169.jpg 300w, https:\/\/www.opinionpublica.tv\/portada\/wp-content\/uploads\/2020\/09\/ea35719fd9d993a5bb73db9e0cfd1b0b-1024x576.jpg 1024w, https:\/\/www.opinionpublica.tv\/portada\/wp-content\/uploads\/2020\/09\/ea35719fd9d993a5bb73db9e0cfd1b0b-768x432.jpg 768w\" sizes=\"(max-width: 1200px) 100vw, 1200px\" \/><br \/>\n<!--more--><\/p>\n<p style=\"text-align: justify;\"><em>Ciudad de M\u00e9xico<\/em>.- Este martes 8 de septiembre, la Secretar\u00eda de Hacienda y Cr\u00e9dito P\u00fablico (SHCP) entregar\u00e1 el\u00a0<u>Paquete Econ\u00f3mico del tercer a\u00f1o de gobierno de Andr\u00e9s Manuel L\u00f3pez Obrador<\/u>, el cual expertos consideran ser\u00e1 el m\u00e1s austero que se haya registrado, al menos en lo que va del siglo XXI.<\/p>\n<p style=\"text-align: justify;\">Coinciden en que, este\u00a0Paquete Econ\u00f3mico\u00a0estar\u00e1 m\u00e1s influido por las elecciones intermedias del 2021, donde se renovar\u00e1 completamente la C\u00e1mara de Diputados; 15 gubernaturas; 30 congresos locales y ayuntamientos que por reactivar\u00a0 la econom\u00eda mexicana, afectada por la pandemia del Covid-19.<\/p>\n<p style=\"text-align: justify;\">\u201cPor mucho este ser\u00e1 el\u00a0presupuesto m\u00e1s austero, m\u00e1s dif\u00edcil y descuadrado de los \u00faltimos 20 a\u00f1os y en t\u00e9rminos pol\u00edticos, creo que el Presidente se est\u00e1 jugando su gobierno en el siguiente Paquete Econ\u00f3mico\u201d, expuso H\u00e9ctor Villarreal, director general del Centro de Investigaci\u00f3n Econ\u00f3mica Presupuestaria (CIEP).<\/p>\n<p style=\"text-align: justify;\">Desde su perspectiva, el gobierno mantendr\u00e1 el mensaje de que todo va bien, aunque los ingresos se est\u00e1n cayendo, con la contracci\u00f3n econ\u00f3mica, y de que quedan pocos recursos en los fondos de estabilizaci\u00f3n. \u201cCreo que vamos a ver otra vez fuertes recortes en la administraci\u00f3n p\u00fablica y quiz\u00e1 veamos por el suelo a la inversi\u00f3n f\u00edsica\u201d.<\/p>\n<p style=\"text-align: justify;\">Carlos L\u00f3pez Jones, director de Consultor\u00eda en Tendencias Econ\u00f3micas y Financiera estim\u00f3 que ser\u00e1 el primer Paquete Econ\u00f3mico de la historia del M\u00e9xico moderno donde el 2021 pueda estar por debajo de lo que se gast\u00f3 en 2020. \u201cEsto es muy grave porque la poblaci\u00f3n sigue creciendo y la econom\u00eda no, con lo que vamos a tener grandes rezagos en educaci\u00f3n, salud y vivienda\u201d.<\/p>\n<p style=\"text-align: justify;\">De acuerdo con el informe del segundo trimestre del 2020, la SHCP prev\u00e9 que la econom\u00eda se contraiga 7.4%, lo que provocar\u00e1 una reducci\u00f3n de 287,700 millones de pesos en los ingresos presupuestarios, respecto a lo aprobado. Los ingresos petroleros ser\u00e1n menores en 179,400 millones de pesos y los tributarios no petroleros menores en 402,500 millones de pesos.<\/p>\n<p style=\"text-align: justify;\">En tanto, los ingresos no tributarios ser\u00e1n superiores a los previstos en 311,500 millones de pesos, esto por los recursos del Fondo de Estabilizaci\u00f3n de los Ingresos Presupuestarios y la recuperaci\u00f3n de otros activos para mitigar los efectos de la crisis econ\u00f3mica.<\/p>\n<p style=\"text-align: justify;\">L\u00f3pez Jones dijo que, un tema que har\u00e1 m\u00e1s complicada la discusi\u00f3n del presupuesto es el de los 10 gobiernos federalistas que piden m\u00e1s recursos, ante la falta de excedentes en los ingresos petroleros este a\u00f1o y posiblemente en el 2021.<\/p>\n<p style=\"text-align: justify;\">\u201cEst\u00e1n pidiendo que se cambie la f\u00f3rmula fiscal que dice que\u00a0 80% de lo que se recauda es para la Federaci\u00f3n y 20% para el Estado, quieren que se quede en un esquema de 70-30%, pero es algo que por supuesto el gobierno no lo va aceptar\u201d.<\/p>\n<p style=\"text-align: justify;\"><strong>Remanente de Banxico podr\u00eda dar respiro<\/strong><\/p>\n<p style=\"text-align: justify;\">Si bien en la Ley de Ingresos de la Federaci\u00f3n no se consideran los ingresos no recurrentes como el remanente del Banco de M\u00e9xico (Banxico), James Salazar subdirector de an\u00e1lisis econ\u00f3mico de CI Banco consider\u00f3 que son recursos que podr\u00edan darle un respiro a las finanzas p\u00fablicas el pr\u00f3ximo a\u00f1o, ante la ca\u00edda que se han reportado en los \u00faltimos dos a\u00f1os en los ingresos presupuestarios.<\/p>\n<p style=\"text-align: justify;\">\u201cEl remanente de Banxico que podr\u00eda ser alrededor de 400,000 millones de pesos puede caerles como anillo al dedo, si bien 70% se va al pago de deuda una parte se puede destinar al Fondo de Estabilizaci\u00f3n de los Ingresos Presupuestarios (FEIP) y es como si tuvieran de nuevo este fondo completo, aunque no hay que descartar que Hacienda lo quiere cambiar a un fondo contrac\u00edclico\u201d.<\/p>\n<p style=\"text-align: justify;\">Para Luis Foncerrada, jefe de American Chambers de M\u00e9xico, el Paquete Econ\u00f3mico ser\u00e1 sumamente conservador, pero lo que m\u00e1s se est\u00e1 esperando es un cambio de discurso en el que se pueda dar certeza jur\u00eddica a las empresas para que inviertan en el pa\u00eds y eso ayude a reactivar m\u00e1s r\u00e1pido la econom\u00eda.<\/p>\n<p style=\"text-align: justify;\">\u201cCon un mensaje de certeza jur\u00eddica y un plan estructurado de deuda, yo creo que las calificadoras, aunque van a ser duras, podr\u00edan reconsiderar bajar la calificaci\u00f3n del pa\u00eds\u201d.<\/p>\n<p style=\"text-align: justify;\">En general, los especialistas no esperan grandes cambios en el\u00a0Paquete Econ\u00f3mico del 2021, coinciden en que ser\u00e1 igual de inercial a lo que se present\u00f3 en el 2019 y que se contin\u00fae con la t\u00f3nica de destinar mayor gasto a los programas insignia del gobierno, lo cual no tendr\u00e1 un impacto significativo en la productividad y crecimiento econ\u00f3mico del pa\u00eds.<\/p>\n<p style=\"text-align: justify;\"><strong>El 8 de septiembre se entregar\u00e1 el Paquete Econ\u00f3mico 2021 que incluye:<\/strong><\/p>\n<p style=\"text-align: justify;\">&#8211; Criterios Generales de Pol\u00edtica Econ\u00f3mica.<\/p>\n<p style=\"text-align: justify;\">&#8211; Iniciativa de Ley\u00a0 de Ingresos de la Federaci\u00f3n.<\/p>\n<p style=\"text-align: justify;\">&#8211; Proyecto de Presupuesto de Egresos de la Federaci\u00f3n.<\/p>\n<p style=\"text-align: justify;\">&#8211; Expertos creen que ser\u00e1 inercial y sin cambios como en el 2019.<\/p>\n<p style=\"text-align: justify;\">&#8211; Consideran que influir\u00e1 m\u00e1s el proceso electoral del 2021 que la reactivaci\u00f3n econ\u00f3mica.<\/p>\n<p style=\"text-align: justify;\">&#8211; Prev\u00e9n complicaciones con la f\u00f3rmula de los estados de 80-20 por ciento.<\/p>\n<p style=\"text-align: justify;\">&#8211; Remanente de operaci\u00f3n del Banxico podr\u00eda ser un alivio para los ingresos. presupuestarios del 2021.<\/p>\n<p style=\"text-align: justify;\"><em>Con informaci\u00f3n de El Economista<\/em>.<\/p>\n","protected":false},"excerpt":{"rendered":"","protected":false},"author":6,"featured_media":24276,"comment_status":"open","ping_status":"open","sticky":false,"template":"","format":"standard","meta":{"_acf_changed":false,"_monsterinsights_skip_tracking":false,"slim_seo":{"title":"Paquete Econ\u00f3mico del 2021, el m\u00e1s austero del Siglo XXI - Opini\u00f3n P\u00fablica","description":"Ciudad de M\u00e9xico .- Este martes 8 de septiembre, la Secretar\u00eda de Hacienda y Cr\u00e9dito P\u00fablico (SHCP) entregar\u00e1 el\u00a0 Paquete Econ\u00f3mico del tercer a\u00f1o de gobierno d"},"footnotes":""},"categories":[9],"tags":[],"class_list":["post-24277","post","type-post","status-publish","format-standard","has-post-thumbnail","hentry","category-nacional"],"acf":[],"_links":{"self":[{"href":"https:\/\/www.opinionpublica.tv\/portada\/wp-json\/wp\/v2\/posts\/24277","targetHints":{"allow":["GET"]}}],"collection":[{"href":"https:\/\/www.opinionpublica.tv\/portada\/wp-json\/wp\/v2\/posts"}],"about":[{"href":"https:\/\/www.opinionpublica.tv\/portada\/wp-json\/wp\/v2\/types\/post"}],"author":[{"embeddable":true,"href":"https:\/\/www.opinionpublica.tv\/portada\/wp-json\/wp\/v2\/users\/6"}],"replies":[{"embeddable":true,"href":"https:\/\/www.opinionpublica.tv\/portada\/wp-json\/wp\/v2\/comments?post=24277"}],"version-history":[{"count":0,"href":"https:\/\/www.opinionpublica.tv\/portada\/wp-json\/wp\/v2\/posts\/24277\/revisions"}],"wp:featuredmedia":[{"embeddable":true,"href":"https:\/\/www.opinionpublica.tv\/portada\/wp-json\/wp\/v2\/media\/24276"}],"wp:attachment":[{"href":"https:\/\/www.opinionpublica.tv\/portada\/wp-json\/wp\/v2\/media?parent=24277"}],"wp:term":[{"taxonomy":"category","embeddable":true,"href":"https:\/\/www.opinionpublica.tv\/portada\/wp-json\/wp\/v2\/categories?post=24277"},{"taxonomy":"post_tag","embeddable":true,"href":"https:\/\/www.opinionpublica.tv\/portada\/wp-json\/wp\/v2\/tags?post=24277"}],"curies":[{"name":"wp","href":"https:\/\/api.w.org\/{rel}","templated":true}]}}