{"id":24249,"date":"2020-09-04T06:00:00","date_gmt":"2020-09-04T04:00:00","guid":{"rendered":"https:\/\/www.opinionpublica.tv\/portada\/2020\/09\/04\/se-han-reincorporado-al-mercado-laboral-7-2-millones-de-mexicanos-entre-abril-y-julio\/"},"modified":"2020-09-04T06:00:00","modified_gmt":"2020-09-04T04:00:00","slug":"se-han-reincorporado-al-mercado-laboral-7-2-millones-de-mexicanos-entre-abril-y-julio","status":"publish","type":"post","link":"https:\/\/www.opinionpublica.tv\/portada\/se-han-reincorporado-al-mercado-laboral-7-2-millones-de-mexicanos-entre-abril-y-julio\/","title":{"rendered":"Se han reincorporado al mercado laboral 7.2 millones de mexicanos hasta julio"},"content":{"rendered":"<p><img fetchpriority=\"high\" decoding=\"async\" class=\" size-full wp-image-24248\" src=\"https:\/\/www.opinionpublica.tv\/portada\/wp-content\/uploads\/2020\/09\/9ac9eb1af1de84b83ecef705b5aab63a.jpg\" alt=\"\" class=\"caption\" title=\"Se estima que 7.2 millones de trabajadores mexicanos recuperaron su empleo entre abril y julio.\" width=\"660\" height=\"371\" srcset=\"https:\/\/www.opinionpublica.tv\/portada\/wp-content\/uploads\/2020\/09\/9ac9eb1af1de84b83ecef705b5aab63a.jpg 660w, https:\/\/www.opinionpublica.tv\/portada\/wp-content\/uploads\/2020\/09\/9ac9eb1af1de84b83ecef705b5aab63a-300x169.jpg 300w\" sizes=\"(max-width: 660px) 100vw, 660px\" \/><br \/>\n<!--more--><\/p>\n<p style=\"text-align: justify;\"><em>Ciudad de M\u00e9xico<\/em>.- Durante julio se registr\u00f3 el regreso de millones de trabajadores al mercado laboral en l\u00ednea con la reactivaci\u00f3n econ\u00f3mica. En abril, como consecuencia de la\u00a0emergencia sanitaria Covid-19, el mercado expuls\u00f3 a 12 millones de mexicanos de la poblaci\u00f3n econ\u00f3micamente activa; al corte de julio poco m\u00e1s de la mitad de ellos (7.2 millones)\u00a0se ha reincorporado al mercado laboral.<\/p>\n<p style=\"text-align: justify;\">La mayor\u00eda\u00a0de los mexicanos que fueron expulsado de la\u00a0Poblaci\u00f3n Econ\u00f3micamente Activa (PEA)\u00a0corresponden a trabajadores que no se encontraban ocupados ni desocupados; fundamentalmente porque\u00a0no perdieron definitivamente sus trabajos sino se mantuvieron suspendidos \u00abtemporalmente\u00bb de sus actividades.\u00a0<\/p>\n<p style=\"text-align: justify;\">De abril a mayo la tasa de participaci\u00f3n masculina pas\u00f3 de 61.3 a 72.2%, mientras que la de mujeres avanz\u00f3 de 35.0 a 39.2 por ciento. Esta situaci\u00f3n reflej\u00f3 que la reincorporaci\u00f3n de ocupados fue principalmente\u00a0de hombres.<\/p>\n<p style=\"text-align: justify;\">El comercio es el sector en el que se identifican los incrementos m\u00e1s importantes en la reincorporaci\u00f3n de trabajadores. La construcci\u00f3n, los servicios tur\u00edsticos y de transportes y el\u00a0trabajo dom\u00e9stico remunerado\u00a0contin\u00faan con niveles bajos de ocupaci\u00f3n.\u00a0<\/p>\n<p style=\"text-align: justify;\">Por su parte la subocupaci\u00f3n y la\u00a0desocupaci\u00f3n\u00a0cedieron de manera muy modesta. La tasa de subocupaci\u00f3n pas\u00f3 de representar el\u00a020.1 a 18.4% de los trabajadores, mientras que la tasa de desocupaci\u00f3n baj\u00f3 apenas de 5.5 a 5.4% de los econ\u00f3micamente activos.\u00a0<\/p>\n<p style=\"text-align: justify;\">Esta situaci\u00f3n reflej\u00f3 que menos trabajadores est\u00e1n en la necesidad de buscar otro empleo por necesidades econ\u00f3micas o disponibilidad de tiempo. Y que, la poblaci\u00f3n que est\u00e1 desempleada cay\u00f3, aunque de manera muy modesta.\u00a0<\/p>\n<p style=\"text-align: justify;\">Trabajadores se reincorporan en la informalidad<\/p>\n<p style=\"text-align: justify;\">Parte de los trabajadores que se han reincorporado a sus actividades laborales se encuentran en el sector informal, uno de los m\u00e1s golpeados por la\u00a0crisis del Covid-19\u00a0y las restricciones sanitarias. S\u00f3lo de junio a julio se integraron a las filas de la informalidad 1.7 millones de mexicanos y en el total desde abril suman 6.6 millones los trabajadores que se incorporaron en este sector.\u00a0<\/p>\n<p style=\"text-align: justify;\">Esto implica que gran parte\u00a0de los mexicanos que han regresado al mercado laboral lo han hecho pero en\u00a0ocupaciones informales; que mayoritariamente los excluyen de prestaciones, protecci\u00f3n laboral o\u00a0seguridad social.\u00a0<\/p>\n<p style=\"text-align: justify;\"><em>Con informaci\u00f3n de El Economista<\/em>.<\/p>\n","protected":false},"excerpt":{"rendered":"","protected":false},"author":6,"featured_media":24248,"comment_status":"open","ping_status":"open","sticky":false,"template":"","format":"standard","meta":{"_acf_changed":false,"_monsterinsights_skip_tracking":false,"slim_seo":{"title":"Se han reincorporado al mercado laboral 7.2 millones de mexicanos hasta julio - Opini\u00f3n P\u00fablica","description":"Ciudad de M\u00e9xico .- Durante julio se registr\u00f3 el regreso de millones de trabajadores al mercado laboral en l\u00ednea con la reactivaci\u00f3n econ\u00f3mica. En abril, como c"},"footnotes":""},"categories":[11],"tags":[],"class_list":["post-24249","post","type-post","status-publish","format-standard","has-post-thumbnail","hentry","category-tendencias"],"acf":[],"_links":{"self":[{"href":"https:\/\/www.opinionpublica.tv\/portada\/wp-json\/wp\/v2\/posts\/24249","targetHints":{"allow":["GET"]}}],"collection":[{"href":"https:\/\/www.opinionpublica.tv\/portada\/wp-json\/wp\/v2\/posts"}],"about":[{"href":"https:\/\/www.opinionpublica.tv\/portada\/wp-json\/wp\/v2\/types\/post"}],"author":[{"embeddable":true,"href":"https:\/\/www.opinionpublica.tv\/portada\/wp-json\/wp\/v2\/users\/6"}],"replies":[{"embeddable":true,"href":"https:\/\/www.opinionpublica.tv\/portada\/wp-json\/wp\/v2\/comments?post=24249"}],"version-history":[{"count":0,"href":"https:\/\/www.opinionpublica.tv\/portada\/wp-json\/wp\/v2\/posts\/24249\/revisions"}],"wp:featuredmedia":[{"embeddable":true,"href":"https:\/\/www.opinionpublica.tv\/portada\/wp-json\/wp\/v2\/media\/24248"}],"wp:attachment":[{"href":"https:\/\/www.opinionpublica.tv\/portada\/wp-json\/wp\/v2\/media?parent=24249"}],"wp:term":[{"taxonomy":"category","embeddable":true,"href":"https:\/\/www.opinionpublica.tv\/portada\/wp-json\/wp\/v2\/categories?post=24249"},{"taxonomy":"post_tag","embeddable":true,"href":"https:\/\/www.opinionpublica.tv\/portada\/wp-json\/wp\/v2\/tags?post=24249"}],"curies":[{"name":"wp","href":"https:\/\/api.w.org\/{rel}","templated":true}]}}