{"id":24212,"date":"2020-08-30T06:00:00","date_gmt":"2020-08-30T04:00:00","guid":{"rendered":"https:\/\/www.opinionpublica.tv\/portada\/2020\/08\/30\/avanzan-juarez-y-region-norte-a-semaforo-amarillo-centro-sur-seguira-en-naranja\/"},"modified":"2020-08-30T06:00:00","modified_gmt":"2020-08-30T04:00:00","slug":"avanzan-juarez-y-region-norte-a-semaforo-amarillo-centro-sur-seguira-en-naranja","status":"publish","type":"post","link":"https:\/\/www.opinionpublica.tv\/portada\/avanzan-juarez-y-region-norte-a-semaforo-amarillo-centro-sur-seguira-en-naranja\/","title":{"rendered":"Avanzan Ju\u00e1rez y regi\u00f3n norte al sem\u00e1foro amarillo; centro-sur seguir\u00e1 en naranja"},"content":{"rendered":"<p><img fetchpriority=\"high\" decoding=\"async\" class=\" size-full wp-image-24211\" src=\"https:\/\/www.opinionpublica.tv\/portada\/wp-content\/uploads\/2020\/08\/c7f421412b87e11c4f2ab81b63174f9b.jpg\" alt=\"\" class=\"caption\" title=\"Javier Corral Jurado, gobernador de Chihuahua.\" width=\"900\" height=\"596\" srcset=\"https:\/\/www.opinionpublica.tv\/portada\/wp-content\/uploads\/2020\/08\/c7f421412b87e11c4f2ab81b63174f9b.jpg 900w, https:\/\/www.opinionpublica.tv\/portada\/wp-content\/uploads\/2020\/08\/c7f421412b87e11c4f2ab81b63174f9b-300x199.jpg 300w, https:\/\/www.opinionpublica.tv\/portada\/wp-content\/uploads\/2020\/08\/c7f421412b87e11c4f2ab81b63174f9b-768x509.jpg 768w\" sizes=\"(max-width: 900px) 100vw, 900px\" \/><br \/>\n<!--more--><\/p>\n<p style=\"text-align: justify;\"><em>Chihuahua, Chih<\/em>.- \u00danicamente la Regi\u00f3n Ju\u00e1rez que incluye 10 municipios de la zona norte de Chihuahua pasar\u00e1 al sem\u00e1foro amarillo a partir de este lunes 31 de agosto y hasta el 6 de septiembre, seg\u00fan inform\u00f3 la tarde de este domingo el gobernador Javier Corral Jurado.<\/p>\n<p style=\"text-align: justify;\">Explic\u00f3 que la Regi\u00f3n Ju\u00e1rez, con una ponderaci\u00f3n en rango de 14 puntos en el an\u00e1lisis de los 10 indicadores revisados por las autoridades de Salud y un riesgo epidemiol\u00f3gico moderado, puede avanzar de manera gradual en el Plan de Reapertura Estatal para las actividades econ\u00f3micas, recreativas, sociales y culturales.<\/p>\n<p style=\"text-align: justify;\">Corral destac\u00f3 que junto con Ju\u00e1rez, la regi\u00f3n fronteriza norte se integra por Ahumada, Ascensi\u00f3n, Buenaventura, Casas Grandes, Galeana, Guadalupe, Janos, Nuevo Casas Grandes y Pr\u00e1xedis G. Guerrero.<\/p>\n<p style=\"text-align: justify;\">Por el contrario, la Regi\u00f3n Chihuahua, con los 57 municipios restantes, presenta todav\u00eda un riesgo epidemiol\u00f3gico alto, con 18 puntos en la ponderaci\u00f3n de los indicadores, por lo que se mantendr\u00e1 en color naranja.<\/p>\n<p style=\"text-align: justify;\">El mandatario estatal destac\u00f3 que \u201cdebemos actuar con m\u00e1s cautela, para avanzar de manera segura y sostenida hacia nuestra nueva realidad, por lo que es necesario acatar las indicaciones emitidas por las autoridades, que ser\u00e1n readecuadas al comportamiento y dinamismo de la pandemia en las diferentes regiones\u201d.<\/p>\n<p style=\"text-align: justify;\">Anunci\u00f3 que atendiendo el conjunto de los indicadores del sem\u00e1foro de riesgo epidemiol\u00f3gico, se han generado varios cambios al Acuerdo 102\/2020 \u00a0del \u00a09 de agosto, que ser\u00e1n publicados este lunes 31 en el Peri\u00f3dico Oficial del Estado, con nuevos criterios que se deber\u00e1n seguir en la reapertura paulatina de actividades.<\/p>\n<p style=\"text-align: justify;\">\u201cSon precisiones en cuanto al porcentaje de aforo, seg\u00fan los cupos y tipo de instalaciones en los distintos templos de las diversas iglesias y asociaciones religiosas que tienen presencia en nuestro estado, as\u00ed como a los salones de eventos, en t\u00e9rminos de su superficie instalada. Tambi\u00e9n modificaciones al sem\u00e1foro, para que bajo un estricto control sanitario, aprobado por el Consejo Estatal de Salud, las distintas Iglesias puedan reabrir a un 15% en color naranja\u201d, detall\u00f3.<\/p>\n<p style=\"text-align: justify;\">El gobernador indic\u00f3 que en la ponderaci\u00f3n en rango, el estado presenta un puntaje de 15, por eso es que el Gobierno Federal anunci\u00f3 el viernes que Chihuahua pasaba a amarillo, ya que puntajes de entre 9 y 15 se consideran con riesgo epidemiol\u00f3gico moderado, aunque desde entonces se adelant\u00f3 que habr\u00eda una diferenciaci\u00f3n regional de acuerdo a los distintos niveles de riesgo.<\/p>\n<p style=\"text-align: justify;\">\u201cSeguro estoy, que la regi\u00f3n sur del estado llegar\u00e1 pronto al sem\u00e1foro amarillo porque los chihuahuenses nos distinguimos por crecer venciendo cualquier adversidad, porque nunca bajamos la guardia, porque la grandeza del estado es la uni\u00f3n del pueblo y su Gobierno. Vamos a seguir empe\u00f1ados en combatir esta pandemia Unidos con Valor\u201d, se\u00f1al\u00f3.<\/p>\n<p style=\"text-align: justify;\">El color de la semaforizaci\u00f3n lo determina el puntaje del riesgo epidemiol\u00f3gico de la siguiente manera:<\/p>\n<p style=\"text-align: justify;\">El sem\u00e1foro en rojo es considerado de m\u00e1ximo riesgo y cuyo rango de puntaje es de entre 32 y 42; el sem\u00e1foro naranja es de riesgo epidemiol\u00f3gico alto y su puntaje es de entre 16 y 31.<\/p>\n<p style=\"text-align: justify;\">El sem\u00e1foro amarillo, de entre 9 y 15 puntos tiene un riesgo moderado y el sem\u00e1foro en verde, entre cero y 8 puntos, es de bajo riesgo epidemiol\u00f3gico.<\/p>\n<p style=\"text-align: justify;\">Javier Corral explic\u00f3 que el pa\u00eds ha entrado a una din\u00e1mica de evaluaci\u00f3n m\u00e1s precisa anexando 6 indicadores a los 4 que ya se ven\u00edan utilizando, lo cual permite medir la magnitud y temporalidad de la epidemia por COVID-19, dentro de la heterogeneidad de las entidades, municipios, ciudades y zonas metropolitanas.<\/p>\n<p style=\"text-align: justify;\">Los indicadores que definen el color del sem\u00e1foro son los siguientes: 1) Tasa de reproducci\u00f3n (Rt) de COVID-19. 2) Tasa de incidencia de casos estimados activos por cada 100 mil habitantes. 3) Tasa de mortalidad por cada 100 mil habitantes (14 d\u00edas) 4) Tasa de hospitalizados por cada 100 mil habitantes.<\/p>\n<p style=\"text-align: justify;\">Adem\u00e1s: 5) Porcentaje de ocupaci\u00f3n de camas generales. 6) Porcentaje de camas con ventilador. 7) Porcentaje de positividad COVID-19. 8) Tendencia de casos hospitalizados por cada 100 mil habitantes. 9) Tendencia de casos s\u00edndrome COVID-19 por cada 100 mil habitantes. 10) Tendencia de tasa de mortalidad por cada 100 mil habitantes (14 d\u00edas).<\/p>\n<p style=\"text-align: justify;\">El titular del Ejecutivo estatal inform\u00f3 que la estimaci\u00f3n de riesgos se llevar\u00e1 a cabo de forma semanal y se publicar\u00e1 de manera quincenal en caso de que el nivel de riesgo epid\u00e9mico local se mantenga o disminuya, solo en el caso de que el riesgo se incremente en una semana, se deber\u00e1n implementar las medidas correspondientes al nivel de riesgo del que se trate.<\/p>\n<p style=\"text-align: justify;\">Destac\u00f3 que la epidemia nacional y por consecuencia la estatal, se compone de diversas epidemias locales, asincr\u00f3nicas y cuya din\u00e1mica es, hasta cierto punto, independiente.<\/p>\n<p style=\"text-align: justify;\">\u201cPor ello, Ciudad Ju\u00e1rez y los nueve municipios que comprende la Regi\u00f3n Norte pasar\u00e1n a color amarillo, mientras que Chihuahua capital y los dem\u00e1s municipios del estado permanecer\u00e1n en naranja\u201d, expres\u00f3.<\/p>\n<p style=\"text-align: justify;\">Record\u00f3 que cuando el estado de Chihuahua cambi\u00f3 de rojo a naranja, a partir del lunes 15 de junio, tampoco lo hizo al mismo tiempo en todo el estado y Ju\u00e1rez tuvo que esperar una semana m\u00e1s en rojo.<\/p>\n<p style=\"text-align: justify;\">Corral agreg\u00f3 que ahora es la regi\u00f3n centro-sur del estado la que se encuentra en una etapa cr\u00edtica de la epidemia, con alto n\u00famero de contagios y casos activos que ponen en riesgo la vida de muchas personas, por lo que ser\u00e1 la Regi\u00f3n Chihuahua la que no avance en la apertura de actividades.<\/p>\n<p style=\"text-align: justify;\">\u201cEl anuncio que realiz\u00f3 antier la Federaci\u00f3n no debe de confundirnos sino al contrario, alentarnos para extremar cuidados con el prop\u00f3sito de buscar estabilizar al estado en toda su extensi\u00f3n\u201d, indic\u00f3.<\/p>\n<p style=\"text-align: justify;\">Explic\u00f3 que el sem\u00e1foro no representa integralmente la epidemia, sin embargo, sus indicadores orientan directamente sobre su intensidad, capacidad de respuesta a la misma, estimaci\u00f3n del riesgo de reducir o incrementar la actividad de la epidemia en el nivel local, durante el proceso de reapertura de la econom\u00eda formal e informal, as\u00ed como las actividades sociales.<\/p>\n<p style=\"text-align: justify;\">Agreg\u00f3 que los indicadores del sem\u00e1foro son una gu\u00eda para la toma de decisiones, no s\u00f3lo para las autoridades, tambi\u00e9n para \u00e1mbito personal y colectivo.<\/p>\n<p style=\"text-align: justify;\">Destac\u00f3 que desde el inicio de la pandemia de COVID-19, sus decisiones como gobernador se han tomado pensando en la vida de sus habitantes por encima de todo.<\/p>\n<p style=\"text-align: justify;\">El gobernador tambi\u00e9n resalt\u00f3 que en Chihuahua se ha logrado transitar por las tres fases de la pandemia sin que los servicios de salud se vean rebasados, por lo cual consider\u00f3 que en este descenso de la curva epid\u00e9mica lo m\u00e1s importante es que la reapertura de la econom\u00eda y las actividades sociales sea de manera gradual, sin perder de vista un solo momento la gran responsabilidad de preservar como valor supremo la vida de los y las chihuahuenses y enseguida la econom\u00eda del estado.<\/p>\n","protected":false},"excerpt":{"rendered":"","protected":false},"author":6,"featured_media":24211,"comment_status":"open","ping_status":"open","sticky":false,"template":"","format":"standard","meta":{"_acf_changed":false,"_monsterinsights_skip_tracking":false,"slim_seo":{"title":"Avanzan Ju\u00e1rez y regi\u00f3n norte al sem\u00e1foro amarillo; centro-sur seguir\u00e1 en naranja - Opini\u00f3n P\u00fablica","description":"Chihuahua, Chih .- \u00danicamente la Regi\u00f3n Ju\u00e1rez que incluye 10 municipios de la zona norte de Chihuahua pasar\u00e1 al sem\u00e1foro amarillo a partir de este lunes 31 de"},"footnotes":""},"categories":[3],"tags":[],"class_list":["post-24212","post","type-post","status-publish","format-standard","has-post-thumbnail","hentry","category-principal"],"acf":[],"_links":{"self":[{"href":"https:\/\/www.opinionpublica.tv\/portada\/wp-json\/wp\/v2\/posts\/24212","targetHints":{"allow":["GET"]}}],"collection":[{"href":"https:\/\/www.opinionpublica.tv\/portada\/wp-json\/wp\/v2\/posts"}],"about":[{"href":"https:\/\/www.opinionpublica.tv\/portada\/wp-json\/wp\/v2\/types\/post"}],"author":[{"embeddable":true,"href":"https:\/\/www.opinionpublica.tv\/portada\/wp-json\/wp\/v2\/users\/6"}],"replies":[{"embeddable":true,"href":"https:\/\/www.opinionpublica.tv\/portada\/wp-json\/wp\/v2\/comments?post=24212"}],"version-history":[{"count":0,"href":"https:\/\/www.opinionpublica.tv\/portada\/wp-json\/wp\/v2\/posts\/24212\/revisions"}],"wp:featuredmedia":[{"embeddable":true,"href":"https:\/\/www.opinionpublica.tv\/portada\/wp-json\/wp\/v2\/media\/24211"}],"wp:attachment":[{"href":"https:\/\/www.opinionpublica.tv\/portada\/wp-json\/wp\/v2\/media?parent=24212"}],"wp:term":[{"taxonomy":"category","embeddable":true,"href":"https:\/\/www.opinionpublica.tv\/portada\/wp-json\/wp\/v2\/categories?post=24212"},{"taxonomy":"post_tag","embeddable":true,"href":"https:\/\/www.opinionpublica.tv\/portada\/wp-json\/wp\/v2\/tags?post=24212"}],"curies":[{"name":"wp","href":"https:\/\/api.w.org\/{rel}","templated":true}]}}