{"id":24206,"date":"2020-08-30T06:00:00","date_gmt":"2020-08-30T04:00:00","guid":{"rendered":"https:\/\/www.opinionpublica.tv\/portada\/2020\/08\/30\/pese-a-gasto-en-rehabilitacion-refinerias-no-despegan\/"},"modified":"2020-08-30T06:00:00","modified_gmt":"2020-08-30T04:00:00","slug":"pese-a-gasto-en-rehabilitacion-refinerias-no-despegan","status":"publish","type":"post","link":"https:\/\/www.opinionpublica.tv\/portada\/pese-a-gasto-en-rehabilitacion-refinerias-no-despegan\/","title":{"rendered":"Pese a gasto en rehabilitaci\u00f3n, refiner\u00edas no despegan"},"content":{"rendered":"<p><img fetchpriority=\"high\" decoding=\"async\" class=\" size-full wp-image-24205\" src=\"https:\/\/www.opinionpublica.tv\/portada\/wp-content\/uploads\/2020\/08\/bc5435017aa9a848c94ac3213d093873.jpg\" alt=\"\" class=\"caption\" title=\"La rehabilitaci\u00f3n de las refiner\u00edas de Pemex no se refleja en su nivel de producci\u00f3n.\" width=\"760\" height=\"430\" srcset=\"https:\/\/www.opinionpublica.tv\/portada\/wp-content\/uploads\/2020\/08\/bc5435017aa9a848c94ac3213d093873.jpg 760w, https:\/\/www.opinionpublica.tv\/portada\/wp-content\/uploads\/2020\/08\/bc5435017aa9a848c94ac3213d093873-300x170.jpg 300w\" sizes=\"(max-width: 760px) 100vw, 760px\" \/><br \/>\n<!--more--><\/p>\n<p><em>Ciudad de M\u00e9xico<\/em>.- Aunado a que en julio lleg\u00f3 a su peor nivel de producci\u00f3n de crudo desde 1979, Petr\u00f3leos Mexicanos (Pemex) tuvo en sus seis refiner\u00edas un proceso de 520 mil 300 barriles diarios de petr\u00f3leo, el tercero m\u00e1s bajo en la historia de la empresa desde la instalaci\u00f3n de la infraestructura con la que cuenta. Con una utilizaci\u00f3n de 32.5% de la capacidad de refinaci\u00f3n, Pemex volvi\u00f3 al nivel de proceso de crudo que registraba en 1976.<\/p>\n<p>A pesar de que este a\u00f1o se destinan casi 23,000 millones de pesos para la rehabilitaci\u00f3n de las refiner\u00edas, y que el Plan de Negocios de la empresa es llegar a 788,000 barriles diarios, con una capacidad de utilizaci\u00f3n de 48% de la infraestructura, en el promedio de los primeros siete meses del a\u00f1o el proceso de crudo fue de 576,836 barriles diarios, con un uso de 36% de la capacidad instalada.<\/p>\n<p>Todas las plantas de tratamiento con las que cuentan las seis refiner\u00edas permitir\u00edan procesar 1.601 millones de barriles diarios desde la \u00faltima reconfiguraci\u00f3n de Minatitl\u00e1n en 2007 (aunque apenas 100,000 barriles por encima de lo que se pod\u00eda procesar en 1991, cuando hab\u00eda dos refiner\u00edas m\u00e1s, Poza Rica y Azcapotzalco en funciones). As\u00ed, el 2020 ha sido hasta el momento el a\u00f1o con menor proceso de crudo en los \u00faltimos 19 a\u00f1os.<\/p>\n<p>En lo que respecta a julio, result\u00f3 el segundo peor mes del 2020 despu\u00e9s de febrero en que se baj\u00f3 hasta 464,018 barriles diarios el proceso. Previamente, en enero de 2019, ya se hab\u00eda llegado a un nivel de apenas 507,078 barriles por d\u00eda.<\/p>\n<p>En el s\u00e9ptimo mes del a\u00f1o, el proceso de 520,300 barriles diarios fue 11% inferior al del mes anterior pero adem\u00e1s cay\u00f3 en 21% en un a\u00f1o, seg\u00fan la Base de Datos Institucional de la petrolera del Estado.<\/p>\n<p>Cuando inici\u00f3 su gesti\u00f3n, la titular de Energ\u00eda, Roc\u00edo Nahle, dijo que s\u00f3lo mediante modernizaciones y sin reconfigurar plantas para aumentar el volumen de proceso se llegar\u00eda a 90% de uso de la capacidad instalada, o sea 1.474 millones de barriles diarios este a\u00f1o. Incluso el plan de Pemex, mucho m\u00e1s moderado, era llegar a 1.021 millones de barriles diarios o 62% de uso de la capacidad de transformaci\u00f3n.<\/p>\n<p>Y para ello, el gobierno federal comenz\u00f3 en septiembre de 2019 el programa de rehabilitaci\u00f3n de las seis refiner\u00edas en el que se llevan a cabo mantenimientos en un total de 40 plantas y 34 tanques de almacenamiento, seg\u00fan Roc\u00edo Nahle.<\/p>\n<p>En la conferencia presidencial, la secretaria de Energ\u00eda detall\u00f3 a finales del a\u00f1o pasado que las plantas que tendr\u00e1n reparaciones se ubican: ocho en Cadereyta, cuatro en Madero, dos en Minatitl\u00e1n, cinco en Salamanca, 12 en Salina Cruz y nueve en Tula. Por lo pronto, se lleva a cabo la ejecuci\u00f3n de trabajos en 23 plantas y hasta el \u00faltimo informe se hab\u00edan concluido los trabajos en cinco de ellas. Para el 2020 se difirieron los trabajos en 17 plantas m\u00e1s, con lo que en marzo se terminar\u00edan estas obras para incrementar el proceso de crudo de Pemex, seg\u00fan los planes.<\/p>\n<p>En lo que respecta a tanques de almacenamiento, que son indispensables para la operaci\u00f3n de las refiner\u00edas, se reparar\u00e1 un total de 34 equipos de los cuales 10 se ubican en Cadereyta, seis en Minatitl\u00e1n, seis en Salamanca, siete en Salina Cruz y cinco en Tula. A partir de septiembre se ejecutan 10 trabajos y 24 m\u00e1s fueron diferidos para los primeros cuatro meses del 2020.<\/p>\n<p>El bajo proceso de aceite se dio a pesar de que el crudo que ha quedado disponible para las refiner\u00edas de Pemex despu\u00e9s de las exportaciones se increment\u00f3 en 22% de enero a la fecha, con lo que de un env\u00edo de 28% de la producci\u00f3n de crudo en el primer mes del a\u00f1o, es decir, 488,400 barriles diarios calculados luego de restar las exportaciones a la producci\u00f3n, al llegar a julio el petr\u00f3leo crudo que se qued\u00f3 para el sistema nacional de refinaci\u00f3n se increment\u00f3 a un nivel de 596,350 barriles diarios, que constituyeron el 36% de la producci\u00f3n de crudo.<\/p>\n<p><strong>Avance de inversiones<\/strong><\/p>\n<p>Ayer, el director general de Pemex, Octavio Romero Oropeza, asegur\u00f3 durante la visita del presidente Andr\u00e9s Manuel L\u00f3pez Obrador a la refiner\u00eda de Cadereyta, Nuevo Le\u00f3n, que hasta el momento se han gastado 7,841 millones de pesos en los trabajos de rehabilitaci\u00f3n del Sistema Nacional de Refinaci\u00f3n, monto que corresponde a poco menos de la mitad de los 16,124 millones de pesos que ya est\u00e1n comprometidos en contratos para estos fines, con lo que el gasto al mes de agosto es del 70% de lo presupuestado para el a\u00f1o, que son 22,905 millones de pesos, cuatro veces m\u00e1s de lo que se gastar\u00e1 este a\u00f1o en la operaci\u00f3n de las seis refiner\u00edas.<\/p>\n<p>El directivo explic\u00f3 adem\u00e1s que como parte de estos trabajos se han concluido 108 reparaciones mayores de las 134 programadas, lo que representa un avance del 81% de los trabajos contemplados para el 2020. (El Economista)<\/p>\n","protected":false},"excerpt":{"rendered":"","protected":false},"author":6,"featured_media":24205,"comment_status":"open","ping_status":"open","sticky":false,"template":"","format":"standard","meta":{"_acf_changed":false,"_monsterinsights_skip_tracking":false,"slim_seo":{"title":"Pese a gasto en rehabilitaci\u00f3n, refiner\u00edas no despegan - Opini\u00f3n P\u00fablica","description":"Ciudad de M\u00e9xico .- Aunado a que en julio lleg\u00f3 a su peor nivel de producci\u00f3n de crudo desde 1979, Petr\u00f3leos Mexicanos (Pemex) tuvo en sus seis refiner\u00edas un pr"},"footnotes":""},"categories":[9],"tags":[],"class_list":["post-24206","post","type-post","status-publish","format-standard","has-post-thumbnail","hentry","category-nacional"],"acf":[],"_links":{"self":[{"href":"https:\/\/www.opinionpublica.tv\/portada\/wp-json\/wp\/v2\/posts\/24206","targetHints":{"allow":["GET"]}}],"collection":[{"href":"https:\/\/www.opinionpublica.tv\/portada\/wp-json\/wp\/v2\/posts"}],"about":[{"href":"https:\/\/www.opinionpublica.tv\/portada\/wp-json\/wp\/v2\/types\/post"}],"author":[{"embeddable":true,"href":"https:\/\/www.opinionpublica.tv\/portada\/wp-json\/wp\/v2\/users\/6"}],"replies":[{"embeddable":true,"href":"https:\/\/www.opinionpublica.tv\/portada\/wp-json\/wp\/v2\/comments?post=24206"}],"version-history":[{"count":0,"href":"https:\/\/www.opinionpublica.tv\/portada\/wp-json\/wp\/v2\/posts\/24206\/revisions"}],"wp:featuredmedia":[{"embeddable":true,"href":"https:\/\/www.opinionpublica.tv\/portada\/wp-json\/wp\/v2\/media\/24205"}],"wp:attachment":[{"href":"https:\/\/www.opinionpublica.tv\/portada\/wp-json\/wp\/v2\/media?parent=24206"}],"wp:term":[{"taxonomy":"category","embeddable":true,"href":"https:\/\/www.opinionpublica.tv\/portada\/wp-json\/wp\/v2\/categories?post=24206"},{"taxonomy":"post_tag","embeddable":true,"href":"https:\/\/www.opinionpublica.tv\/portada\/wp-json\/wp\/v2\/tags?post=24206"}],"curies":[{"name":"wp","href":"https:\/\/api.w.org\/{rel}","templated":true}]}}