{"id":2420,"date":"2016-08-16T06:00:00","date_gmt":"2016-08-16T04:00:00","guid":{"rendered":"https:\/\/www.opinionpublica.tv\/portada\/2016\/08\/16\/aumenta-anorexia-en-ninos\/"},"modified":"2016-08-16T06:00:00","modified_gmt":"2016-08-16T04:00:00","slug":"aumenta-anorexia-en-ninos","status":"publish","type":"post","link":"https:\/\/www.opinionpublica.tv\/portada\/aumenta-anorexia-en-ninos\/","title":{"rendered":"Aumenta anorexia en ni\u00f1os"},"content":{"rendered":"<p><img fetchpriority=\"high\" decoding=\"async\" class=\" size-full wp-image-2419\" src=\"https:\/\/www.opinionpublica.tv\/portada\/wp-content\/uploads\/2016\/08\/850e17edce6779cc111d239710be36ab.jpg\" alt=\"\" width=\"633\" height=\"346\" srcset=\"https:\/\/www.opinionpublica.tv\/portada\/wp-content\/uploads\/2016\/08\/850e17edce6779cc111d239710be36ab.jpg 633w, https:\/\/www.opinionpublica.tv\/portada\/wp-content\/uploads\/2016\/08\/850e17edce6779cc111d239710be36ab-300x164.jpg 300w\" sizes=\"(max-width: 633px) 100vw, 633px\" \/><\/p>\n<p style=\"text-align: justify;\">M\u00faltiples factores\u00a0han llevado al incremento de los trastornos alimentarios en ni\u00f1os y adolescentes, afirmaron especialistas del Hospital Ju\u00e1rez de M\u00e9xico.<\/p>\n<p style=\"text-align: justify;\">Michelle Charlier, jefa de la Unidad de Salud Mental del nosocomio, se\u00f1al\u00f3 que los trastornos m\u00e1s comunes son la anorexia y la bulimia, que se presentan cada vez a edades m\u00e1s tempranas (12 a\u00f1os o menos). Antes, precis\u00f3, la mayor\u00eda de los afectados ten\u00edan alrededor de 20 a\u00f1os.<\/p>\n<p style=\"text-align: justify;\">La especialista coment\u00f3 que en los pasados cinco a\u00f1os la prevalencia de estos males aument\u00f3 entre 10 y 15 por ciento en la consulta del Hospital Ju\u00e1rez de M\u00e9xico. Al mes son atendidas en ese nosocomio 130 personas con trastornos de la alimentaci\u00f3n, incluida la obesidad.<\/p>\n<p style=\"text-align: justify;\">Fuente: La Jornada<\/p>\n","protected":false},"excerpt":{"rendered":"<p>M\u00faltiples factores\u00a0han llevado al incremento de los trastornos alimentarios en ni\u00f1os y adolescentes, afirmaron especialistas del Hospital Ju\u00e1rez de M\u00e9xico. Michelle Charlier, jefa de la Unidad de Salud Mental del nosocomio, se\u00f1al\u00f3 que los trastornos m\u00e1s comunes son la anorexia y la bulimia, que se presentan cada vez a edades m\u00e1s tempranas (12 a\u00f1os o [&hellip;]<\/p>\n","protected":false},"author":1,"featured_media":2419,"comment_status":"open","ping_status":"open","sticky":false,"template":"","format":"standard","meta":{"_acf_changed":false,"_monsterinsights_skip_tracking":false,"slim_seo":{"title":"Aumenta anorexia en ni\u00f1os - Opini\u00f3n P\u00fablica","description":"M\u00faltiples factores\u00a0han llevado al incremento de los trastornos alimentarios en ni\u00f1os y adolescentes, afirmaron especialistas del Hospital Ju\u00e1rez de M\u00e9xico. Mich"},"footnotes":""},"categories":[9],"tags":[],"class_list":["post-2420","post","type-post","status-publish","format-standard","has-post-thumbnail","hentry","category-nacional"],"acf":[],"_links":{"self":[{"href":"https:\/\/www.opinionpublica.tv\/portada\/wp-json\/wp\/v2\/posts\/2420","targetHints":{"allow":["GET"]}}],"collection":[{"href":"https:\/\/www.opinionpublica.tv\/portada\/wp-json\/wp\/v2\/posts"}],"about":[{"href":"https:\/\/www.opinionpublica.tv\/portada\/wp-json\/wp\/v2\/types\/post"}],"author":[{"embeddable":true,"href":"https:\/\/www.opinionpublica.tv\/portada\/wp-json\/wp\/v2\/users\/1"}],"replies":[{"embeddable":true,"href":"https:\/\/www.opinionpublica.tv\/portada\/wp-json\/wp\/v2\/comments?post=2420"}],"version-history":[{"count":0,"href":"https:\/\/www.opinionpublica.tv\/portada\/wp-json\/wp\/v2\/posts\/2420\/revisions"}],"wp:featuredmedia":[{"embeddable":true,"href":"https:\/\/www.opinionpublica.tv\/portada\/wp-json\/wp\/v2\/media\/2419"}],"wp:attachment":[{"href":"https:\/\/www.opinionpublica.tv\/portada\/wp-json\/wp\/v2\/media?parent=2420"}],"wp:term":[{"taxonomy":"category","embeddable":true,"href":"https:\/\/www.opinionpublica.tv\/portada\/wp-json\/wp\/v2\/categories?post=2420"},{"taxonomy":"post_tag","embeddable":true,"href":"https:\/\/www.opinionpublica.tv\/portada\/wp-json\/wp\/v2\/tags?post=2420"}],"curies":[{"name":"wp","href":"https:\/\/api.w.org\/{rel}","templated":true}]}}