{"id":24172,"date":"2020-08-27T06:00:00","date_gmt":"2020-08-27T04:00:00","guid":{"rendered":"https:\/\/www.opinionpublica.tv\/portada\/2020\/08\/27\/mal-ejemplo\/"},"modified":"2020-08-27T06:00:00","modified_gmt":"2020-08-27T04:00:00","slug":"mal-ejemplo","status":"publish","type":"post","link":"https:\/\/www.opinionpublica.tv\/portada\/mal-ejemplo\/","title":{"rendered":"Mal ejemplo"},"content":{"rendered":"<img fetchpriority=\"high\" decoding=\"async\" class=\" size-full wp-image-24171\" src=\"https:\/\/www.opinionpublica.tv\/portada\/wp-content\/uploads\/2020\/08\/02edc6d8b5b578523461acd02d5b130b.jpg\" alt=\"\" class=\"caption\" title=\"Daniel Valles.\" width=\"321\" height=\"343\" srcset=\"https:\/\/www.opinionpublica.tv\/portada\/wp-content\/uploads\/2020\/08\/02edc6d8b5b578523461acd02d5b130b.jpg 321w, https:\/\/www.opinionpublica.tv\/portada\/wp-content\/uploads\/2020\/08\/02edc6d8b5b578523461acd02d5b130b-281x300.jpg 281w\" sizes=\"(max-width: 321px) 100vw, 321px\" \/>\n<p style=\"text-align: justify;\">El presidente de la rep\u00fablica es un mal ejemplo para la gente en el pa\u00eds. No porta cubre bocas o mascarilla en lugares p\u00fablicos cuando est\u00e1 con gente.<\/p>\n<p><!--more--><\/p>\n<p style=\"text-align: justify;\">S\u00ed, est\u00e1 a la distancia requerida, pero la imagen que da, el mensaje que env\u00eda no es lo que se esperar\u00eda de un jefe de estado, del \u201cl\u00edder\u201d de una naci\u00f3n que tiene m\u00e1s de 62 mil muertos por Covid-19.<\/p>\n<p style=\"text-align: justify;\">Lo que hace provoca un efecto contrario. No ayuda para lo bueno, sino para lo malo. Es un mal ejemplo.<\/p>\n<p style=\"text-align: justify;\">El mal ejemplo cunde, como lo hace el buen ejemplo. Al que le llamamos as\u00ed, ejemplo. No se le agrega nada. Se puede decir buen ejemplo, claro.<\/p>\n<p style=\"text-align: justify;\">El mal ejemplo para definirlo tiene su nombre propio. Se llama Contra Ejemplo.<\/p>\n<p style=\"text-align: justify;\">En mi entrega de ayer le dec\u00eda que el presidente L\u00f3pez Obrador estar\u00eda hoy en Nuevo Le\u00f3n. Ah\u00ed se encuentra.<\/p>\n<p style=\"text-align: justify;\">Esta ma\u00f1ana se ha presentado a la conferencia de prensa que acostumbra, sin cubrebocas. Todo su equipo ha hecho lo mismo.<\/p>\n<p style=\"text-align: justify;\">Siguen el contraejemplo de su jefe, o saben que tendr\u00edan problema por evidenciarlo en el no uso de cubrenbocas.<\/p>\n<p style=\"text-align: justify;\">El gobernador de Nuevo Le\u00f3n, apodado \u201cEl Bronco\u201d, por supuesto que usa su cubrebocas. Es una disposici\u00f3n que su secretario de salud ha decretado en el estado para tratar de combatir el esparcimiento del Coronavirus y la gente en el estado de Nuevo Le\u00f3n siga muriendo.<\/p>\n<p style=\"text-align: justify;\">Hasta ayer eran m\u00e1s de 26 mil los muertos por Covid. Por ello, el secretario estatal de Salud, <strong>Manuel de la O Cavazos,<\/strong> ha impuesto el uso del cubrebocas para toda la poblaci\u00f3n cuando est\u00e9 en espacios p\u00fablicos<\/p>\n<p style=\"text-align: justify;\">Es una orden, un mandato, un comando de tipo civil para que toda la sociedad neoleonesa coadyuve a que la pandemia se controle, baje. Para que la gente deje de infectarse y, sobre todo, deje de morirse.<\/p>\n<p style=\"text-align: justify;\">Es un mandato oficial. El que las personas que visiten el estado tienen la obligaci\u00f3n moral y legal de portar. Es una obligaci\u00f3n. Es un deber moral<span style=\"text-decoration: line-through;\">.<\/span><\/p>\n<p style=\"text-align: justify;\">La obediencia al deber implica el resistirse a uno mismo. Quien resiste al mandato y no lo obedece no cumple con su deber. Se rebela. <strong>Es una persona rebelde.<\/strong><\/p>\n<p style=\"text-align: justify;\">El presidente de la rep\u00fablica se ha rebelado a la disposici\u00f3n oficial, al mandato que impera para todos los ciudadanos o personas que est\u00e9n en el estado de Nuevo Le\u00f3n. No es poca cosa. Tal vez para algunas personas s\u00ed lo sea. Pero no lo es. El contra ejemplo enviado da origen a patolog\u00edas que terminan en tragedias.<\/p>\n<p style=\"text-align: justify;\">Ayer afirm\u00e9 que el presidente no usar\u00eda el cubre bocas. La sab\u00eda porque tengo m\u00e1s de 20 a\u00f1os escribiendo y comentando sobre la conducta de un hombre que es rebelde por naturaleza. Por c\u00f3mo lo ha tratado la vida.<\/p>\n<p style=\"text-align: justify;\">\u201cAl diablo sus instituciones\u201d. Esa frase representa fielmente qui\u00e9n es el presidente de nosotros, los mexicanos. Eso eligieron, eso tenemos.<\/p>\n<p style=\"text-align: justify;\">Al diablo el cubre bocas. Lo puedo ver que dice.<\/p>\n<p style=\"text-align: justify;\">\u00bfPor qu\u00e9 hay mucha gente que no usa cobrebocas al salir a la calle? Porque el presidente no lo usa. Porque L\u00f3pez Gatell, tampoco. Porque los funcionarios federales cuando est\u00e1n con su jefe, no lo usan. S\u00f3lo cuando est\u00e1 lejos de \u00e9l, de manera farisaica s\u00ed lo llevan puesto en eventos p\u00fablicos.<\/p>\n<p style=\"text-align: justify;\"><strong>Todo ente es un ejemplo y todo ejemplo es ejemplo de algo.<\/strong><\/p>\n<p style=\"text-align: justify;\">En el ejemplo est\u00e1 el modelo, la regla, la norma y la ley que ilumina el ejemplo emp\u00edrico y lo dota de significado humana. Sin ello no ser\u00eda ejemplo, sino solo un caso fortuito y arbitrario.<\/p>\n<p style=\"text-align: justify;\"><strong>El ejemplo es \u201ctransitivo\u201d. <\/strong><\/p>\n<p style=\"text-align: justify;\">Su esencia es se\u00f1alar hacia una regla \u2013ejemplar- que le trasciende. Por lo mismo decimos que El ejemplo arrasa. Porque pasa de una persona a otra. De una generaci\u00f3n a otra. Es pues transitivo.<\/p>\n<p style=\"text-align: justify;\">No es un teorema matem\u00e1tico. Es un \u201cprecipitado\u201d hist\u00f3rico. Se hace o se dice con mucha prisa.<\/p>\n<p style=\"text-align: justify;\"><strong>El ejemplo es una bella obra de arte y de acuerdo a Kant, es arte del genio.<\/strong><\/p>\n<p style=\"text-align: justify;\">Es la originalidad ejemplar del genio. Quien produce una obra \u00fanica, irrepetible y nueva en la que brilla una regla universal no enunciable en conceptos que tiende a ser aceptada por los dem\u00e1s. Por la generalidad. Dando inicio a lo que se conoce como Excelencia.<\/p>\n<p style=\"text-align: justify;\">Esa caracter\u00edstica de la que tantas personas hablan, pero que pocas describen. Dejan el concepto en el aire y no se entiende a cabalidad. No ejerce su influencia.<\/p>\n<p style=\"text-align: justify;\">El espacio p\u00fablico suele estar ocupado por figuras populares que son ejemplos sin ejemplaridad. Sin excelencia. Como los asaltantes, los narcos de los corridos, como figuras del espect\u00e1culo cuyas vidas son escandalosas a m\u00e1s no poder.<\/p>\n<p style=\"text-align: justify;\">Fil\u00f3sofos con ideas e ideolog\u00edas perniciosas. Y algunas personas catalogadas de intelectuales que da a conocer estas filosof\u00edas.<\/p>\n<p style=\"text-align: justify;\">Crean una ejemplaridad ling\u00fc\u00edstica, que es una ejemplaridad abstracta que deja que lo m\u00e1s verdadero de ella, el cuerpo pre\u00f1ado de ley moral- se evapore y se pierda en el \u00e9ter de los conceptos.<\/p>\n<p style=\"text-align: justify;\">Esencia que hace distinci\u00f3n entre ejemplo y ejemplaridad. Cuando el ejemplo est\u00e1 privado del valor de la ejemplaridad, se toma antiejemplo o contraejemplo y una ejemplaridad sin ejemplo de disuelve en discurso y ruido de palabras.<\/p>\n<p style=\"text-align: justify;\"><strong>\u00abLa desobediencia a los deberes morales es el mal\u00bb.<\/strong> Escribi\u00f3 Alfonso Reyes. Escritor de la Cartilla Moral. P-56.<\/p>\n<p style=\"text-align: justify;\">AMLO, promotor de la cartilla de Reyes, ser\u00eda catalogado por Reyes como malvado, por no usar cubrebocas donde se exige por disposici\u00f3n oficial<\/p>\n<p style=\"text-align: justify;\">Provoca lo mismo, pero negativo. Que se imite. De ah\u00ed surgen los asaltos, como los de la Casa de Moneda, en la CDMX, El Banco Argentino o El tiroteo en Walmart en el Paso, TX. O el que no se use cubre bocas, como L\u00f3pez Obrador, presidente de M\u00e9xico que con su contra ejemplo logra que la pandemia contin\u00fae, Y ah\u00ed, El Meollo del Asunto.<\/p>\n","protected":false},"excerpt":{"rendered":"<p>El presidente de la rep\u00fablica es un mal ejemplo para la gente en el pa\u00eds. No porta cubre bocas o mascarilla en lugares p\u00fablicos cuando est\u00e1 con gente.<\/p>\n","protected":false},"author":6,"featured_media":24171,"comment_status":"open","ping_status":"open","sticky":false,"template":"","format":"standard","meta":{"_acf_changed":false,"_monsterinsights_skip_tracking":false,"slim_seo":{"title":"Mal ejemplo - Opini\u00f3n P\u00fablica","description":"El presidente de la rep\u00fablica es un mal ejemplo para la gente en el pa\u00eds. No porta cubre bocas o mascarilla en lugares p\u00fablicos cuando est\u00e1 con gente. S\u00ed, est\u00e1"},"footnotes":""},"categories":[16],"tags":[],"class_list":["post-24172","post","type-post","status-publish","format-standard","has-post-thumbnail","hentry","category-el-meollo-del-asunto"],"acf":[],"_links":{"self":[{"href":"https:\/\/www.opinionpublica.tv\/portada\/wp-json\/wp\/v2\/posts\/24172","targetHints":{"allow":["GET"]}}],"collection":[{"href":"https:\/\/www.opinionpublica.tv\/portada\/wp-json\/wp\/v2\/posts"}],"about":[{"href":"https:\/\/www.opinionpublica.tv\/portada\/wp-json\/wp\/v2\/types\/post"}],"author":[{"embeddable":true,"href":"https:\/\/www.opinionpublica.tv\/portada\/wp-json\/wp\/v2\/users\/6"}],"replies":[{"embeddable":true,"href":"https:\/\/www.opinionpublica.tv\/portada\/wp-json\/wp\/v2\/comments?post=24172"}],"version-history":[{"count":0,"href":"https:\/\/www.opinionpublica.tv\/portada\/wp-json\/wp\/v2\/posts\/24172\/revisions"}],"wp:featuredmedia":[{"embeddable":true,"href":"https:\/\/www.opinionpublica.tv\/portada\/wp-json\/wp\/v2\/media\/24171"}],"wp:attachment":[{"href":"https:\/\/www.opinionpublica.tv\/portada\/wp-json\/wp\/v2\/media?parent=24172"}],"wp:term":[{"taxonomy":"category","embeddable":true,"href":"https:\/\/www.opinionpublica.tv\/portada\/wp-json\/wp\/v2\/categories?post=24172"},{"taxonomy":"post_tag","embeddable":true,"href":"https:\/\/www.opinionpublica.tv\/portada\/wp-json\/wp\/v2\/tags?post=24172"}],"curies":[{"name":"wp","href":"https:\/\/api.w.org\/{rel}","templated":true}]}}