{"id":24,"date":"2016-07-13T00:00:00","date_gmt":"2016-07-12T22:00:00","guid":{"rendered":"https:\/\/www.opinionpublica.tv\/portada\/2016\/07\/13\/amenaza-de-quintero-no-es-la-primera-ni-la-ultima-fiscal\/"},"modified":"2016-07-13T00:00:00","modified_gmt":"2016-07-12T22:00:00","slug":"amenaza-de-quintero-no-es-la-primera-ni-la-ultima-fiscal","status":"publish","type":"post","link":"https:\/\/www.opinionpublica.tv\/portada\/amenaza-de-quintero-no-es-la-primera-ni-la-ultima-fiscal\/","title":{"rendered":"Amenaza de Quintero \u201cNo es la primera ni la \u00faltima\u201d: Fiscal"},"content":{"rendered":"<p><img fetchpriority=\"high\" decoding=\"async\" class=\" size-full wp-image-23\" src=\"https:\/\/www.opinionpublica.tv\/portada\/wp-content\/uploads\/2016\/07\/aee44fc32e47f07b5fe3050745ad94ac.jpg\" alt=\"\" width=\"590\" height=\"377\" srcset=\"https:\/\/www.opinionpublica.tv\/portada\/wp-content\/uploads\/2016\/07\/aee44fc32e47f07b5fe3050745ad94ac.jpg 590w, https:\/\/www.opinionpublica.tv\/portada\/wp-content\/uploads\/2016\/07\/aee44fc32e47f07b5fe3050745ad94ac-300x192.jpg 300w\" sizes=\"(max-width: 590px) 100vw, 590px\" \/><\/p>\n<p style=\"text-align: justify;\">El Fiscal General, Jorge Gonz\u00e1lez Nicol\u00e1s, inform\u00f3 que ha sido cuestionado por dar a conocer la llegada de Caro Quintero al estado, de quien recibi\u00f3 una manta amenaz\u00e1ndolo; amenaza ante la cual dijo no tener miedo, pues no es la primera con su nombre, ni la \u00faltima.<\/p>\n<p style=\"text-align: justify;\">\u201cEl Fiscal del General del Estado no se asust\u00f3 en los momentos m\u00e1s dif\u00edciles, ni con amenazas m\u00e1s fuertes, y de ninguna manera va a significar ni un mil\u00edmetro para atr\u00e1s, ni de detenernos con nuestras responsabilidades, seguir defendiendo hasta el \u00faltimo d\u00eda de nuestra administraci\u00f3n\u201d, expres\u00f3.<\/p>\n<p style=\"text-align: justify;\">Y es que en d\u00edas recientes el Fiscal revel\u00f3 que el repunte de violencia surgi\u00f3 en la pr\u00f3xima llegada de Caro Quintero que se encuentra en busca de la plaza de Chihuahua.<\/p>\n<p style=\"text-align: justify;\">Por su parte Gonz\u00e1lez Nicol\u00e1s a\u00f1adi\u00f3 que esta forma parte de 35 amenazas, desde llamadas, mensajes, mantas, en lo largo de seis a\u00f1os, algunas m\u00e1s fuertes por lo que no es algo que le atemoriza.<\/p>\n<p style=\"text-align: justify;\">De igual manera destac\u00f3 que ya llevan a cabo labores de investigaci\u00f3n para saber el origen de la manta, as\u00ed como de la persona que la coloc\u00f3 y elabor\u00f3.<\/p>\n","protected":false},"excerpt":{"rendered":"<p>El Fiscal General, Jorge Gonz\u00e1lez Nicol\u00e1s, inform\u00f3 que ha sido cuestionado por dar a conocer la llegada de Caro Quintero al estado, de quien recibi\u00f3 una manta amenaz\u00e1ndolo; amenaza ante la cual dijo no tener miedo, pues no es la primera con su nombre, ni la \u00faltima. \u201cEl Fiscal del General del Estado no se [&hellip;]<\/p>\n","protected":false},"author":2,"featured_media":23,"comment_status":"open","ping_status":"open","sticky":false,"template":"","format":"standard","meta":{"_acf_changed":false,"_monsterinsights_skip_tracking":false,"slim_seo":{"title":"Amenaza de Quintero \u201cNo es la primera ni la \u00faltima\u201d: Fiscal - Opini\u00f3n P\u00fablica","description":"El Fiscal General, Jorge Gonz\u00e1lez Nicol\u00e1s, inform\u00f3 que ha sido cuestionado por dar a conocer la llegada de Caro Quintero al estado, de quien recibi\u00f3 una manta a"},"footnotes":""},"categories":[4],"tags":[],"class_list":["post-24","post","type-post","status-publish","format-standard","has-post-thumbnail","hentry","category-pulsopolitico"],"acf":[],"_links":{"self":[{"href":"https:\/\/www.opinionpublica.tv\/portada\/wp-json\/wp\/v2\/posts\/24","targetHints":{"allow":["GET"]}}],"collection":[{"href":"https:\/\/www.opinionpublica.tv\/portada\/wp-json\/wp\/v2\/posts"}],"about":[{"href":"https:\/\/www.opinionpublica.tv\/portada\/wp-json\/wp\/v2\/types\/post"}],"author":[{"embeddable":true,"href":"https:\/\/www.opinionpublica.tv\/portada\/wp-json\/wp\/v2\/users\/2"}],"replies":[{"embeddable":true,"href":"https:\/\/www.opinionpublica.tv\/portada\/wp-json\/wp\/v2\/comments?post=24"}],"version-history":[{"count":0,"href":"https:\/\/www.opinionpublica.tv\/portada\/wp-json\/wp\/v2\/posts\/24\/revisions"}],"wp:featuredmedia":[{"embeddable":true,"href":"https:\/\/www.opinionpublica.tv\/portada\/wp-json\/wp\/v2\/media\/23"}],"wp:attachment":[{"href":"https:\/\/www.opinionpublica.tv\/portada\/wp-json\/wp\/v2\/media?parent=24"}],"wp:term":[{"taxonomy":"category","embeddable":true,"href":"https:\/\/www.opinionpublica.tv\/portada\/wp-json\/wp\/v2\/categories?post=24"},{"taxonomy":"post_tag","embeddable":true,"href":"https:\/\/www.opinionpublica.tv\/portada\/wp-json\/wp\/v2\/tags?post=24"}],"curies":[{"name":"wp","href":"https:\/\/api.w.org\/{rel}","templated":true}]}}