{"id":23906,"date":"2020-08-02T06:00:00","date_gmt":"2020-08-02T04:00:00","guid":{"rendered":"https:\/\/www.opinionpublica.tv\/portada\/2020\/08\/02\/video-conoce-los-beneficios-de-comer-avena-todos-los-dias\/"},"modified":"2020-08-02T06:00:00","modified_gmt":"2020-08-02T04:00:00","slug":"video-conoce-los-beneficios-de-comer-avena-todos-los-dias","status":"publish","type":"post","link":"https:\/\/www.opinionpublica.tv\/portada\/video-conoce-los-beneficios-de-comer-avena-todos-los-dias\/","title":{"rendered":"Video: Conoce los beneficios de comer avena todos los d\u00edas"},"content":{"rendered":"<p><img fetchpriority=\"high\" decoding=\"async\" class=\" size-full wp-image-23905\" src=\"https:\/\/www.opinionpublica.tv\/portada\/wp-content\/uploads\/2020\/08\/7a6d3afcc16488682d782b5f565dd2b8.jpg\" alt=\"\" width=\"536\" height=\"306\" srcset=\"https:\/\/www.opinionpublica.tv\/portada\/wp-content\/uploads\/2020\/08\/7a6d3afcc16488682d782b5f565dd2b8.jpg 536w, https:\/\/www.opinionpublica.tv\/portada\/wp-content\/uploads\/2020\/08\/7a6d3afcc16488682d782b5f565dd2b8-300x171.jpg 300w\" sizes=\"(max-width: 536px) 100vw, 536px\" \/><br \/>\n<!--more--><\/p>\n<p>Dicen que el desayuno es la comida m\u00e1s importante del d\u00eda. Y eso puede parecer un clich\u00e9, pero de hecho, esto ha sido confirmado por m\u00e9dicos y nutricionistas.<\/p>\n<div class=\"k2_video\"><a href=\"https:\/\/www.youtube.com\/watch?v=V7nPmvMzxj0\">https:\/\/www.youtube.com\/watch?v=V7nPmvMzxj0<\/a>\n<\/div>\n","protected":false},"excerpt":{"rendered":"","protected":false},"author":6,"featured_media":23905,"comment_status":"open","ping_status":"open","sticky":false,"template":"","format":"standard","meta":{"_acf_changed":false,"_monsterinsights_skip_tracking":false,"slim_seo":{"title":"Video: Conoce los beneficios de comer avena todos los d\u00edas - Opini\u00f3n P\u00fablica","description":"Dicen que el desayuno es la comida m\u00e1s importante del d\u00eda. Y eso puede parecer un clich\u00e9, pero de hecho, esto ha sido confirmado por m\u00e9dicos y nutricionistas."},"footnotes":""},"categories":[13],"tags":[],"class_list":["post-23906","post","type-post","status-publish","format-standard","has-post-thumbnail","hentry","category-videos-destacados-contenido"],"acf":[],"_links":{"self":[{"href":"https:\/\/www.opinionpublica.tv\/portada\/wp-json\/wp\/v2\/posts\/23906","targetHints":{"allow":["GET"]}}],"collection":[{"href":"https:\/\/www.opinionpublica.tv\/portada\/wp-json\/wp\/v2\/posts"}],"about":[{"href":"https:\/\/www.opinionpublica.tv\/portada\/wp-json\/wp\/v2\/types\/post"}],"author":[{"embeddable":true,"href":"https:\/\/www.opinionpublica.tv\/portada\/wp-json\/wp\/v2\/users\/6"}],"replies":[{"embeddable":true,"href":"https:\/\/www.opinionpublica.tv\/portada\/wp-json\/wp\/v2\/comments?post=23906"}],"version-history":[{"count":0,"href":"https:\/\/www.opinionpublica.tv\/portada\/wp-json\/wp\/v2\/posts\/23906\/revisions"}],"wp:featuredmedia":[{"embeddable":true,"href":"https:\/\/www.opinionpublica.tv\/portada\/wp-json\/wp\/v2\/media\/23905"}],"wp:attachment":[{"href":"https:\/\/www.opinionpublica.tv\/portada\/wp-json\/wp\/v2\/media?parent=23906"}],"wp:term":[{"taxonomy":"category","embeddable":true,"href":"https:\/\/www.opinionpublica.tv\/portada\/wp-json\/wp\/v2\/categories?post=23906"},{"taxonomy":"post_tag","embeddable":true,"href":"https:\/\/www.opinionpublica.tv\/portada\/wp-json\/wp\/v2\/tags?post=23906"}],"curies":[{"name":"wp","href":"https:\/\/api.w.org\/{rel}","templated":true}]}}