{"id":23902,"date":"2020-08-02T06:00:00","date_gmt":"2020-08-02T04:00:00","guid":{"rendered":"https:\/\/www.opinionpublica.tv\/portada\/2020\/08\/02\/cae-en-operativo-el-marro-lider-del-cartel-de-santa-rosa-de-lima\/"},"modified":"2020-08-02T06:00:00","modified_gmt":"2020-08-02T04:00:00","slug":"cae-en-operativo-el-marro-lider-del-cartel-de-santa-rosa-de-lima","status":"publish","type":"post","link":"https:\/\/www.opinionpublica.tv\/portada\/cae-en-operativo-el-marro-lider-del-cartel-de-santa-rosa-de-lima\/","title":{"rendered":"Cae en operativo \u2018El Marro\u2019, l\u00edder del c\u00e1rtel de Santa Rosa de Lima en Guanajuato"},"content":{"rendered":"<p><img fetchpriority=\"high\" decoding=\"async\" class=\" size-full wp-image-23901\" src=\"https:\/\/www.opinionpublica.tv\/portada\/wp-content\/uploads\/2020\/08\/b5468ef4112aa67413afb7f401089cec.jpg\" alt=\"\" class=\"caption\" title=\"Jos\u00e9 Antonio Y\u00e9pez, alias \u2018El Marro\u2019, l\u00edder del c\u00e1rtel de Santa Rosa de Lima.\" width=\"1200\" height=\"600\" srcset=\"https:\/\/www.opinionpublica.tv\/portada\/wp-content\/uploads\/2020\/08\/b5468ef4112aa67413afb7f401089cec.jpg 1200w, https:\/\/www.opinionpublica.tv\/portada\/wp-content\/uploads\/2020\/08\/b5468ef4112aa67413afb7f401089cec-300x150.jpg 300w, https:\/\/www.opinionpublica.tv\/portada\/wp-content\/uploads\/2020\/08\/b5468ef4112aa67413afb7f401089cec-1024x512.jpg 1024w, https:\/\/www.opinionpublica.tv\/portada\/wp-content\/uploads\/2020\/08\/b5468ef4112aa67413afb7f401089cec-768x384.jpg 768w\" sizes=\"(max-width: 1200px) 100vw, 1200px\" \/><br \/>\n<!--more--><\/p>\n<p><em>Guanajuato, Gto<\/em>.- La madrugada de este domingo, en Guanajuato, fue capturado el l\u00edder del c\u00e1rtel de Santa Rosa de Lima, Jos\u00e9 Antonio Y\u00e9pez, alias \u2018El Marro\u2019, esto tras un fuerte operativo implementado por elementos del ej\u00e9rcito mexicano y autoridades del gobierno local encabezado por el gobernador Diego Sinhue Rodr\u00edguez Vallejo, quien fue el encargado de informar la captura del narcotraficante.<\/p>\n<p>\u00abQuiero informarles que esta madrugada en un operativo conjunto entre Fuerzas Estatales y Federales fue detenido el principal l\u00edder de un grupo criminal que operaba en la regi\u00f3n Laja-Baj\u00edo del Estado de Guanajuato\u201d, escribi\u00f3 Sinhue Vallejo en redes sociales.<\/p>\n<blockquote class=\"twitter-tweet\">\n<p dir=\"ltr\" lang=\"es\">Quiero informarles que esta madrugada en un operativo conjunto entre Fuerzas Estatales y Federales fue detenido el principal l\u00edder de un grupo criminal que operaba en la regi\u00f3n Laja-Baj\u00edo del Estado de Guanajuato. <a href=\"https:\/\/t.co\/V1HmCQXPrh\">pic.twitter.com\/V1HmCQXPrh<\/a><\/p>\n<p>\u2014 Diego Sinhue Rodr\u00edguez Vallejo (@diegosinhue) <a href=\"https:\/\/twitter.com\/diegosinhue\/status\/1289902364233576449?ref_src=twsrc%5Etfw\">August 2, 2020<\/a><\/p><\/blockquote>\n<p><strong>&#8216;El Marro&#8217; ser\u00e1 enviado al Cefereso del Altiplano<\/strong><\/p>\n<p>Asimismo la Secretar\u00eda de Seguridad P\u00fablica emiti\u00f3 un comunicado en el que se explica que en el operativo participaron elementos de la Sedena, en conjunci\u00f3n con la Fiscal\u00eda General de Guanajuato, as\u00ed como elementos de Seguridad P\u00fablica.<\/p>\n<p>\u201cEn operativo conjunto de las fuerzas federales, encabezadas por el ej\u00e9rcito mexicano y las autoridades estatales, de la Secretar\u00eda de Seguridad P\u00fablica del Estado y la Fiscal\u00eda General del Estado; se logr\u00f3 rescatar a una empresaria original de Apaseo El Alto, mantenida en cautiverio en un domicilio y se logra la detenci\u00f3n de Jos\u00e9 Antonio Y\u00e9pez Ortiz alias \u2018El Marro\u2019 y 5 personas m\u00e1s, asegur\u00e1ndoles un arsenal\u201d. describe la Secretar\u00eda.<\/p>\n<blockquote class=\"twitter-tweet\">\n<p dir=\"ltr\" lang=\"es\">Hoy en la madrugada, en una acci\u00f3n encabezada por el Ej\u00e9rcito Mexicano y apoyada por la <a href=\"https:\/\/twitter.com\/FGEGUANAJUATO?ref_src=twsrc%5Etfw\">@FGEGUANAJUATO<\/a>, fue detenido Jos\u00e9 Antonio \u201cN\u201d, tambi\u00e9n conocido como \u201cEl Marro\u201d. En este momento se encuentra a disposici\u00f3n de la autoridad judicial local. 1\/3<\/p>\n<p>\u2014 Alfonso Durazo (@AlfonsoDurazo) <a href=\"https:\/\/twitter.com\/AlfonsoDurazo\/status\/1289907124303048705?ref_src=twsrc%5Etfw\">August 2, 2020<\/a><\/p><\/blockquote>\n<p>Instantes m\u00e1s tarde, el secretario de Seguridad, Alfonso Durazo, fue el encargado de confirmar la detenci\u00f3n del \u2018Marro\u2019 confirmando su traslado al CEFERESO del Altiplano para ponerlo a disposici\u00f3n del juez federal que dict\u00f3 la orden de aprehensi\u00f3n. (Publimetro)<\/p>\n","protected":false},"excerpt":{"rendered":"","protected":false},"author":6,"featured_media":23901,"comment_status":"open","ping_status":"open","sticky":false,"template":"","format":"standard","meta":{"_acf_changed":false,"_monsterinsights_skip_tracking":false,"slim_seo":{"title":"Cae en operativo \u2018El Marro\u2019, l\u00edder del c\u00e1rtel de Santa Rosa de Lima en Guanajuato - Opini\u00f3n P\u00fablica","description":"Guanajuato, Gto .- La madrugada de este domingo, en Guanajuato, fue capturado el l\u00edder del c\u00e1rtel de Santa Rosa de Lima, Jos\u00e9 Antonio Y\u00e9pez, alias \u2018El Marro\u2019, e"},"footnotes":""},"categories":[3],"tags":[],"class_list":["post-23902","post","type-post","status-publish","format-standard","has-post-thumbnail","hentry","category-principal"],"acf":[],"_links":{"self":[{"href":"https:\/\/www.opinionpublica.tv\/portada\/wp-json\/wp\/v2\/posts\/23902","targetHints":{"allow":["GET"]}}],"collection":[{"href":"https:\/\/www.opinionpublica.tv\/portada\/wp-json\/wp\/v2\/posts"}],"about":[{"href":"https:\/\/www.opinionpublica.tv\/portada\/wp-json\/wp\/v2\/types\/post"}],"author":[{"embeddable":true,"href":"https:\/\/www.opinionpublica.tv\/portada\/wp-json\/wp\/v2\/users\/6"}],"replies":[{"embeddable":true,"href":"https:\/\/www.opinionpublica.tv\/portada\/wp-json\/wp\/v2\/comments?post=23902"}],"version-history":[{"count":0,"href":"https:\/\/www.opinionpublica.tv\/portada\/wp-json\/wp\/v2\/posts\/23902\/revisions"}],"wp:featuredmedia":[{"embeddable":true,"href":"https:\/\/www.opinionpublica.tv\/portada\/wp-json\/wp\/v2\/media\/23901"}],"wp:attachment":[{"href":"https:\/\/www.opinionpublica.tv\/portada\/wp-json\/wp\/v2\/media?parent=23902"}],"wp:term":[{"taxonomy":"category","embeddable":true,"href":"https:\/\/www.opinionpublica.tv\/portada\/wp-json\/wp\/v2\/categories?post=23902"},{"taxonomy":"post_tag","embeddable":true,"href":"https:\/\/www.opinionpublica.tv\/portada\/wp-json\/wp\/v2\/tags?post=23902"}],"curies":[{"name":"wp","href":"https:\/\/api.w.org\/{rel}","templated":true}]}}