{"id":23824,"date":"2020-07-20T06:00:00","date_gmt":"2020-07-20T04:00:00","guid":{"rendered":"https:\/\/www.opinionpublica.tv\/portada\/2020\/07\/20\/reporta-durazo-baja-en-homicidios-pero-reconoce-peligroso-aumento-en-feminicidios\/"},"modified":"2020-07-20T06:00:00","modified_gmt":"2020-07-20T04:00:00","slug":"reporta-durazo-baja-en-homicidios-pero-reconoce-peligroso-aumento-en-feminicidios","status":"publish","type":"post","link":"https:\/\/www.opinionpublica.tv\/portada\/reporta-durazo-baja-en-homicidios-pero-reconoce-peligroso-aumento-en-feminicidios\/","title":{"rendered":"Reporta Durazo baja en homicidios, pero reconoce peligroso aumento en feminicidios"},"content":{"rendered":"<p><img fetchpriority=\"high\" decoding=\"async\" class=\" size-full wp-image-23823\" src=\"https:\/\/www.opinionpublica.tv\/portada\/wp-content\/uploads\/2020\/07\/9e225c898e30b25cb6cf7596e39bfcab.jpg\" alt=\"\" class=\"caption\" title=\"Alfonso Durazo, secretario de Seguridad P\u00fablica y el presidente  L\u00f3pez Obrador.\" width=\"870\" height=\"522\" srcset=\"https:\/\/www.opinionpublica.tv\/portada\/wp-content\/uploads\/2020\/07\/9e225c898e30b25cb6cf7596e39bfcab.jpg 870w, https:\/\/www.opinionpublica.tv\/portada\/wp-content\/uploads\/2020\/07\/9e225c898e30b25cb6cf7596e39bfcab-300x180.jpg 300w, https:\/\/www.opinionpublica.tv\/portada\/wp-content\/uploads\/2020\/07\/9e225c898e30b25cb6cf7596e39bfcab-768x461.jpg 768w\" sizes=\"(max-width: 870px) 100vw, 870px\" \/><br \/>\n<!--more--><\/p>\n<p style=\"text-align: justify;\"><em>Ciudad de M\u00e9xico<\/em>.- El secretario de\u00a0Seguridad\u00a0P\u00fablica, Alfonso Durazo Monta\u00f1o, inform\u00f3 este lunes que el primer semestre del a\u00f1o, registr\u00f3 una baja en la comisi\u00f3n de homicidios, que fij\u00f3 en 0.8% menos en relaci\u00f3n con el primer semestre del a\u00f1o anterior.<\/p>\n<p style=\"text-align: justify;\">No obstante, el mismo semestre registr\u00f3 un incremento de 7.7% en la comisi\u00f3n de feminicidios, con los niveles m\u00e1s violentos para las mujeres en el Estado de M\u00e9xico, Veracruz, Ciudad de M\u00e9xico, Puebla y Nuevo Le\u00f3n.<\/p>\n<p style=\"text-align: justify;\">En la conferencia de prensa matutina presidencial, celebrada en Palacio Nacional, Durazo Monta\u00f1o present\u00f3 su informe mensual, en el que sostuvo que la reducci\u00f3n mencionada en la incidencia de homicidios, se registr\u00f3 entre marzo y junio.<\/p>\n<p style=\"text-align: justify;\">El per\u00edodo de reducci\u00f3n mencionado por el funcionario, corresponde pues, a los meses de aislamiento social como parte de las medidas para atender la pandemia por coronavirus.<\/p>\n<p style=\"text-align: justify;\">Los datos globales del semestre, fueron expuestos por el funcionario con la localizaci\u00f3n regional de mayor incidencia, por ejemplo, indicando como zona de alta incidencia Cajeme, Guaymas y Empalme en Sonora; el estado de Guanajuato y municipios con Solidaridad, en Guerrero. Adem\u00e1s, de Zamora y Morelia, Michoac\u00e1n, as\u00ed como Chihuahua.<\/p>\n<p style=\"text-align: justify;\">Alfonso Durazo destac\u00f3 como \u201cun avance importante\u201d, la disminuci\u00f3n de la incidencia en homicidios a pesar de los episodios de alto impacto, en Ciudad Ju\u00e1rez y Celaya.<\/p>\n<p style=\"text-align: justify;\">Entre los indicadores presentados en la conferencia de prensa, en la que estuvo presente el gabinete de seguridad, se expuso tambi\u00e9n una disminuci\u00f3n, en las diferentes modalidades de robo, secuestro, extorsi\u00f3n, entre otros. (Proceso)<\/p>\n","protected":false},"excerpt":{"rendered":"","protected":false},"author":6,"featured_media":23823,"comment_status":"open","ping_status":"open","sticky":false,"template":"","format":"standard","meta":{"_acf_changed":false,"_monsterinsights_skip_tracking":false,"slim_seo":{"title":"Reporta Durazo baja en homicidios, pero reconoce peligroso aumento en feminicidios - Opini\u00f3n P\u00fablica","description":"Ciudad de M\u00e9xico .- El secretario de\u00a0Seguridad\u00a0P\u00fablica, Alfonso Durazo Monta\u00f1o, inform\u00f3 este lunes que el primer semestre del a\u00f1o, registr\u00f3 una baja en la comis"},"footnotes":""},"categories":[3],"tags":[],"class_list":["post-23824","post","type-post","status-publish","format-standard","has-post-thumbnail","hentry","category-principal"],"acf":[],"_links":{"self":[{"href":"https:\/\/www.opinionpublica.tv\/portada\/wp-json\/wp\/v2\/posts\/23824","targetHints":{"allow":["GET"]}}],"collection":[{"href":"https:\/\/www.opinionpublica.tv\/portada\/wp-json\/wp\/v2\/posts"}],"about":[{"href":"https:\/\/www.opinionpublica.tv\/portada\/wp-json\/wp\/v2\/types\/post"}],"author":[{"embeddable":true,"href":"https:\/\/www.opinionpublica.tv\/portada\/wp-json\/wp\/v2\/users\/6"}],"replies":[{"embeddable":true,"href":"https:\/\/www.opinionpublica.tv\/portada\/wp-json\/wp\/v2\/comments?post=23824"}],"version-history":[{"count":0,"href":"https:\/\/www.opinionpublica.tv\/portada\/wp-json\/wp\/v2\/posts\/23824\/revisions"}],"wp:featuredmedia":[{"embeddable":true,"href":"https:\/\/www.opinionpublica.tv\/portada\/wp-json\/wp\/v2\/media\/23823"}],"wp:attachment":[{"href":"https:\/\/www.opinionpublica.tv\/portada\/wp-json\/wp\/v2\/media?parent=23824"}],"wp:term":[{"taxonomy":"category","embeddable":true,"href":"https:\/\/www.opinionpublica.tv\/portada\/wp-json\/wp\/v2\/categories?post=23824"},{"taxonomy":"post_tag","embeddable":true,"href":"https:\/\/www.opinionpublica.tv\/portada\/wp-json\/wp\/v2\/tags?post=23824"}],"curies":[{"name":"wp","href":"https:\/\/api.w.org\/{rel}","templated":true}]}}