{"id":23551,"date":"2020-06-13T06:00:00","date_gmt":"2020-06-13T04:00:00","guid":{"rendered":"https:\/\/www.opinionpublica.tv\/portada\/2020\/06\/13\/suman-mas-de-115-mil-muertos-por-coronavirus-en-eu\/"},"modified":"2020-06-13T06:00:00","modified_gmt":"2020-06-13T04:00:00","slug":"suman-mas-de-115-mil-muertos-por-coronavirus-en-eu","status":"publish","type":"post","link":"https:\/\/www.opinionpublica.tv\/portada\/suman-mas-de-115-mil-muertos-por-coronavirus-en-eu\/","title":{"rendered":"Ya son m\u00e1s de 115 mil muertos por Covid-19 en EU"},"content":{"rendered":"<p><img fetchpriority=\"high\" decoding=\"async\" class=\" size-full wp-image-23550\" src=\"https:\/\/www.opinionpublica.tv\/portada\/wp-content\/uploads\/2020\/06\/47f298eadf849abac2e6fc081a249755.jpg\" alt=\"\" class=\"caption\" title=\"Estados Unidos tiene el mayor n\u00famero de casos y muertes por coronavirus en todo el mundo.\" width=\"524\" height=\"290\" srcset=\"https:\/\/www.opinionpublica.tv\/portada\/wp-content\/uploads\/2020\/06\/47f298eadf849abac2e6fc081a249755.jpg 524w, https:\/\/www.opinionpublica.tv\/portada\/wp-content\/uploads\/2020\/06\/47f298eadf849abac2e6fc081a249755-300x166.jpg 300w\" sizes=\"(max-width: 524px) 100vw, 524px\" \/><br \/>\n<!--more--><\/p>\n<p style=\"text-align: justify;\"><em>Miami, Florida, EU<\/em>.- Estados Unidos registr\u00f3 839 muertes relacionadas con el coronavirus este viernes, elevando a m\u00e1s de 115 mil el n\u00famero de fallecimientos en el pa\u00eds, seg\u00fan el observatorio de la universidad Johns Hopkins.<\/p>\n<p style=\"text-align: justify;\">Estados Unidos es el pa\u00eds con mayor n\u00famero de contagios y de fallecimientos causados por el coronavirus en el mundo.<\/p>\n<p style=\"text-align: justify;\">En lo relativo al n\u00famero de casos, Estados Unidos super\u00f3 la marca de los 2 millones de casos el mi\u00e9rcoles de esta semana y desde entonces ha a\u00f1adido m\u00e1s de 44 mil nuevos casos. Algunos estados, como Florida, est\u00e1n reportando n\u00fameros r\u00e9cords de nuevos contagios, semanas despu\u00e9s de iniciar el proceso de reapertura.<\/p>\n<p style=\"text-align: justify;\">A pesar de las medidas tomadas para frenar la expansi\u00f3n del virus, el n\u00famero de contagios sigue manteniendo un ritmo sostenido, de aproximadamente 20,000 nuevos casos diarios, seg\u00fan reporta AFP.<\/p>\n<p style=\"text-align: justify;\">El doctor Fauci, el epidemi\u00f3logo m\u00e1s reconocido del pa\u00eds, se mostr\u00f3 hoy preocupado por el creciente n\u00famero de hospitalizaciones que se han registrado en varios estados durante los \u00faltimos d\u00edas.<\/p>\n","protected":false},"excerpt":{"rendered":"","protected":false},"author":6,"featured_media":23550,"comment_status":"open","ping_status":"open","sticky":false,"template":"","format":"standard","meta":{"_acf_changed":false,"_monsterinsights_skip_tracking":false,"slim_seo":{"title":"Ya son m\u00e1s de 115 mil muertos por Covid-19 en EU - Opini\u00f3n P\u00fablica","description":"Miami, Florida, EU .- Estados Unidos registr\u00f3 839 muertes relacionadas con el coronavirus este viernes, elevando a m\u00e1s de 115 mil el n\u00famero de fallecimientos en"},"footnotes":""},"categories":[24],"tags":[],"class_list":["post-23551","post","type-post","status-publish","format-standard","has-post-thumbnail","hentry","category-estados-unidos"],"acf":[],"_links":{"self":[{"href":"https:\/\/www.opinionpublica.tv\/portada\/wp-json\/wp\/v2\/posts\/23551","targetHints":{"allow":["GET"]}}],"collection":[{"href":"https:\/\/www.opinionpublica.tv\/portada\/wp-json\/wp\/v2\/posts"}],"about":[{"href":"https:\/\/www.opinionpublica.tv\/portada\/wp-json\/wp\/v2\/types\/post"}],"author":[{"embeddable":true,"href":"https:\/\/www.opinionpublica.tv\/portada\/wp-json\/wp\/v2\/users\/6"}],"replies":[{"embeddable":true,"href":"https:\/\/www.opinionpublica.tv\/portada\/wp-json\/wp\/v2\/comments?post=23551"}],"version-history":[{"count":0,"href":"https:\/\/www.opinionpublica.tv\/portada\/wp-json\/wp\/v2\/posts\/23551\/revisions"}],"wp:featuredmedia":[{"embeddable":true,"href":"https:\/\/www.opinionpublica.tv\/portada\/wp-json\/wp\/v2\/media\/23550"}],"wp:attachment":[{"href":"https:\/\/www.opinionpublica.tv\/portada\/wp-json\/wp\/v2\/media?parent=23551"}],"wp:term":[{"taxonomy":"category","embeddable":true,"href":"https:\/\/www.opinionpublica.tv\/portada\/wp-json\/wp\/v2\/categories?post=23551"},{"taxonomy":"post_tag","embeddable":true,"href":"https:\/\/www.opinionpublica.tv\/portada\/wp-json\/wp\/v2\/tags?post=23551"}],"curies":[{"name":"wp","href":"https:\/\/api.w.org\/{rel}","templated":true}]}}