{"id":23547,"date":"2020-06-13T06:00:00","date_gmt":"2020-06-13T04:00:00","guid":{"rendered":"https:\/\/www.opinionpublica.tv\/portada\/2020\/06\/13\/campana-electoral-2021-arranca\/"},"modified":"2020-06-13T06:00:00","modified_gmt":"2020-06-13T04:00:00","slug":"campana-electoral-2021-arranca","status":"publish","type":"post","link":"https:\/\/www.opinionpublica.tv\/portada\/campana-electoral-2021-arranca\/","title":{"rendered":"Campa\u00f1a electoral 2021; \u00a1arranca!"},"content":{"rendered":"<img fetchpriority=\"high\" decoding=\"async\" class=\" size-full wp-image-23546\" src=\"https:\/\/www.opinionpublica.tv\/portada\/wp-content\/uploads\/2020\/06\/047604a34284891776a74d5013683695.jpg\" alt=\"\" class=\"caption\" title=\"Roy Campos Esquerra.\" width=\"270\" height=\"270\" srcset=\"https:\/\/www.opinionpublica.tv\/portada\/wp-content\/uploads\/2020\/06\/047604a34284891776a74d5013683695.jpg 270w, https:\/\/www.opinionpublica.tv\/portada\/wp-content\/uploads\/2020\/06\/047604a34284891776a74d5013683695-150x150.jpg 150w\" sizes=\"(max-width: 270px) 100vw, 270px\" \/>\n<p style=\"text-align: justify;\">Creo firmemente que las \u00faltimas declaraciones del presidente L\u00f3pez Obrador no son ninguna improvisaci\u00f3n y que estaba planeado desde hace mucho; justo cuando falta un a\u00f1o para la siguiente elecci\u00f3n donde se elegir\u00e1 al nuevo Congreso federal (adem\u00e1s de muchos otros puestos) el presidente se lanza a la ofensiva, nadie en M\u00e9xico es mejor para hacer campa\u00f1as que \u00e9l.<\/p>\n<p><!--more--><\/p>\n<p style=\"text-align: justify;\">Su declaraci\u00f3n de que todo mexicano se debe definir entre \u201cla transformaci\u00f3n y la corrupci\u00f3n\u201d, entre \u201cliberal y conservador\u201d, entre \u201cbuenos y malos\u201d es una clara campa\u00f1a electoral de polarizaci\u00f3n t\u00edpica de partidos de oposici\u00f3n, pero el presidente ha hecho su vida pol\u00edtica desde la oposici\u00f3n combatiendo al poder, que jug\u00f3 para evitar que llegara y al que venci\u00f3 en 2018, as\u00ed que ahora no se asumir\u00e1 nunca como \u201cel poder\u201d sino seguir\u00e1 siendo la \u201cv\u00edctima\u201d que enfrentar\u00e1 a todos juntos, a capitales, medios, partidos y cualquiera que se oponga a su movimiento; lo sabe hacer.<\/p>\n<p style=\"text-align: justify;\">El problema es que no es, ni ser\u00e1 candidato, la propuesta de realizar un refer\u00e9ndum revocatorio no pas\u00f3 justo porque era meterlo en la boleta y permitirle hacer campa\u00f1a; la oposici\u00f3n ley\u00f3 bien la intenci\u00f3n, pero L\u00f3pez Obrador estar\u00e1 en la boleta de todos modos, \u00e9l se encargar\u00e1.<\/p>\n<p style=\"text-align: justify;\">A diferencia de otros pa\u00edses, en M\u00e9xico se proh\u00edbe, desde 2007, a cualquier presidente, gobernador y todo funcionario p\u00fablico hacer campa\u00f1a o cualquier declaraci\u00f3n que pueda influir en materia electoral; esa ley se hizo despu\u00e9s de que Vicente Fox intervino para evitar el triunfo de L\u00f3pez Obrador en 2006. No son tan ingenuos para pensar que no lo hacen, todos tratan de intervenir y la autoridad electoral siempre est\u00e1 pendiente de ello para amonestar o castigar si es necesario, se ha llegado al grado de anular elecciones, y aun as\u00ed lo hacen, pero no en forma abierta como vimos al presidente.<\/p>\n<p style=\"text-align: justify;\">La presentaci\u00f3n de un documento sin autor\u00eda conocida y sin validez no ser\u00eda algo normal, al presidente le entregan diario muchos documentos y seguramente si alguien le entrega un documento con la \u201cestrategia de Morena para conservar el poder\u201d\u00a0 no lo presentar\u00eda, aunque tuviera verosimilitud, pero s\u00ed presenta uno con una mala y a veces obvia estrategia opositora, que repite mucho de lo que se ha dicho en art\u00edculos y en redes sociales y que por ello tiene algo de credibilidad.<\/p>\n<p style=\"text-align: justify;\">Me consta la falsedad del documento al menos en la parte en que me mencionan, no s\u00e9 ni porqu\u00e9 ni para qu\u00e9, as\u00ed que podr\u00eda inferir la falsedad de todo \u00e9l, pero lo verdaderamente importante es la decisi\u00f3n de presentarlo. El presidente sab\u00eda que generar\u00eda ruido, que se hablar\u00eda de \u00e9l y que se polarizar\u00eda la discusi\u00f3n, la decisi\u00f3n era sencilla: \u201c\u00bfMe conviene presentarlo aunque no est\u00e9 seguro que sea verdad?\u201d, y decidi\u00f3 que s\u00ed, \u00bfpor qu\u00e9?.<\/p>\n<p style=\"text-align: justify;\">Primero, porque anotaba conceptos tan obvios que al presentarlos como estrategia de un bloque opositor se \u201cvacunaba\u201d contra ellos; en toda campa\u00f1a los opositores tratar\u00e1n de explotar las debilidades del partido en el gobierno, as\u00ed que es seguro que se hablar\u00e1 del desempleo, de la inseguridad y de los malos gobiernos locales de Morena; si no lo hacen, son de otro planeta.<\/p>\n<p style=\"text-align: justify;\">Segundo, se presenta como la v\u00edctima de un complot que se validar\u00eda si los partidos hacen alianzas, lo que es muy probable que hagan porque es la estrategia l\u00f3gica cuando se intenta vencer a un partido fuerte como es Morena, as\u00ed lo hicieron PAN y PRD muchas veces desde el siglo pasado y as\u00ed lo hizo el partido en el poder en 2018 cuando se ali\u00f3 con PT y PES; pero eso no importa, esas son realidades y en campa\u00f1a se trata de crear percepciones y repito que nadie es tan bueno como el presidente.<\/p>\n<p style=\"text-align: justify;\">El mandatario tiene mucho a su favor, su presencia diaria, su conexi\u00f3n con un segmento importante de la poblaci\u00f3n, sus programas sociales que son identificados claramente con su pol\u00edtica social por la que ha pugnado toda su carrera, pero sobre todo tiene una clara ventaja: la falta de credibilidad de los partidos de oposici\u00f3n, la falta de liderazgos nacionales importantes, as\u00ed que lo que veremos son muchas contiendas locales, porque a nivel nacional L\u00f3pez Obrador los vencer\u00eda de nuevo, y aunque los \u201chubieran\u201d no existen, me atrevo a pensar que si la elecci\u00f3n del 2018 se volviera a realizar, \u00e9l ganar\u00eda de nuevo f\u00e1cilmente.<\/p>\n","protected":false},"excerpt":{"rendered":"<p>Creo firmemente que las \u00faltimas declaraciones del presidente L\u00f3pez Obrador no son ninguna improvisaci\u00f3n y que estaba planeado desde hace mucho; justo cuando falta un a\u00f1o para la siguiente elecci\u00f3n donde se elegir\u00e1 al nuevo Congreso federal (adem\u00e1s de muchos otros puestos) el presidente se lanza a la ofensiva, nadie en M\u00e9xico es mejor para [&hellip;]<\/p>\n","protected":false},"author":6,"featured_media":23546,"comment_status":"open","ping_status":"open","sticky":false,"template":"","format":"standard","meta":{"_acf_changed":false,"_monsterinsights_skip_tracking":false,"slim_seo":{"title":"Campa\u00f1a electoral 2021; \u00a1arranca! - Opini\u00f3n P\u00fablica","description":"Creo firmemente que las \u00faltimas declaraciones del presidente L\u00f3pez Obrador no son ninguna improvisaci\u00f3n y que estaba planeado desde hace mucho; justo cuando fal"},"footnotes":""},"categories":[35],"tags":[195],"class_list":["post-23547","post","type-post","status-publish","format-standard","has-post-thumbnail","hentry","category-roy-campos-opina","tag-roy-campos"],"acf":[],"_links":{"self":[{"href":"https:\/\/www.opinionpublica.tv\/portada\/wp-json\/wp\/v2\/posts\/23547","targetHints":{"allow":["GET"]}}],"collection":[{"href":"https:\/\/www.opinionpublica.tv\/portada\/wp-json\/wp\/v2\/posts"}],"about":[{"href":"https:\/\/www.opinionpublica.tv\/portada\/wp-json\/wp\/v2\/types\/post"}],"author":[{"embeddable":true,"href":"https:\/\/www.opinionpublica.tv\/portada\/wp-json\/wp\/v2\/users\/6"}],"replies":[{"embeddable":true,"href":"https:\/\/www.opinionpublica.tv\/portada\/wp-json\/wp\/v2\/comments?post=23547"}],"version-history":[{"count":0,"href":"https:\/\/www.opinionpublica.tv\/portada\/wp-json\/wp\/v2\/posts\/23547\/revisions"}],"wp:featuredmedia":[{"embeddable":true,"href":"https:\/\/www.opinionpublica.tv\/portada\/wp-json\/wp\/v2\/media\/23546"}],"wp:attachment":[{"href":"https:\/\/www.opinionpublica.tv\/portada\/wp-json\/wp\/v2\/media?parent=23547"}],"wp:term":[{"taxonomy":"category","embeddable":true,"href":"https:\/\/www.opinionpublica.tv\/portada\/wp-json\/wp\/v2\/categories?post=23547"},{"taxonomy":"post_tag","embeddable":true,"href":"https:\/\/www.opinionpublica.tv\/portada\/wp-json\/wp\/v2\/tags?post=23547"}],"curies":[{"name":"wp","href":"https:\/\/api.w.org\/{rel}","templated":true}]}}