{"id":23522,"date":"2020-06-10T06:00:00","date_gmt":"2020-06-10T04:00:00","guid":{"rendered":"https:\/\/www.opinionpublica.tv\/portada\/2020\/06\/10\/mexico-registra-el-mayor-numero-de-contagios-por-covid-19-en-un-dia-4-mil-883-casos\/"},"modified":"2020-06-10T06:00:00","modified_gmt":"2020-06-10T04:00:00","slug":"mexico-registra-el-mayor-numero-de-contagios-por-covid-19-en-un-dia-4-mil-883-casos","status":"publish","type":"post","link":"https:\/\/www.opinionpublica.tv\/portada\/mexico-registra-el-mayor-numero-de-contagios-por-covid-19-en-un-dia-4-mil-883-casos\/","title":{"rendered":"Registra M\u00e9xico el mayor n\u00famero de contagios de Covid-19 en un d\u00eda: 4 mil 883"},"content":{"rendered":"<p><img fetchpriority=\"high\" decoding=\"async\" class=\" size-full wp-image-23521\" src=\"https:\/\/www.opinionpublica.tv\/portada\/wp-content\/uploads\/2020\/06\/96a0937ed35686fa90ae3f2c83c10451.jpg\" alt=\"\" class=\"caption\" title=\"La cifra de contagios y muertes por Covid-19 sigue a la alza y sin control en M\u00e9xico.\" width=\"275\" height=\"183\" \/><br \/>\n<!--more--><\/p>\n<p style=\"text-align: justify;\"><em>Ciudad de M\u00e9xico<\/em>.- M\u00e9xico notific\u00f3 este mi\u00e9rcoles 4,883 nuevos casos de covid-19, la mayor cifra de contagios en una sola jornada con lo que alcanz\u00f3 los 129,184 desde el comienzo de la pandemia, informaron las autoridades sanitarias.<\/p>\n<p style=\"text-align: justify;\">En las \u00faltimas 24 horas, los casos confirmados se incrementaron en un 3.9% al pasar de 124,301 a los 129,184, de acuerdo con los datos del reporte t\u00e9cnico de esta jornada.<\/p>\n<p style=\"text-align: justify;\">El pa\u00eds ha superado en esta jornada los 15,000 decesos al reportar 708 fallecimientos para una cifra acumulada de 15,357.<\/p>\n<p style=\"text-align: justify;\">Jos\u00e9 Luis Alom\u00eda, director general de epidemiolog\u00eda de M\u00e9xico se\u00f1al\u00f3 que el n\u00famero reportado de muertos este mi\u00e9rcoles se debe a la cifra de decesos registrada en las \u00faltimas 24 horas en la plataforma del gobierno, sin embargo, las muertes ocurrieron en los \u00faltimos 11 d\u00edas.<\/p>\n","protected":false},"excerpt":{"rendered":"","protected":false},"author":6,"featured_media":23521,"comment_status":"open","ping_status":"open","sticky":false,"template":"","format":"standard","meta":{"_acf_changed":false,"_monsterinsights_skip_tracking":false,"slim_seo":{"title":"Registra M\u00e9xico el mayor n\u00famero de contagios de Covid-19 en un d\u00eda: 4 mil 883 - Opini\u00f3n P\u00fablica","description":"Ciudad de M\u00e9xico .- M\u00e9xico notific\u00f3 este mi\u00e9rcoles 4,883 nuevos casos de covid-19, la mayor cifra de contagios en una sola jornada con lo que alcanz\u00f3 los 129,18"},"footnotes":""},"categories":[3],"tags":[],"class_list":["post-23522","post","type-post","status-publish","format-standard","has-post-thumbnail","hentry","category-principal"],"acf":[],"_links":{"self":[{"href":"https:\/\/www.opinionpublica.tv\/portada\/wp-json\/wp\/v2\/posts\/23522","targetHints":{"allow":["GET"]}}],"collection":[{"href":"https:\/\/www.opinionpublica.tv\/portada\/wp-json\/wp\/v2\/posts"}],"about":[{"href":"https:\/\/www.opinionpublica.tv\/portada\/wp-json\/wp\/v2\/types\/post"}],"author":[{"embeddable":true,"href":"https:\/\/www.opinionpublica.tv\/portada\/wp-json\/wp\/v2\/users\/6"}],"replies":[{"embeddable":true,"href":"https:\/\/www.opinionpublica.tv\/portada\/wp-json\/wp\/v2\/comments?post=23522"}],"version-history":[{"count":0,"href":"https:\/\/www.opinionpublica.tv\/portada\/wp-json\/wp\/v2\/posts\/23522\/revisions"}],"wp:featuredmedia":[{"embeddable":true,"href":"https:\/\/www.opinionpublica.tv\/portada\/wp-json\/wp\/v2\/media\/23521"}],"wp:attachment":[{"href":"https:\/\/www.opinionpublica.tv\/portada\/wp-json\/wp\/v2\/media?parent=23522"}],"wp:term":[{"taxonomy":"category","embeddable":true,"href":"https:\/\/www.opinionpublica.tv\/portada\/wp-json\/wp\/v2\/categories?post=23522"},{"taxonomy":"post_tag","embeddable":true,"href":"https:\/\/www.opinionpublica.tv\/portada\/wp-json\/wp\/v2\/tags?post=23522"}],"curies":[{"name":"wp","href":"https:\/\/api.w.org\/{rel}","templated":true}]}}