{"id":23516,"date":"2020-06-10T06:00:00","date_gmt":"2020-06-10T04:00:00","guid":{"rendered":"https:\/\/www.opinionpublica.tv\/portada\/2020\/06\/10\/el-ethos-norteno\/"},"modified":"2020-06-10T06:00:00","modified_gmt":"2020-06-10T04:00:00","slug":"el-ethos-norteno","status":"publish","type":"post","link":"https:\/\/www.opinionpublica.tv\/portada\/el-ethos-norteno\/","title":{"rendered":"El Ethos norte\u00f1o"},"content":{"rendered":"<img fetchpriority=\"high\" decoding=\"async\" class=\" size-full wp-image-23515\" src=\"https:\/\/www.opinionpublica.tv\/portada\/wp-content\/uploads\/2020\/06\/a20d8a659fc0b5fc07ef61e67de00234.jpg\" alt=\"\" class=\"caption\" title=\"Ra\u00fal Ruiz G\u00f3mez.\" width=\"245\" height=\"262\" \/>\n<p>OJINAGA&#8217;S AFFAIR. La tarde del martes 9 de junio, fue particularmente fresca en la frontera norte de M\u00e9xico.<\/p>\n<p><!--more--><\/p>\n<p>Sin embargo, en Ojinaga, el diablo apareci\u00f3 y descarg\u00f3 su fuego. Encendi\u00f3 los \u00e1nimos de los campesinos nogaleros de aquel lugar y calcin\u00f3 las posibilidades del superdelegado Juan Carlos Loera de la Rosa, por la candidatura de Morena al gobierno de Chihuahua.<\/p>\n<p>El funcionario acudi\u00f3 a resolver un conflicto sobre el a\u00f1ejo tema del agua.<\/p>\n<p>Pensaba que se tratar\u00eda de un trabajo sencillo de conciliaci\u00f3n ante una mesa de di\u00e1logo, para convencer a los campesinos de pagar a los norteamericanos lo que el tratado binacional de aguas de 1944, obliga a M\u00e9xico.<\/p>\n<p>El tratado es m\u00e1s que justo. Obliga a M\u00e9xico a entregar anualmente poco m\u00e1s de 433 hm3 del vital l\u00edquido; y en reciprocidad, recibe nuestro pa\u00eds 1850 hect\u00f3metros c\u00fabicos.<\/p>\n<p>Sin embargo, el funcionario federal, defender\u00eda lo indefendible.<\/p>\n<p>En un siniestro escenario donde se tejieron tantos malos entendidos, ambas partes defend\u00edan posturas que jam\u00e1s lograr\u00edan un acuerdo.<\/p>\n<p>Desde su poltrona, en la Ciudad de M\u00e9xico, el presidente de Conagua, hab\u00eda dado la instrucci\u00f3n de pagar a los norteamericanos, su adeudo natural.<\/p>\n<p>Lo que no sab\u00eda el superdelegado, era que la instrucci\u00f3n desde Conagua, era que, se extrajeran 1000 hect\u00f3metros y no 433.<\/p>\n<p>Los campesinos, pensaban que el superdelegado, conoc\u00eda bien el tratado binacional, y que estar\u00eda en contubernio con el holgaz\u00e1n de Conagua.<\/p>\n<p>Es evidente que ninguna de las partes conocen el m\u00e9todo Harvariano para la negociaci\u00f3n.<\/p>\n<p>De otro modo, la supuesta mesa de di\u00e1logo, habr\u00eda comenzado con la apertura de las dos posiciones sobre la mesa, y comenzar a conciliar entre s\u00ed.<\/p>\n<p>Pero no. En Chihuahua a\u00fan no llegamos a protocolos de entendimiento, y aflora la rudeza del car\u00e1cter norte\u00f1o.<\/p>\n<p>Sin mediar palabra, la plebe, comenz\u00f3 con gritonearle al funcionario, empujarlo, y agredirlo verbalmente antes de comenzar el di\u00e1logo.<\/p>\n<p>Lo acompa\u00f1aban, el secretario de desarrollo rural, Ren\u00e9 Almeida; el director de gobierno, Joel Gallegos; el diputado local, Jes\u00fas Villarreal; los alcaldes de Ojinaga, Coyame y Aldama. Y el diputado federal, Mario Mata.<\/p>\n<p>Este \u00faltimo, acusado por la dirigencia de Morena, de ser el incendiario pol\u00edtico que azuz\u00f3 a los campesinos para reventar la mesa de di\u00e1logo.<\/p>\n<p>La turba, oblig\u00f3 a esta comisi\u00f3n de funcionarios, a resguardarse en las oficinas del ayuntamiento local, protegidos por un par de polic\u00edas viales de aquel singular pueblo chihuahuense.<\/p>\n<p>Mientras buscaban la manera de solucionar el problema, los \u00e1nimos desbordados, condujeron a los campesinos a la destrucci\u00f3n de tres veh\u00edculos oficiales, prendi\u00e9ndoles fuego, ante el alarido de la multitud que con ello pretendiera llamar la atenci\u00f3n presidencial.<\/p>\n<p>En trat\u00e1ndose de estos problemas sociales, es imposible saber si detr\u00e1s de los disturbios hubo alguien moviendo los hilos de la destrucci\u00f3n.<\/p>\n<p>Los morenos, acusan a los panistas; los panistas, se deslindan, y acusan al presidente, de maltratar a los campesinos con decisiones injustas.<\/p>\n<p>El cl\u00e1sico dir\u00eda: \u00abhaiga sido como haiga sido\u00bb, el golpe seco al delegado Juan Carlos Loera, lo expone a una posible remoci\u00f3n. O en el m\u00ednimo de los casos, olvidarse de su aspiraci\u00f3n a la silla del Sal\u00f3n Rojo.<\/p>\n<p>Hoy est\u00e1 aqu\u00ed, Mar\u00eda del Carmen Almeida, chihuahuense avecindada en Nuevo Le\u00f3n. Que viene a decirnos de su intenci\u00f3n por ser la abanderada de Morena en la elecci\u00f3n 2021 para gobernarnos.<\/p>\n<p>Tratar\u00e9 de conseguir una exclusiva para Cartapacio, y por la tarde haremos un programa interesante.<\/p>\n","protected":false},"excerpt":{"rendered":"<p>OJINAGA&#8217;S AFFAIR. La tarde del martes 9 de junio, fue particularmente fresca en la frontera norte de M\u00e9xico.<\/p>\n","protected":false},"author":6,"featured_media":23515,"comment_status":"open","ping_status":"open","sticky":false,"template":"","format":"standard","meta":{"_acf_changed":false,"_monsterinsights_skip_tracking":false,"slim_seo":{"title":"El Ethos norte\u00f1o - Opini\u00f3n P\u00fablica","description":"OJINAGA'S AFFAIR. La tarde del martes 9 de junio, fue particularmente fresca en la frontera norte de M\u00e9xico. Sin embargo, en Ojinaga, el diablo apareci\u00f3 y desca"},"footnotes":""},"categories":[21],"tags":[],"class_list":["post-23516","post","type-post","status-publish","format-standard","has-post-thumbnail","hentry","category-cartapacio"],"acf":[],"_links":{"self":[{"href":"https:\/\/www.opinionpublica.tv\/portada\/wp-json\/wp\/v2\/posts\/23516","targetHints":{"allow":["GET"]}}],"collection":[{"href":"https:\/\/www.opinionpublica.tv\/portada\/wp-json\/wp\/v2\/posts"}],"about":[{"href":"https:\/\/www.opinionpublica.tv\/portada\/wp-json\/wp\/v2\/types\/post"}],"author":[{"embeddable":true,"href":"https:\/\/www.opinionpublica.tv\/portada\/wp-json\/wp\/v2\/users\/6"}],"replies":[{"embeddable":true,"href":"https:\/\/www.opinionpublica.tv\/portada\/wp-json\/wp\/v2\/comments?post=23516"}],"version-history":[{"count":0,"href":"https:\/\/www.opinionpublica.tv\/portada\/wp-json\/wp\/v2\/posts\/23516\/revisions"}],"wp:featuredmedia":[{"embeddable":true,"href":"https:\/\/www.opinionpublica.tv\/portada\/wp-json\/wp\/v2\/media\/23515"}],"wp:attachment":[{"href":"https:\/\/www.opinionpublica.tv\/portada\/wp-json\/wp\/v2\/media?parent=23516"}],"wp:term":[{"taxonomy":"category","embeddable":true,"href":"https:\/\/www.opinionpublica.tv\/portada\/wp-json\/wp\/v2\/categories?post=23516"},{"taxonomy":"post_tag","embeddable":true,"href":"https:\/\/www.opinionpublica.tv\/portada\/wp-json\/wp\/v2\/tags?post=23516"}],"curies":[{"name":"wp","href":"https:\/\/api.w.org\/{rel}","templated":true}]}}