{"id":23512,"date":"2020-06-10T06:00:00","date_gmt":"2020-06-10T04:00:00","guid":{"rendered":"https:\/\/www.opinionpublica.tv\/portada\/2020\/06\/10\/alerta-onu-por-una-inminente-crisis-alimentaria-mundial-a-causa-del-coronavirus\/"},"modified":"2020-06-10T06:00:00","modified_gmt":"2020-06-10T04:00:00","slug":"alerta-onu-por-una-inminente-crisis-alimentaria-mundial-a-causa-del-coronavirus","status":"publish","type":"post","link":"https:\/\/www.opinionpublica.tv\/portada\/alerta-onu-por-una-inminente-crisis-alimentaria-mundial-a-causa-del-coronavirus\/","title":{"rendered":"Alerta ONU por una inminente &#8216;crisis alimentaria mundial&#8217; a causa del coronavirus"},"content":{"rendered":"<p><img fetchpriority=\"high\" decoding=\"async\" class=\" size-full wp-image-23511\" src=\"https:\/\/www.opinionpublica.tv\/portada\/wp-content\/uploads\/2020\/06\/91a1b03cf7d6b60e84f330056e51193f.jpg\" alt=\"\" class=\"caption\" title=\"El desempleo y la crisis generada por el Covid-19 provocar\u00e1 una crisis alimentaria mundial.\" width=\"560\" height=\"340\" srcset=\"https:\/\/www.opinionpublica.tv\/portada\/wp-content\/uploads\/2020\/06\/91a1b03cf7d6b60e84f330056e51193f.jpg 560w, https:\/\/www.opinionpublica.tv\/portada\/wp-content\/uploads\/2020\/06\/91a1b03cf7d6b60e84f330056e51193f-300x182.jpg 300w\" sizes=\"(max-width: 560px) 100vw, 560px\" \/><br \/>\n<!--more--><\/p>\n<p style=\"text-align: justify;\"><em>Nueva York, EU<\/em>.- El secretario general de la Organizaci\u00f3n Nacional de las Naciones Unidas (ONU), Antonio Guterres, alert\u00f3 este martes contra \u00abuna crisis alimentaria mundial\u00bb como consecuencia de la pandemia de coronavirus para \u00abcentenares de millones de ni\u00f1os y adultos\u00bb.<\/p>\n<p style=\"text-align: justify;\">\u00abNuestros sistemas alimentarios ya no funcionan y la pandemia de Covid-19 agrava la situaci\u00f3n\u00bb, afirm\u00f3 Guterres en un comunicado que acompa\u00f1a un informe de la ONU, en el que recuerda que actualmente \u00abm\u00e1s de 820 millones de personas no comen o pasan hambre\u00bb.<\/p>\n<p style=\"text-align: justify;\">\u00abUnos 144 millones de ni\u00f1os menores de 5 a\u00f1os sufren un retraso en su crecimiento, lo que representa uno de cada cinco ni\u00f1os en el mundo\u00bb, advierte.<\/p>\n<p style=\"text-align: justify;\">\u00abEste a\u00f1o, 49 millones de personas suplementarias podr\u00edan caer en la extrema pobreza debido a la crisis\u00bb causada por la pandemia, agreg\u00f3.<\/p>\n<p style=\"text-align: justify;\">\u00abEl n\u00famero de personas en situaci\u00f3n de inseguridad alimentaria grave o que sufren de malnutrici\u00f3n severa va a aumentar r\u00e1pidamente\u00bb, indic\u00f3 Guterres, quien inst\u00f3 a movilizarse en aquellos sitios \u00abdonde el riesgo es m\u00e1s agudo\u00bb.<\/p>\n<p style=\"text-align: justify;\">Reclam\u00f3 fundamentalmente proteger a los trabajadores alimentarios, preservar la ayuda humanitaria y reforzar el apoyo a la industria y el comercio del sector para evitar una interrupci\u00f3n de las cadenas de distribuci\u00f3n.<\/p>\n<p style=\"text-align: justify;\">El secretario general de la ONU tambi\u00e9n inst\u00f3 a acentuar los programas nutricionales, fundamentalmente con ayudas a los ni\u00f1os que ya no tienen acceso a las comidas escolares.<\/p>\n<p style=\"text-align: justify;\">Asimismo, considera posible desarrollar alimentos saludables y nutritivos para erradicar el hambre en el mundo.<\/p>\n<p style=\"text-align: justify;\">La ONU ya hab\u00eda alertado en abril del riesgo de una explosi\u00f3n en los casos de hambre en el mundo debido a la pandemia. (La Jornada)<\/p>\n","protected":false},"excerpt":{"rendered":"","protected":false},"author":6,"featured_media":23511,"comment_status":"open","ping_status":"open","sticky":false,"template":"","format":"standard","meta":{"_acf_changed":false,"_monsterinsights_skip_tracking":false,"slim_seo":{"title":"Alerta ONU por una inminente 'crisis alimentaria mundial' a causa del coronavirus - Opini\u00f3n P\u00fablica","description":"Nueva York, EU .- El secretario general de la Organizaci\u00f3n Nacional de las Naciones Unidas (ONU), Antonio Guterres, alert\u00f3 este martes contra \"una crisis alimen"},"footnotes":""},"categories":[3],"tags":[],"class_list":["post-23512","post","type-post","status-publish","format-standard","has-post-thumbnail","hentry","category-principal"],"acf":[],"_links":{"self":[{"href":"https:\/\/www.opinionpublica.tv\/portada\/wp-json\/wp\/v2\/posts\/23512","targetHints":{"allow":["GET"]}}],"collection":[{"href":"https:\/\/www.opinionpublica.tv\/portada\/wp-json\/wp\/v2\/posts"}],"about":[{"href":"https:\/\/www.opinionpublica.tv\/portada\/wp-json\/wp\/v2\/types\/post"}],"author":[{"embeddable":true,"href":"https:\/\/www.opinionpublica.tv\/portada\/wp-json\/wp\/v2\/users\/6"}],"replies":[{"embeddable":true,"href":"https:\/\/www.opinionpublica.tv\/portada\/wp-json\/wp\/v2\/comments?post=23512"}],"version-history":[{"count":0,"href":"https:\/\/www.opinionpublica.tv\/portada\/wp-json\/wp\/v2\/posts\/23512\/revisions"}],"wp:featuredmedia":[{"embeddable":true,"href":"https:\/\/www.opinionpublica.tv\/portada\/wp-json\/wp\/v2\/media\/23511"}],"wp:attachment":[{"href":"https:\/\/www.opinionpublica.tv\/portada\/wp-json\/wp\/v2\/media?parent=23512"}],"wp:term":[{"taxonomy":"category","embeddable":true,"href":"https:\/\/www.opinionpublica.tv\/portada\/wp-json\/wp\/v2\/categories?post=23512"},{"taxonomy":"post_tag","embeddable":true,"href":"https:\/\/www.opinionpublica.tv\/portada\/wp-json\/wp\/v2\/tags?post=23512"}],"curies":[{"name":"wp","href":"https:\/\/api.w.org\/{rel}","templated":true}]}}