{"id":23510,"date":"2020-06-10T06:00:00","date_gmt":"2020-06-10T04:00:00","guid":{"rendered":"https:\/\/www.opinionpublica.tv\/portada\/2020\/06\/10\/efemerides-10-de-junio-2\/"},"modified":"2020-06-10T06:00:00","modified_gmt":"2020-06-10T04:00:00","slug":"efemerides-10-de-junio-2","status":"publish","type":"post","link":"https:\/\/www.opinionpublica.tv\/portada\/efemerides-10-de-junio-2\/","title":{"rendered":"Efem\u00e9rides 10 de junio"},"content":{"rendered":"<img fetchpriority=\"high\" decoding=\"async\" class=\" size-full wp-image-23509\" src=\"https:\/\/www.opinionpublica.tv\/portada\/wp-content\/uploads\/2020\/06\/753b6c9b5625b1a150904bf14221ad80-scaled.jpg\" alt=\"\" class=\"caption\" title=\"El Congreso de Filadelfia aprueba la Declaraci\u00f3n de Independencia de Estados Unidos.\" width=\"2560\" height=\"1649\" srcset=\"https:\/\/www.opinionpublica.tv\/portada\/wp-content\/uploads\/2020\/06\/753b6c9b5625b1a150904bf14221ad80-scaled.jpg 2560w, https:\/\/www.opinionpublica.tv\/portada\/wp-content\/uploads\/2020\/06\/753b6c9b5625b1a150904bf14221ad80-300x193.jpg 300w, https:\/\/www.opinionpublica.tv\/portada\/wp-content\/uploads\/2020\/06\/753b6c9b5625b1a150904bf14221ad80-1024x660.jpg 1024w, https:\/\/www.opinionpublica.tv\/portada\/wp-content\/uploads\/2020\/06\/753b6c9b5625b1a150904bf14221ad80-768x495.jpg 768w, https:\/\/www.opinionpublica.tv\/portada\/wp-content\/uploads\/2020\/06\/753b6c9b5625b1a150904bf14221ad80-1536x990.jpg 1536w, https:\/\/www.opinionpublica.tv\/portada\/wp-content\/uploads\/2020\/06\/753b6c9b5625b1a150904bf14221ad80-2048x1320.jpg 2048w\" sizes=\"(max-width: 2560px) 100vw, 2560px\" \/>\n<p style=\"text-align: justify;\">Un d\u00eda 10 de junio como hoy, pero de 1776, el Congreso de Filadelfia aprueba la Declaraci\u00f3n de Independencia de los Estados de la Uni\u00f3n.<\/p>\n<p><!--more--><\/p>\n<p style=\"text-align: justify;\"><strong>Otras efem\u00e9rides<\/strong><\/p>\n<p style=\"text-align: justify;\">1521.- Los indios destruyen la misi\u00f3n de Cuman\u00e1, en Venezuela, construida por el padre Las Casas.<\/p>\n<p style=\"text-align: justify;\">1580.- Muere Luis Vaz de Cam\u00f5es, poeta portugu\u00e9s.<\/p>\n<p style=\"text-align: justify;\">1770.- El gobernador de Buenos Aires, Bucarell, ordena que se desaloje a los ocupantes brit\u00e1nicos de las islas Malvinas, lo que consigue el capit\u00e1n Juan de Madariaga despu\u00e9s de algunos d\u00edas de lucha.<\/p>\n<p style=\"text-align: justify;\">1816.- Es fusilado en Bogot\u00e1 el patriota colombiano Jos\u00e9 Mar\u00eda Carbonell.<\/p>\n<p style=\"text-align: justify;\">1829.- El gobernador interino de las Provincias Unidas del R\u00edo de la Plata crea la Comandancia Pol\u00edtica y Militar de las Islas Malvinas.<\/p>\n<p style=\"text-align: justify;\">1834.- El presidente Luis Jos\u00e9 de Orbegozo promulga la cuarta Constituci\u00f3n de Per\u00fa.<\/p>\n<p style=\"text-align: justify;\">1847.- Creaci\u00f3n en Espa\u00f1a del Registro General de la Propiedad Intelectual.<\/p>\n<p style=\"text-align: justify;\">1898.- Se asientan en la zona las primeras tropas estadounidenses en la base de Guant\u00e1namo, en la isla de Cuba.<\/p>\n<p style=\"text-align: justify;\">1907.- Auguste Lumi\u00e9re presenta en Par\u00eds la fotograf\u00eda en color.<\/p>\n<p style=\"text-align: justify;\">1921.- Nace Felipe Mountbatten, Duque de Edimburgo, esposo de la Reina Isabel de Inglaterra. 1922.- Nace Judy Garland, cantante y actriz estadounidense.<\/p>\n<p style=\"text-align: justify;\">1924.- Secuestro y asesinato por una banda fascista de Giacomo Matteotti, diputado y secretario general del Partido Socialista italiano.<\/p>\n<p style=\"text-align: justify;\">1926.- Muere Antonio Gaud\u00ed, arquitecto espa\u00f1ol.<\/p>\n<p style=\"text-align: justify;\">1940.- II Guerra Mundial: Italia entra en guerra. Capitulaci\u00f3n del Ej\u00e9rcito noruego. El gobierno espa\u00f1ol declara \u00abla no beligerancia activa\u00bb.<\/p>\n<p style=\"text-align: justify;\">1948.- Se inaugura la XVI Feria Internacional de Muestras de Barcelona, en la que se efect\u00faan las primeras pruebas de televisi\u00f3n en Espa\u00f1a.<\/p>\n<p style=\"text-align: justify;\">1953.- La URSS renuncia a sus reivindicaciones sobre los estrechos turcos del B\u00f3sforo y los Dardanelos.<\/p>\n<p style=\"text-align: justify;\">1967.- Termina la \u00abGuerra de los Seis D\u00edas\u00bb en Oriente Medio en la que Israel ocupa los territorios palestinos de Cisjordania, Gaza y Jerusal\u00e9n este, adem\u00e1s del Sina\u00ed egipcio y los Altos del Gol\u00e1n sirios.<\/p>\n<p style=\"text-align: justify;\">1972.- El presidente chileno, Salvador Allende, nacionaliza el Banco de Chile.<\/p>\n<p style=\"text-align: justify;\">1999.- La OTAN anuncia el fin de los bombardeos contra Yugoslavia tras 79 d\u00edas de ataques. La ONU autoriza el despliegue de la fuerza internacional para Kosovo (KFOR) y la creaci\u00f3n de una administraci\u00f3n interina para el territorio.<\/p>\n<p style=\"text-align: justify;\">2000.- Muere Hafez el Asad, presidente sirio.<\/p>\n<p style=\"text-align: justify;\">2003.- Muere Roberto Rocca, empresario argentino.<\/p>\n<p style=\"text-align: justify;\">2004.- Muere Ray Charles, m\u00fasico estadounidense.<\/p>\n<p style=\"text-align: justify;\">2005.- Una avalancha de lodo arrastra una escuela en la provincia nororiental china de Heilongjiang y causa la muerte a un centenar de ni\u00f1os.<\/p>\n<p style=\"text-align: justify;\">2008.- Los pa\u00edses de la Uni\u00f3n Europea acuerdan ampliar los l\u00edmites de la jornada laboral hasta un m\u00e1ximo de 65 horas semanales.<\/p>\n<p style=\"text-align: justify;\">2009.- La Universidad Nacional Aut\u00f3noma de M\u00e9xico gana el Premio Pr\u00edncipe de Asturias de Comunicaci\u00f3n y Humanidades.<\/p>\n<p style=\"text-align: justify;\">2010.- Comienzan los enfrentamientos \u00e9tnicos entre kirgu\u00edses y uzbecos en Kirguizist\u00e1n, que en diez d\u00edas causan m\u00e1s de 400 muertos y 375,000 desplazados.<\/p>\n<p style=\"text-align: justify;\">2014.- El gobierno colombiano y la guerrilla del Ej\u00e9rcito de Liberaci\u00f3n Nacional inician conversaciones exploratorias para abrir un proceso de paz.<\/p>\n","protected":false},"excerpt":{"rendered":"<p>Un d\u00eda 10 de junio como hoy, pero de 1776, el Congreso de Filadelfia aprueba la Declaraci\u00f3n de Independencia de los Estados de la Uni\u00f3n.<\/p>\n","protected":false},"author":6,"featured_media":23509,"comment_status":"open","ping_status":"open","sticky":false,"template":"","format":"standard","meta":{"_acf_changed":false,"_monsterinsights_skip_tracking":false,"slim_seo":{"title":"Efem\u00e9rides 10 de junio - Opini\u00f3n P\u00fablica","description":"Un d\u00eda 10 de junio como hoy, pero de 1776, el Congreso de Filadelfia aprueba la Declaraci\u00f3n de Independencia de los Estados de la Uni\u00f3n. Otras efem\u00e9rides 1521.-"},"footnotes":""},"categories":[27],"tags":[],"class_list":["post-23510","post","type-post","status-publish","format-standard","has-post-thumbnail","hentry","category-un-dia-como-hoy"],"acf":[],"_links":{"self":[{"href":"https:\/\/www.opinionpublica.tv\/portada\/wp-json\/wp\/v2\/posts\/23510","targetHints":{"allow":["GET"]}}],"collection":[{"href":"https:\/\/www.opinionpublica.tv\/portada\/wp-json\/wp\/v2\/posts"}],"about":[{"href":"https:\/\/www.opinionpublica.tv\/portada\/wp-json\/wp\/v2\/types\/post"}],"author":[{"embeddable":true,"href":"https:\/\/www.opinionpublica.tv\/portada\/wp-json\/wp\/v2\/users\/6"}],"replies":[{"embeddable":true,"href":"https:\/\/www.opinionpublica.tv\/portada\/wp-json\/wp\/v2\/comments?post=23510"}],"version-history":[{"count":0,"href":"https:\/\/www.opinionpublica.tv\/portada\/wp-json\/wp\/v2\/posts\/23510\/revisions"}],"wp:featuredmedia":[{"embeddable":true,"href":"https:\/\/www.opinionpublica.tv\/portada\/wp-json\/wp\/v2\/media\/23509"}],"wp:attachment":[{"href":"https:\/\/www.opinionpublica.tv\/portada\/wp-json\/wp\/v2\/media?parent=23510"}],"wp:term":[{"taxonomy":"category","embeddable":true,"href":"https:\/\/www.opinionpublica.tv\/portada\/wp-json\/wp\/v2\/categories?post=23510"},{"taxonomy":"post_tag","embeddable":true,"href":"https:\/\/www.opinionpublica.tv\/portada\/wp-json\/wp\/v2\/tags?post=23510"}],"curies":[{"name":"wp","href":"https:\/\/api.w.org\/{rel}","templated":true}]}}