{"id":23497,"date":"2020-06-10T06:00:00","date_gmt":"2020-06-10T04:00:00","guid":{"rendered":"https:\/\/www.opinionpublica.tv\/portada\/2020\/06\/10\/problematica-diversa-de-actualidad\/"},"modified":"2020-06-10T06:00:00","modified_gmt":"2020-06-10T04:00:00","slug":"problematica-diversa-de-actualidad","status":"publish","type":"post","link":"https:\/\/www.opinionpublica.tv\/portada\/problematica-diversa-de-actualidad\/","title":{"rendered":"Problem\u00e1tica diversa de actualidad"},"content":{"rendered":"<img fetchpriority=\"high\" decoding=\"async\" class=\" size-full wp-image-23496\" src=\"https:\/\/www.opinionpublica.tv\/portada\/wp-content\/uploads\/2020\/06\/67716010088d842e8d08aabd0f4656cd.jpg\" alt=\"\" class=\"caption\" title=\"Carlos Fernando Angulo Parra.\" width=\"270\" height=\"270\" srcset=\"https:\/\/www.opinionpublica.tv\/portada\/wp-content\/uploads\/2020\/06\/67716010088d842e8d08aabd0f4656cd.jpg 270w, https:\/\/www.opinionpublica.tv\/portada\/wp-content\/uploads\/2020\/06\/67716010088d842e8d08aabd0f4656cd-150x150.jpg 150w\" sizes=\"(max-width: 270px) 100vw, 270px\" \/>\n<p style=\"text-align: justify;\">En esta entrega les presento a mis amables lectores breves de las m\u00faltiples problem\u00e1ticas existentes en el pa\u00eds, que demuestra que M\u00e9xico est\u00e1 inmerso en una profunda crisis de salud, econ\u00f3mica y pol\u00edtica:<\/p>\n<p><!--more--><\/p>\n<p style=\"text-align: justify;\">Covid-19.- Su manejo gubernamental es un desastre. No hay pruebas, damos palos de ciego. No hay presupuesto suficiente para la salud. El presidente ha mostrado desprecio por el gremio m\u00e9dico. Su manejo es pol\u00edtico. El pueblo no tiene confianza. Vamos hacia un gran rebrote.<\/p>\n<p style=\"text-align: justify;\">Econom\u00eda. El gobierno no aplica recursos para apoyar a las empresas que generan empleos. Al quebrar las empresas, cuya mayor\u00eda son minis, habr\u00e1 desempleo masivo y presi\u00f3n social que puede manipularse pol\u00edticamente por el R\u00e9gimen (v\u00e9ase Jalisco). Se est\u00e1 generando una fabrica de pobres, que apoyan al presidente (como anillo al dedo).<\/p>\n<p style=\"text-align: justify;\">Deuda P\u00fablica. El presidente cantinflea diciendo que es \u201cun asunto de rutina\u201d (el pr\u00e9stamo de Banco Mundial por 1,000 millones de d\u00f3lares), pero que no aumenta la deuda p\u00fablica. En el primer trimestre de 2019 se contrajo nueva deuda por 9,500 millones de d\u00f3lares (datos de Banco de M\u00e9xico). No entend\u00ed.<\/p>\n<p style=\"text-align: justify;\">Ahorro.\u00a0Este\u00a08 de junio de 2020, dijo el presidente en la ma\u00f1anera, que iba a ahorrar $500,000 millones de pesos. \u00bfNo creen que los deber\u00eda de aplicar a salvar a las microempresas para no perder los empleos?<\/p>\n<p style=\"text-align: justify;\">Obra P\u00fablica. El presidente insiste en Santa Luc\u00eda, para crear una especie de sistema a\u00e9reo metropolitano. Los expertos en aeron\u00e1utica dicen que no funcionar\u00e1. El presidente insiste en construir una refiner\u00eda nueva en Dos Bocas, Tabasco. Los expertos en hidrocarburos dicen que es tirar el dinero a la calle en el entorno energ\u00e9tico en que se encuentra el mundo.<\/p>\n<p style=\"text-align: justify;\">El presidente insiste en construir el Tren Maya, cuando todos los sistemas ferroviarios del mundo pierden dinero y tienen que ser subsidiados, por lo que dicha \u201cinversi\u00f3n\u201d solo generar\u00e1 gastos interminables en un \u00e1rea que no tiene industria m\u00e1s que el turismo en las playas.<\/p>\n<p style=\"text-align: justify;\">Control Legislativo. El sistema de control de balance de poder p\u00fablico que se dise\u00f1\u00f3 en EE.UU., inspirados por los postulados de los precursores de la Revoluci\u00f3n Francesa, de tener a tres poderes, Ejecutivo, Legislativo y Judicial, parte de la base de que el Legislativo en la C\u00e1mara de Diputados representa al pueblo. En M\u00e9xico, como en otros pa\u00edses del mundo, no se ha dado eso cabalmente, por eso es necesario recuperar en el 2021 a la C\u00e1mara de Diputados, para que ellos representen al pueblo, controlando el presupuesto y al \u00f3rgano de revisi\u00f3n de la cuenta p\u00fablica, la Auditor\u00eda Superior de la Federaci\u00f3n, un verdadero freno al presidente.<\/p>\n<p style=\"text-align: justify;\">Bien Com\u00fan. El presidente gan\u00f3 la elecci\u00f3n con amplia mayor\u00eda porque prometi\u00f3 respetar el Estado de Derecho, combatir la corrupci\u00f3n, gobernar para los pobres como prioridad. Esto, en t\u00e9rminos generales, es dar bien com\u00fan; es decir, que el gobierno nos ponga los elementos necesarios para el desarrollo que queremos como personas. Que nos de seguridad y justicia, servicios p\u00fablicos, salud, educaci\u00f3n y vivienda.<\/p>\n<p style=\"text-align: justify;\">El presidente no ha cumplido, siguen los altos niveles de inseguridad. Adem\u00e1s, quiere ser petrolero, andar de grilla con los maestros, gobernar por decreto sin respetar el Estado de Derecho, no combate la corrupci\u00f3n y ha establecido la mejor f\u00e1brica de pobres al no apoyar a la econom\u00eda aplicando recursos p\u00fablicos a salvar la existencia de las microempresas. No apoya a la salud al no aplicar las pruebas debidas y enga\u00f1arnos con los datos de la pandemia.<\/p>\n<p style=\"text-align: justify;\">Elecciones Primarias en Chihuahua<\/p>\n<p style=\"text-align: justify;\">En mi estado de Chihuahua, el gobernador Corral pretende presentar una iniciativa que permitir\u00e1 empoderar a los ciudadanos para elegir a los candidatos del partido de su preferencia, aplicable obligatoriamente a todos los partidos pol\u00edticos, haciendo elecciones primarias en un mismo d\u00eda. Los panistas de base se oponen a ella.<\/p>\n<p style=\"text-align: justify;\">\u00bfEs decir, quieren que las mafias partidistas contin\u00faen mandando? No entend\u00ed.<\/p>\n","protected":false},"excerpt":{"rendered":"<p>En esta entrega les presento a mis amables lectores breves de las m\u00faltiples problem\u00e1ticas existentes en el pa\u00eds, que demuestra que M\u00e9xico est\u00e1 inmerso en una profunda crisis de salud, econ\u00f3mica y pol\u00edtica:<\/p>\n","protected":false},"author":6,"featured_media":23496,"comment_status":"open","ping_status":"open","sticky":false,"template":"","format":"standard","meta":{"_acf_changed":false,"_monsterinsights_skip_tracking":false,"slim_seo":{"title":"Problem\u00e1tica diversa de actualidad - Opini\u00f3n P\u00fablica","description":"En esta entrega les presento a mis amables lectores breves de las m\u00faltiples problem\u00e1ticas existentes en el pa\u00eds, que demuestra que M\u00e9xico est\u00e1 inmerso en una pr"},"footnotes":""},"categories":[17],"tags":[],"class_list":["post-23497","post","type-post","status-publish","format-standard","has-post-thumbnail","hentry","category-ultima-instancia"],"acf":[],"_links":{"self":[{"href":"https:\/\/www.opinionpublica.tv\/portada\/wp-json\/wp\/v2\/posts\/23497","targetHints":{"allow":["GET"]}}],"collection":[{"href":"https:\/\/www.opinionpublica.tv\/portada\/wp-json\/wp\/v2\/posts"}],"about":[{"href":"https:\/\/www.opinionpublica.tv\/portada\/wp-json\/wp\/v2\/types\/post"}],"author":[{"embeddable":true,"href":"https:\/\/www.opinionpublica.tv\/portada\/wp-json\/wp\/v2\/users\/6"}],"replies":[{"embeddable":true,"href":"https:\/\/www.opinionpublica.tv\/portada\/wp-json\/wp\/v2\/comments?post=23497"}],"version-history":[{"count":0,"href":"https:\/\/www.opinionpublica.tv\/portada\/wp-json\/wp\/v2\/posts\/23497\/revisions"}],"wp:featuredmedia":[{"embeddable":true,"href":"https:\/\/www.opinionpublica.tv\/portada\/wp-json\/wp\/v2\/media\/23496"}],"wp:attachment":[{"href":"https:\/\/www.opinionpublica.tv\/portada\/wp-json\/wp\/v2\/media?parent=23497"}],"wp:term":[{"taxonomy":"category","embeddable":true,"href":"https:\/\/www.opinionpublica.tv\/portada\/wp-json\/wp\/v2\/categories?post=23497"},{"taxonomy":"post_tag","embeddable":true,"href":"https:\/\/www.opinionpublica.tv\/portada\/wp-json\/wp\/v2\/tags?post=23497"}],"curies":[{"name":"wp","href":"https:\/\/api.w.org\/{rel}","templated":true}]}}