{"id":23480,"date":"2020-06-06T06:00:00","date_gmt":"2020-06-06T04:00:00","guid":{"rendered":"https:\/\/www.opinionpublica.tv\/portada\/2020\/06\/06\/se-esta-con-la-transformacion-de-mexico-o-en-contra-de-ella-asegura-lopez-obrador\/"},"modified":"2020-06-06T06:00:00","modified_gmt":"2020-06-06T04:00:00","slug":"se-esta-con-la-transformacion-de-mexico-o-en-contra-de-ella-asegura-lopez-obrador","status":"publish","type":"post","link":"https:\/\/www.opinionpublica.tv\/portada\/se-esta-con-la-transformacion-de-mexico-o-en-contra-de-ella-asegura-lopez-obrador\/","title":{"rendered":"\u2018Se est\u00e1 con la transformaci\u00f3n de M\u00e9xico o en contra de ella\u2019; asegura L\u00f3pez Obrador"},"content":{"rendered":"<p><img fetchpriority=\"high\" decoding=\"async\" class=\" size-full wp-image-23479\" src=\"https:\/\/www.opinionpublica.tv\/portada\/wp-content\/uploads\/2020\/06\/c44583bff5b437f1c4fe8ededd9ff547.jpg\" alt=\"\" class=\"caption\" title=\"Andr\u00e9s Manuel L\u00f3pez Obrador, presidente de M\u00e9xico.\" width=\"656\" height=\"426\" srcset=\"https:\/\/www.opinionpublica.tv\/portada\/wp-content\/uploads\/2020\/06\/c44583bff5b437f1c4fe8ededd9ff547.jpg 656w, https:\/\/www.opinionpublica.tv\/portada\/wp-content\/uploads\/2020\/06\/c44583bff5b437f1c4fe8ededd9ff547-300x195.jpg 300w\" sizes=\"(max-width: 656px) 100vw, 656px\" \/><br \/>\n<!--more--><\/p>\n<p style=\"text-align: justify;\"><em>Minatitl\u00e1n, Veracruz<\/em>.- El presidente Andr\u00e9s Manuel L\u00f3pez Obrador\u00a0afirm\u00f3 este s\u00e1bado que M\u00e9xico vive un momento de definiciones por lo que se est\u00e1\u00a0en favor de la transformaci\u00f3n del pa\u00eds o en contra de ella.<\/p>\n<p style=\"text-align: justify;\">\u201cSe est\u00e1 por la honestidad y por limpiar a M\u00e9xico de corrupci\u00f3n o se apuesta por mantener los privilegios de unos cuantos\u201d, dijo desde la refiner\u00eda L\u00e1zaro C\u00e1rdenas en Minatitl\u00e1n, Veracruz.<\/p>\n<p style=\"text-align: justify;\">En su visita de supervisi\u00f3n de las obras de rehabilitaci\u00f3n del complejo, el mandatario reafirm\u00f3 que la corrupci\u00f3n no se volver\u00e1 a permitir en M\u00e9xico.<\/p>\n<p style=\"text-align: justify;\">De igual forma, fustig\u00f3 a quienes con un velo de intelectualismo y desde los cargos p\u00fablicos buscan proteger al r\u00e9gimen de los privilegios a costa del sometimiento de los m\u00e1s pobres.<\/p>\n<p style=\"text-align: justify;\">\u201cQu\u00e9 bueno que se definan, nada de medias tintas, que cada quien se ubique en el lugar que corresponde, no es tiempo de simulaciones.\u00a0O somos conservadores o somos liberales, no hay medias tintas\u201d, asever\u00f3.<\/p>\n<p style=\"text-align: justify;\">Las declaraciones de L\u00f3pez Obrador se dan luego de un tuit del historiador Enrique Krauze donde respald\u00f3 a Enrique Alfaro, gobernador de Jalisco, quien el jueves sugiri\u00f3 que el presidente estaba detr\u00e1s de las manifestaciones violentas en Guadalajara que se dieron por el arresto y muerte de Giovanni L\u00f3pez en Ixtlahuac\u00e1n.<\/p>\n<p style=\"text-align: justify;\">El viernes, durante su conferencia matutina desde Villahermosa, Tabasco, el mandatario pidi\u00f3 a Alfaro que presentara las pruebas de su acusaci\u00f3n y actuara con responsabilidad. (El Financiero)<\/p>\n","protected":false},"excerpt":{"rendered":"","protected":false},"author":6,"featured_media":23479,"comment_status":"open","ping_status":"open","sticky":false,"template":"","format":"standard","meta":{"_acf_changed":false,"_monsterinsights_skip_tracking":false,"slim_seo":{"title":"\u2018Se est\u00e1 con la transformaci\u00f3n de M\u00e9xico o en contra de ella\u2019; asegura L\u00f3pez Obrador - Opini\u00f3n P\u00fablica","description":"Minatitl\u00e1n, Veracruz .- El presidente Andr\u00e9s Manuel L\u00f3pez Obrador\u00a0afirm\u00f3 este s\u00e1bado que M\u00e9xico vive un momento de definiciones por lo que se est\u00e1\u00a0en favor de l"},"footnotes":""},"categories":[3],"tags":[],"class_list":["post-23480","post","type-post","status-publish","format-standard","has-post-thumbnail","hentry","category-principal"],"acf":[],"_links":{"self":[{"href":"https:\/\/www.opinionpublica.tv\/portada\/wp-json\/wp\/v2\/posts\/23480","targetHints":{"allow":["GET"]}}],"collection":[{"href":"https:\/\/www.opinionpublica.tv\/portada\/wp-json\/wp\/v2\/posts"}],"about":[{"href":"https:\/\/www.opinionpublica.tv\/portada\/wp-json\/wp\/v2\/types\/post"}],"author":[{"embeddable":true,"href":"https:\/\/www.opinionpublica.tv\/portada\/wp-json\/wp\/v2\/users\/6"}],"replies":[{"embeddable":true,"href":"https:\/\/www.opinionpublica.tv\/portada\/wp-json\/wp\/v2\/comments?post=23480"}],"version-history":[{"count":0,"href":"https:\/\/www.opinionpublica.tv\/portada\/wp-json\/wp\/v2\/posts\/23480\/revisions"}],"wp:featuredmedia":[{"embeddable":true,"href":"https:\/\/www.opinionpublica.tv\/portada\/wp-json\/wp\/v2\/media\/23479"}],"wp:attachment":[{"href":"https:\/\/www.opinionpublica.tv\/portada\/wp-json\/wp\/v2\/media?parent=23480"}],"wp:term":[{"taxonomy":"category","embeddable":true,"href":"https:\/\/www.opinionpublica.tv\/portada\/wp-json\/wp\/v2\/categories?post=23480"},{"taxonomy":"post_tag","embeddable":true,"href":"https:\/\/www.opinionpublica.tv\/portada\/wp-json\/wp\/v2\/tags?post=23480"}],"curies":[{"name":"wp","href":"https:\/\/api.w.org\/{rel}","templated":true}]}}