{"id":23430,"date":"2020-06-06T06:00:00","date_gmt":"2020-06-06T04:00:00","guid":{"rendered":"https:\/\/www.opinionpublica.tv\/portada\/2020\/06\/06\/efemerides-6-de-junio-3\/"},"modified":"2020-06-06T06:00:00","modified_gmt":"2020-06-06T04:00:00","slug":"efemerides-6-de-junio-3","status":"publish","type":"post","link":"https:\/\/www.opinionpublica.tv\/portada\/efemerides-6-de-junio-3\/","title":{"rendered":"Efem\u00e9rides 6 de junio"},"content":{"rendered":"<img fetchpriority=\"high\" decoding=\"async\" class=\" size-full wp-image-23429\" src=\"https:\/\/www.opinionpublica.tv\/portada\/wp-content\/uploads\/2020\/06\/25c67ce93e50300ed45a1268ef0e7eca-scaled.jpg\" alt=\"\" class=\"caption\" title=\"El desembarco de las tropas aliadas en Normand\u00eda marc\u00f3 el fin de la Segunda Guerra Mundial.\" width=\"2560\" height=\"1946\" srcset=\"https:\/\/www.opinionpublica.tv\/portada\/wp-content\/uploads\/2020\/06\/25c67ce93e50300ed45a1268ef0e7eca-scaled.jpg 2560w, https:\/\/www.opinionpublica.tv\/portada\/wp-content\/uploads\/2020\/06\/25c67ce93e50300ed45a1268ef0e7eca-300x228.jpg 300w, https:\/\/www.opinionpublica.tv\/portada\/wp-content\/uploads\/2020\/06\/25c67ce93e50300ed45a1268ef0e7eca-1024x779.jpg 1024w, https:\/\/www.opinionpublica.tv\/portada\/wp-content\/uploads\/2020\/06\/25c67ce93e50300ed45a1268ef0e7eca-768x584.jpg 768w, https:\/\/www.opinionpublica.tv\/portada\/wp-content\/uploads\/2020\/06\/25c67ce93e50300ed45a1268ef0e7eca-1536x1168.jpg 1536w, https:\/\/www.opinionpublica.tv\/portada\/wp-content\/uploads\/2020\/06\/25c67ce93e50300ed45a1268ef0e7eca-2048x1557.jpg 2048w\" sizes=\"(max-width: 2560px) 100vw, 2560px\" \/>\n<p style=\"text-align: justify;\">Un d\u00eda 6 de junio como hoy, pero de 1944, tropas aliadas desembarcan en la costa de Normand\u00eda (Francia), durante la Segunda Guerra Mundial, en un despliegue de m\u00e1s de 160 kil\u00f3metros que marc\u00f3 el principio del fin de la ocupaci\u00f3n nazi en Europa.<\/p>\n<p><!--more--><\/p>\n<p style=\"text-align: justify;\"><strong>Otras Efem\u00e9rides<\/strong><\/p>\n<p style=\"text-align: justify;\">1599.- Nace Diego Vel\u00e1zquez, pintor espa\u00f1ol.<\/p>\n<p style=\"text-align: justify;\">1808.- Napole\u00f3n Bonaparte proclama rey de Espa\u00f1a y sus Indias a su hermano Jos\u00e9 Bonaparte, por un decreto imperial.<\/p>\n<p style=\"text-align: justify;\">1854.- Se funda en Estados Unidos el Partido Republicano, que se declara contrario a la esclavitud.<\/p>\n<p style=\"text-align: justify;\">1856.- Expulsi\u00f3n de los jesuitas de M\u00e9xico, bajo la presidencia de Ignacio Comonfort.<\/p>\n<p style=\"text-align: justify;\">1875.- Nace Thomas Mann, novelista alem\u00e1n, Premio Nobel en 1929.<\/p>\n<p style=\"text-align: justify;\">1891.- Nace Ignacio S\u00e1nchez Mej\u00edas, torero espa\u00f1ol.<\/p>\n<p style=\"text-align: justify;\">1901.- Nace Sukarno, fundador del Estado indonesio.<\/p>\n<p style=\"text-align: justify;\">1902.- El Senado estadounidense sanciona la ley Spooner, por la que se decide la construcci\u00f3n del canal en el istmo de Panam\u00e1.<\/p>\n<p style=\"text-align: justify;\">1909.- Nace Isa\u00edas Berl\u00edn, fil\u00f3sofo brit\u00e1nico de origen let\u00f3n.<\/p>\n<p style=\"text-align: justify;\">1919.- El peri\u00f3dico \u00abIl Popolo d&#8217;Italia\u00bb publica el manifiesto del movimiento fascista, firmado por Benito Mussolini.<\/p>\n<p style=\"text-align: justify;\">1926.- Nace Juan Lladr\u00f3, ceramista y empresario espa\u00f1ol.<\/p>\n<p style=\"text-align: justify;\">1927.- El aviador estadounidense Chamberlain logra la segunda traves\u00eda del Atl\u00e1ntico al volar de Nueva York a Berl\u00edn en 43 horas.<\/p>\n<p style=\"text-align: justify;\">1930.- Diez comerciantes de Springfield (EE. UU.) ofrecen por primera vez alimentos congelados.<\/p>\n<p style=\"text-align: justify;\">1938.- El pintor espa\u00f1ol Ignacio Zuloaga obtiene el premio de honor en la Exposici\u00f3n de Venecia.<\/p>\n<p style=\"text-align: justify;\">1941.- Muere Luis Chevrolet, constructor de coches estadounidense.<\/p>\n<p style=\"text-align: justify;\">1948.- Muere Louis Lumiere, inventor del cinemat\u00f3grafo.<\/p>\n<p style=\"text-align: justify;\">1950.- Polonia y la RDA aceptan la l\u00ednea Oder-Neisse como frontera com\u00fan.<\/p>\n<p style=\"text-align: justify;\">1952.- Se inaugura en Barcelona la factor\u00eda de la empresa automovil\u00edstica Seat.<\/p>\n<p style=\"text-align: justify;\">1954.- Se realiza con car\u00e1cter experimental el primer enlace europeo de televisi\u00f3n, con el nombre de \u00abEurovisi\u00f3n\u00bb, entre las televisiones de la RFA, Holanda, Gran Breta\u00f1a, Francia, Italia, B\u00e9lgica, Dinamarca y Suiza.<\/p>\n<p style=\"text-align: justify;\">1961.- Muere Carl Gustav Jung, psic\u00f3logo suizo.<\/p>\n<p style=\"text-align: justify;\">1966.- La nave espacial estadounidense \u00abG\u00e9minis IX\u00bb finaliza su vuelo de 72 horas, tras dar 45 vueltas alrededor de la Tierra.<\/p>\n<p style=\"text-align: justify;\">1968.- Muere el senador estadounidense Robert Kennedy, tiroteado el d\u00eda anterior en un hotel de Los \u00c1ngeles por Sirhan B. Sirhan, un inmigrante jordano.<\/p>\n<p style=\"text-align: justify;\">1969.- El Gobierno espa\u00f1ol acuerda el cierre total de la frontera con Gibraltar.<\/p>\n<p style=\"text-align: justify;\">1982.- Israel invade el sur del L\u00edbano.<\/p>\n<p style=\"text-align: justify;\">1994.- Sud\u00e1frica ingresa en la Organizaci\u00f3n para la Unidad Africana como miembro n\u00famero 53.<\/p>\n<p style=\"text-align: justify;\">1995.- Es abolida la pena de muerte en Sud\u00e1frica.<\/p>\n<p style=\"text-align: justify;\">1996.- China acepta suspender durante diez a\u00f1os sus pruebas nucleares.<\/p>\n<p style=\"text-align: justify;\">1999.- El Ej\u00e9rcito Isl\u00e1mico de Salvaci\u00f3n (EIS) argelino, brazo militar del Frente Isl\u00e1mico de Salvaci\u00f3n (FIS), renuncia a la lucha armada.<\/p>\n<p style=\"text-align: justify;\">2000.- Muere Moreira da Silva, compositor y cantante brasile\u00f1o.<\/p>\n<p style=\"text-align: justify;\">2002.- Estados Unidos reconoce oficialmente a Rusia como pa\u00eds con econom\u00eda de mercado.<\/p>\n<p style=\"text-align: justify;\">2002.- Muere Na\u00fal Ojeda, pintor uruguayo.<\/p>\n<p style=\"text-align: justify;\">2003.- Chile se convierte en el sexto pa\u00eds del mundo y el primero de Suram\u00e9rica en suscribir un Acuerdo de Libre Comercio con Estados Unidos.<\/p>\n<p style=\"text-align: justify;\">2005.- El presidente de Bolivia, Carlos Mesa, dimite tras una multitudinaria manifestaci\u00f3n de protesta. Le sucede Eduardo Rodr\u00edguez.<\/p>\n<p style=\"text-align: justify;\">2005.- Muere Anne Bancroft, actriz estadounidense.<\/p>\n<p style=\"text-align: justify;\">2006.- Muere Billy Preston, teclista estadounidense conocido como el \u00abquinto beatle\u00bb.<\/p>\n<p style=\"text-align: justify;\">2006.- Muere Arnold Newman, fot\u00f3grafo estadounidense.<\/p>\n<p style=\"text-align: justify;\">2012.- Chile, Colombia, M\u00e9xico y Per\u00fa constituyen la Alianza del Pac\u00edfico.<\/p>\n<p style=\"text-align: justify;\">2012.- El Gobierno franc\u00e9s restablece la jubilaci\u00f3n a los 60 a\u00f1os para quienes hayan cotizado al menos 41.<\/p>\n<p style=\"text-align: justify;\">2012.- Muere Ray Bradbury, escritor estadounidense.<\/p>\n<p style=\"text-align: justify;\">2012.- Muere Herb Reed, cantante estadounidense de The Platters.<\/p>\n<p style=\"text-align: justify;\">2012.- Muere Estela Raval, cantante argentina.<\/p>\n<p style=\"text-align: justify;\">2013.- Las inundaciones en Centroeuropa dejan 18 muertos.<\/p>\n<p style=\"text-align: justify;\">2013.- Tom Sharpe, novelista brit\u00e1nico.<\/p>\n","protected":false},"excerpt":{"rendered":"<p>Un d\u00eda 6 de junio como hoy, pero de 1944, tropas aliadas desembarcan en la costa de Normand\u00eda (Francia), durante la Segunda Guerra Mundial, en un despliegue de m\u00e1s de 160 kil\u00f3metros que marc\u00f3 el principio del fin de la ocupaci\u00f3n nazi en Europa.<\/p>\n","protected":false},"author":6,"featured_media":23429,"comment_status":"open","ping_status":"open","sticky":false,"template":"","format":"standard","meta":{"_acf_changed":false,"_monsterinsights_skip_tracking":false,"slim_seo":{"title":"Efem\u00e9rides 6 de junio - Opini\u00f3n P\u00fablica","description":"Un d\u00eda 6 de junio como hoy, pero de 1944, tropas aliadas desembarcan en la costa de Normand\u00eda (Francia), durante la Segunda Guerra Mundial, en un despliegue de"},"footnotes":""},"categories":[27],"tags":[],"class_list":["post-23430","post","type-post","status-publish","format-standard","has-post-thumbnail","hentry","category-un-dia-como-hoy"],"acf":[],"_links":{"self":[{"href":"https:\/\/www.opinionpublica.tv\/portada\/wp-json\/wp\/v2\/posts\/23430","targetHints":{"allow":["GET"]}}],"collection":[{"href":"https:\/\/www.opinionpublica.tv\/portada\/wp-json\/wp\/v2\/posts"}],"about":[{"href":"https:\/\/www.opinionpublica.tv\/portada\/wp-json\/wp\/v2\/types\/post"}],"author":[{"embeddable":true,"href":"https:\/\/www.opinionpublica.tv\/portada\/wp-json\/wp\/v2\/users\/6"}],"replies":[{"embeddable":true,"href":"https:\/\/www.opinionpublica.tv\/portada\/wp-json\/wp\/v2\/comments?post=23430"}],"version-history":[{"count":0,"href":"https:\/\/www.opinionpublica.tv\/portada\/wp-json\/wp\/v2\/posts\/23430\/revisions"}],"wp:featuredmedia":[{"embeddable":true,"href":"https:\/\/www.opinionpublica.tv\/portada\/wp-json\/wp\/v2\/media\/23429"}],"wp:attachment":[{"href":"https:\/\/www.opinionpublica.tv\/portada\/wp-json\/wp\/v2\/media?parent=23430"}],"wp:term":[{"taxonomy":"category","embeddable":true,"href":"https:\/\/www.opinionpublica.tv\/portada\/wp-json\/wp\/v2\/categories?post=23430"},{"taxonomy":"post_tag","embeddable":true,"href":"https:\/\/www.opinionpublica.tv\/portada\/wp-json\/wp\/v2\/tags?post=23430"}],"curies":[{"name":"wp","href":"https:\/\/api.w.org\/{rel}","templated":true}]}}