{"id":23407,"date":"2020-06-04T06:00:00","date_gmt":"2020-06-04T04:00:00","guid":{"rendered":"https:\/\/www.opinionpublica.tv\/portada\/2020\/06\/04\/efemerides-4-de-junio-2\/"},"modified":"2020-06-04T06:00:00","modified_gmt":"2020-06-04T04:00:00","slug":"efemerides-4-de-junio-2","status":"publish","type":"post","link":"https:\/\/www.opinionpublica.tv\/portada\/efemerides-4-de-junio-2\/","title":{"rendered":"Efem\u00e9rides 4 de junio"},"content":{"rendered":"<img fetchpriority=\"high\" decoding=\"async\" class=\" size-full wp-image-23406\" src=\"https:\/\/www.opinionpublica.tv\/portada\/wp-content\/uploads\/2020\/06\/77d524f2a262c0d1b4dae8e2792f1d4f.jpg\" alt=\"\" class=\"caption\" title=\"La masacre en la plaza de Tianamen de China caus\u00f3 decenas de muertos y cientos de heridos.\" width=\"1786\" height=\"1097\" srcset=\"https:\/\/www.opinionpublica.tv\/portada\/wp-content\/uploads\/2020\/06\/77d524f2a262c0d1b4dae8e2792f1d4f.jpg 1786w, https:\/\/www.opinionpublica.tv\/portada\/wp-content\/uploads\/2020\/06\/77d524f2a262c0d1b4dae8e2792f1d4f-300x184.jpg 300w, https:\/\/www.opinionpublica.tv\/portada\/wp-content\/uploads\/2020\/06\/77d524f2a262c0d1b4dae8e2792f1d4f-1024x629.jpg 1024w, https:\/\/www.opinionpublica.tv\/portada\/wp-content\/uploads\/2020\/06\/77d524f2a262c0d1b4dae8e2792f1d4f-768x472.jpg 768w, https:\/\/www.opinionpublica.tv\/portada\/wp-content\/uploads\/2020\/06\/77d524f2a262c0d1b4dae8e2792f1d4f-1536x943.jpg 1536w\" sizes=\"(max-width: 1786px) 100vw, 1786px\" \/>\n<p style=\"text-align: justify;\">Un d\u00eda 4 de junio como hoy, pero de 1989, el Ej\u00e9rcito de China dispara indiscriminadamente contra la multitud que ocupa la plaza de Tianamen, en Pek\u00edn, causando decenas de muertos y cientos de heridos.<\/p>\n<p><!--more--><\/p>\n<p style=\"text-align: justify;\"><strong>Otras efem\u00e9rides<\/strong><\/p>\n<p style=\"text-align: justify;\">1754.- Nace Miguel de Azcu\u00e9naga, militar que luch\u00f3 por la emancipaci\u00f3n de Argentina.<\/p>\n<p style=\"text-align: justify;\">1783.- Los hermanos Montgolfier realizan su primera demostraci\u00f3n p\u00fablica de ascensi\u00f3n en globo en Annonay, Francia.<\/p>\n<p style=\"text-align: justify;\">1798.- Muere Giaccomo Casanova, aventurero italiano.<\/p>\n<p style=\"text-align: justify;\">1830.- Muere asesinado Antonio Jos\u00e9 de Sucre, h\u00e9roe de la independencia hispanoamericana.<\/p>\n<p style=\"text-align: justify;\">1873.- El general Justo Rufino Barrios toma posesi\u00f3n de la presidencia de Guatemala.<\/p>\n<p style=\"text-align: justify;\">1878.- El sult\u00e1n de Turqu\u00eda cede la posesi\u00f3n de la isla de Chipre a Gran Breta\u00f1a.<\/p>\n<p style=\"text-align: justify;\">1911.- Nace Jos\u00e9 Meli\u00e1, empresario hotelero espa\u00f1ol.<\/p>\n<p style=\"text-align: justify;\">1919.- Los Aliados y Hungr\u00eda firman un tratado de paz, tras la Primera Guerra Mundial.<\/p>\n<p style=\"text-align: justify;\">1927.- Ahmed Sukarno funda en Yakarta el Partido Nacional Indonesio, cuyo objetivo es la independencia.<\/p>\n<p style=\"text-align: justify;\">1932.- Estalla un movimiento revolucionario en Chile y se instaura la llamada \u00abRep\u00fablica socialista\u00bb.<\/p>\n<p style=\"text-align: justify;\">1933.- Nace Rafael Peralta, rejoneador espa\u00f1ol.<\/p>\n<p style=\"text-align: justify;\">1940.- Segunda Guerra Mundial: Finaliza la evacuaci\u00f3n aliada de Dunkerque.<\/p>\n<p style=\"text-align: justify;\">1941.- Irak queda en poder de Gran Breta\u00f1a tras la ocupaci\u00f3n de Mosul por las fuerzas brit\u00e1nicas.<\/p>\n<p style=\"text-align: justify;\">1941.- Muere Guillermo II, \u00faltimo emperador de Alemania.<\/p>\n<p style=\"text-align: justify;\">1942.- Muere en Praga Reinhard Heydrich, comisario general de la Gestapo en los territorios ocupados por Alemania, a consecuencia de las heridas sufridas en un atentado.<\/p>\n<p style=\"text-align: justify;\">1943.- Se constituye en Argel el Comit\u00e9 Franc\u00e9s de Liberaci\u00f3n Nacional, presidido por Charles De Gaulle y Henri-Honor\u00e9 Giraud.<\/p>\n<p style=\"text-align: justify;\">1943.- El Grupo de Oficiales Unidos, fundado por el coronel Juan Domingo Per\u00f3n, dirige un golpe de Estado en Argentina que derroca al presidente Ram\u00f3n Castillo.<\/p>\n<p style=\"text-align: justify;\">1944.- Segunda Guerra Mundial: entrada de los aliados en Roma.<\/p>\n<p style=\"text-align: justify;\">1946.- El general Per\u00f3n toma posesi\u00f3n de la Presidencia de la Rep\u00fablica Argentina.<\/p>\n<p style=\"text-align: justify;\">1948.- El presidente de Uruguay, Higinio Mori\u00f1igo, es obligado a dimitir. Juan Manuel Frutos asume interinamente la presidencia hasta la investidura de Natalicio Gonz\u00e1lez.<\/p>\n<p style=\"text-align: justify;\">1951.- Se aprueba en refer\u00e9ndum la Ley 600, que confiere a Puerto Rico el derecho de organizar un gobierno basado en una Constituci\u00f3n propia.<\/p>\n<p style=\"text-align: justify;\">1952.- Per\u00f3n toma posesi\u00f3n de la presidencia de Argentina tras su reelecci\u00f3n.<\/p>\n<p style=\"text-align: justify;\">1952.- Nace Luis Moreno Ocampo, jurista argentino.<\/p>\n<p style=\"text-align: justify;\">1954.- Firma del tratado por el que Francia reconoce la independencia de Vietnam.<\/p>\n<p style=\"text-align: justify;\">1969.- Mueren 100 estudiantes durante una manifestaci\u00f3n en el Congo reprimida por el Ej\u00e9rcito de Mobutu.<\/p>\n<p style=\"text-align: justify;\">1975.- Nace Angelina Jolie, actriz estadounidense.<\/p>\n<p style=\"text-align: justify;\">1989.- Elecciones en Polonia. Victoria de Solidaridad.<\/p>\n<p style=\"text-align: justify;\">1993.- El senador Ram\u00f3n Jos\u00e9 Vel\u00e1squez es elegido presidente de Venezuela con el 80 % de los votos del Congreso.<\/p>\n<p style=\"text-align: justify;\">1996.- El escritor espa\u00f1ol Jorge Sempr\u00fan es elegido miembro de la Academia Goncourt, lo que le convierte en el primer extranjero en ingresar en esa instituci\u00f3n gala.<\/p>\n<p style=\"text-align: justify;\">2001.- El pr\u00edncipe Gyanendra es coronado nuevo rey de Nepal.<\/p>\n<p style=\"text-align: justify;\">2002.- El cineasta Woody Allen gana el Pr\u00edncipe de Asturias de las Artes.<\/p>\n<p style=\"text-align: justify;\">2002.- Muere Fernando Bela\u00fande Terry, ex presidente peruano.<\/p>\n<p style=\"text-align: justify;\">2009.- Muere David Carradine, actor estadounidense.<\/p>\n<p style=\"text-align: justify;\">2010.- Mueren 117 personas en el incendio que arras\u00f3 el casco viejo de Dacca, antigua capital de Bangladesh.<\/p>\n<p style=\"text-align: justify;\">2011.- El Ej\u00e9rcito colombiano abate a Alirio Rojas Bocanegra, alias \u00abEl Abuelo\u00bb, mano derecha del m\u00e1ximo jefe de las FARC.<\/p>\n<p style=\"text-align: justify;\">2011.- Entra en erupci\u00f3n el volc\u00e1n Puyehue en el sur de Chile. El Gobierno ordena la evacuaci\u00f3n de 3.500 personas de los alrededores.<\/p>\n<p style=\"text-align: justify;\">2012.- La Organizaci\u00f3n de Estados Americanos aprueba la \u00abCarta Social de las Am\u00e9ricas\u00bb para promover los derechos colectivos.<\/p>\n<p style=\"text-align: justify;\">2012.- Luka Rocco Magnotta, conocido como \u00abel descuartizador de Canad\u00e1\u00bb, es detenido en Berl\u00edn.<\/p>\n<p style=\"text-align: justify;\">2012.- Muere Rodolfo Quezada Toru\u00f1o, cardenal guatemalteco.<\/p>\n<p style=\"text-align: justify;\">2012.- Muere Eduard Hill \u00abTrololoman\u00bb, cantante ruso.<\/p>\n<p style=\"text-align: justify;\">2013.- La ONU confirma el uso de armas qu\u00edmicas en Siria<\/p>\n","protected":false},"excerpt":{"rendered":"<p>Un d\u00eda 4 de junio como hoy, pero de 1989, el Ej\u00e9rcito de China dispara indiscriminadamente contra la multitud que ocupa la plaza de Tianamen, en Pek\u00edn, causando decenas de muertos y cientos de heridos.<\/p>\n","protected":false},"author":6,"featured_media":23406,"comment_status":"open","ping_status":"open","sticky":false,"template":"","format":"standard","meta":{"_acf_changed":false,"_monsterinsights_skip_tracking":false,"slim_seo":{"title":"Efem\u00e9rides 4 de junio - Opini\u00f3n P\u00fablica","description":"Un d\u00eda 4 de junio como hoy, pero de 1989, el Ej\u00e9rcito de China dispara indiscriminadamente contra la multitud que ocupa la plaza de Tianamen, en Pek\u00edn, causando"},"footnotes":""},"categories":[27],"tags":[],"class_list":["post-23407","post","type-post","status-publish","format-standard","has-post-thumbnail","hentry","category-un-dia-como-hoy"],"acf":[],"_links":{"self":[{"href":"https:\/\/www.opinionpublica.tv\/portada\/wp-json\/wp\/v2\/posts\/23407","targetHints":{"allow":["GET"]}}],"collection":[{"href":"https:\/\/www.opinionpublica.tv\/portada\/wp-json\/wp\/v2\/posts"}],"about":[{"href":"https:\/\/www.opinionpublica.tv\/portada\/wp-json\/wp\/v2\/types\/post"}],"author":[{"embeddable":true,"href":"https:\/\/www.opinionpublica.tv\/portada\/wp-json\/wp\/v2\/users\/6"}],"replies":[{"embeddable":true,"href":"https:\/\/www.opinionpublica.tv\/portada\/wp-json\/wp\/v2\/comments?post=23407"}],"version-history":[{"count":0,"href":"https:\/\/www.opinionpublica.tv\/portada\/wp-json\/wp\/v2\/posts\/23407\/revisions"}],"wp:featuredmedia":[{"embeddable":true,"href":"https:\/\/www.opinionpublica.tv\/portada\/wp-json\/wp\/v2\/media\/23406"}],"wp:attachment":[{"href":"https:\/\/www.opinionpublica.tv\/portada\/wp-json\/wp\/v2\/media?parent=23407"}],"wp:term":[{"taxonomy":"category","embeddable":true,"href":"https:\/\/www.opinionpublica.tv\/portada\/wp-json\/wp\/v2\/categories?post=23407"},{"taxonomy":"post_tag","embeddable":true,"href":"https:\/\/www.opinionpublica.tv\/portada\/wp-json\/wp\/v2\/tags?post=23407"}],"curies":[{"name":"wp","href":"https:\/\/api.w.org\/{rel}","templated":true}]}}